{"id":85184,"date":"2023-11-07T09:12:25","date_gmt":"2023-11-07T12:12:25","guid":{"rendered":"https:\/\/catolicanet.net\/wp-cnet\/?p=85184"},"modified":"2023-11-07T11:13:14","modified_gmt":"2023-11-07T14:13:14","slug":"conselho-organiza-congresso-preparatorio-para-a-celebracao-dos-500-anos-do-nascimento-de-sao-benedito","status":"publish","type":"post","link":"https:\/\/catolicanet.net\/wp-cnet\/conselho-organiza-congresso-preparatorio-para-a-celebracao-dos-500-anos-do-nascimento-de-sao-benedito\/","title":{"rendered":"CONSELHO ORGANIZA CONGRESSO PREPARAT\u00d3RIO PARA A CELEBRA\u00c7\u00c3O DOS 500 ANOS DO NASCIMENTO DE S\u00c3O BENEDITO"},"content":{"rendered":"<p style=\"text-align: justify;\">Nos dias 4 e 5 de novembro na cidade de Cunha, em S\u00e3o Paulo, o Conselho Nacional das Irmandades de S\u00e3o Benedito do Brasil (Conisb), que \u00e9 acompanhado pela Comiss\u00e3o Episcopal para o Laicato da Confer\u00eancia Nacional dos Bispos do Brasil (CNBB), realizou o Congresso preparat\u00f3rio para a celebra\u00e7\u00e3o dos 500 anos do nascimento de S\u00e3o Benedito cujo tema ser\u00e1: \u201cRumo aos 500 anos, com S\u00e3o Benedito vivendo uma igreja sinodal\u201d.<\/p>\n<blockquote><p>\u201cEste Congresso tem a inten\u00e7\u00e3o de apresentar a vida de um santo que n\u00e3o se destacou por seus m\u00e9ritos de pregador, nem de grande pensador ou te\u00f3logo. \u00c9 um Santo humilde, de cor negra, filho de escravos e que nem foi sagrado sacerdote\u201d, afirma o Conselho.<\/p>\n<figure id=\"attachment_954546\" class=\"wp-caption aligncenter\" aria-describedby=\"caption-attachment-954546\"><img loading=\"lazy\" decoding=\"async\" class=\"wp-image-954546 size-large\" src=\"https:\/\/www.cnbb.org.br\/wp-content\/uploads\/2023\/11\/WhatsApp-Image-2023-11-06-at-10.54.56-1-1024x461.jpeg\" sizes=\"auto, (max-width: 1024px) 100vw, 1024px\" srcset=\"https:\/\/www.cnbb.org.br\/wp-content\/uploads\/2023\/11\/WhatsApp-Image-2023-11-06-at-10.54.56-1-1024x461.jpeg 1024w, https:\/\/www.cnbb.org.br\/wp-content\/uploads\/2023\/11\/WhatsApp-Image-2023-11-06-at-10.54.56-1-300x135.jpeg 300w, https:\/\/www.cnbb.org.br\/wp-content\/uploads\/2023\/11\/WhatsApp-Image-2023-11-06-at-10.54.56-1-768x346.jpeg 768w, https:\/\/www.cnbb.org.br\/wp-content\/uploads\/2023\/11\/WhatsApp-Image-2023-11-06-at-10.54.56-1-1536x692.jpeg 1536w, https:\/\/www.cnbb.org.br\/wp-content\/uploads\/2023\/11\/WhatsApp-Image-2023-11-06-at-10.54.56-1-500x225.jpeg 500w, https:\/\/www.cnbb.org.br\/wp-content\/uploads\/2023\/11\/WhatsApp-Image-2023-11-06-at-10.54.56-1.jpeg 1600w\" alt=\"\" width=\"1024\" height=\"461\" \/><figcaption id=\"caption-attachment-954546\" class=\"wp-caption-text\">Conselho reunido em S\u00e3o Paulo<\/figcaption><\/figure>\n<\/blockquote>\n<h3 style=\"text-align: justify;\"><strong>O Conselho<\/strong><\/h3>\n<p style=\"text-align: justify;\">No dia 8 de outubro de 1989 surgia o Conselho Regional de Irmandades de S\u00e3o Benedito na cidade de Sorocaba, em S\u00e3o Paulo, com a presen\u00e7a de representantes das Irmandades de S\u00e3o Benedito de Cerquilho, Itu, Laranjal Paulista, Casa Verde (S\u00e3o Paulo), Catedral e Bom Jesus dos Aflitos (de Sorocaba), Santos e Tiet\u00ea.<\/p>\n<p style=\"text-align: justify;\">Salvador Ruiz Ramires, de Itu, exp\u00f4s suas ideias de criar o Conselho Regional das Irmandades de S\u00e3o Benedito, que foi aceito por unanimidade. Nessa ocasi\u00e3o foi eleito Darcy Tim\u00f3teo de Oliveira (da ISB Bom Jesus de Sorocaba) para ser o coordenador da equipe formadora do CRISB e este escolheu os senhores Clemente de Campos Filho (da ISB de Laranjal Paulista), Rodolpho Rossi (da ISB de Santos) e Salvador Ruiz Ramires (da ISB de Itu) para auxili\u00e1-lo.<\/p>\n<p style=\"text-align: justify;\">Em 1990, na cidade de Santos foi efetuado um novo encontro onde se oficializou o nome dos componentes da primeira diretoria e se estabeleceu a sauda\u00e7\u00e3o \u201cpaz\u201d e \u201cbem\u201d como cumprimento oficial dos membros das Irmandades, pois S\u00e3o Benedito foi da Ordem Franciscana.<\/p>\n<p style=\"text-align: justify;\">Na cidade de Itu em 20 de outubro de 1991 come\u00e7ou\u2013se a definir mais claramente a forma de atua\u00e7\u00e3o e os objetivos do Conselho. Foi apresentado um estudo para a cria\u00e7\u00e3o do Estatuto do CRISB. Nestes 34 anos o Conselho ultrapassou os limites do estado e foi para Minas Gerais, Rio de Janeiro, Bahia, Alagoas, Sergipe e Par\u00e1. Por isso, o Conselho passou a ser nacional e assumiu a denomina\u00e7\u00e3o de Conselho Nacional de Irmandades de S\u00e3o Benedito, o Conisb.<\/p>\n<p style=\"text-align: justify;\">Nesses anos o Conselho j\u00e1 realizou vinte e dois congressos nacionais e dez romarias ao Santu\u00e1rio de Nossa Senhora Aparecida. Se fortaleceu e tem a preocupa\u00e7\u00e3o de manter a unidade entre as Irmandades, suas tradi\u00e7\u00f5es e a devo\u00e7\u00e3o a S\u00e3o Benedito bem como a evangeliza\u00e7\u00e3o de seus membros, de acordo com as orienta\u00e7\u00f5es atuais da Igreja Cat\u00f3lica Apost\u00f3lica Romana.<\/p>\n<blockquote><p>\u2018Estamos cientes das responsabilidades e esperan\u00e7as atribu\u00eddas aos leigos, manifestadas nos diversos documentos da nossa Santa Igreja\u201d, afirma o Conselho.<\/p><\/blockquote>\n<h3 style=\"text-align: justify;\"><strong>S\u00e3o Benedito<\/strong><\/h3>\n<p style=\"text-align: justify;\">\u00c9 no per\u00edodo do fim da chamada Idade M\u00e9dia que ele vive. Uma vida de ora\u00e7\u00e3o, servi\u00e7o e mod\u00e9stia, nada mais. Um homem simples, analfabeto, rico da gra\u00e7a de Deus que, por tudo isso, consegue despertar no povo humilde que com ele se identifica a esperan\u00e7a de uma vida digna e santa.<\/p>\n<p style=\"text-align: justify;\">J\u00e1 em vida realiza muitos milagres, conforme o processo de sua canoniza\u00e7\u00e3o cont\u00e9m. \u00c9 aclamado, como patrono de Palermo e tem at\u00e9 no Brasil muitos devotos, mesmo antes da sua canoniza\u00e7\u00e3o que foi em 1807. Uma vida humilde e casta, plena de sabedoria e entrega total.<\/p>\n<pre>Com informa\u00e7\u00f5es do Conisb<\/pre>\n","protected":false},"excerpt":{"rendered":"<p>Nos dias 4 e 5 de novembro na cidade de Cunha, em S\u00e3o Paulo, o Conselho Nacional das Irmandades de S\u00e3o Benedito do Brasil (Conisb), que \u00e9 acompanhado pela Comiss\u00e3o Episcopal para o Laicato da Confer\u00eancia Nacional dos Bispos do Brasil (CNBB), realizou o Congresso preparat\u00f3rio para a celebra\u00e7\u00e3o dos 500 anos do nascimento de [&hellip;]<\/p>\n","protected":false},"author":1,"featured_media":85185,"comment_status":"open","ping_status":"closed","sticky":false,"template":"","format":"standard","meta":{"footnotes":""},"categories":[7],"tags":[],"class_list":["post-85184","post","type-post","status-publish","format-standard","has-post-thumbnail","hentry","category-cnbb"],"_links":{"self":[{"href":"https:\/\/catolicanet.net\/wp-cnet\/wp-json\/wp\/v2\/posts\/85184","targetHints":{"allow":["GET"]}}],"collection":[{"href":"https:\/\/catolicanet.net\/wp-cnet\/wp-json\/wp\/v2\/posts"}],"about":[{"href":"https:\/\/catolicanet.net\/wp-cnet\/wp-json\/wp\/v2\/types\/post"}],"author":[{"embeddable":true,"href":"https:\/\/catolicanet.net\/wp-cnet\/wp-json\/wp\/v2\/users\/1"}],"replies":[{"embeddable":true,"href":"https:\/\/catolicanet.net\/wp-cnet\/wp-json\/wp\/v2\/comments?post=85184"}],"version-history":[{"count":1,"href":"https:\/\/catolicanet.net\/wp-cnet\/wp-json\/wp\/v2\/posts\/85184\/revisions"}],"predecessor-version":[{"id":85186,"href":"https:\/\/catolicanet.net\/wp-cnet\/wp-json\/wp\/v2\/posts\/85184\/revisions\/85186"}],"wp:featuredmedia":[{"embeddable":true,"href":"https:\/\/catolicanet.net\/wp-cnet\/wp-json\/wp\/v2\/media\/85185"}],"wp:attachment":[{"href":"https:\/\/catolicanet.net\/wp-cnet\/wp-json\/wp\/v2\/media?parent=85184"}],"wp:term":[{"taxonomy":"category","embeddable":true,"href":"https:\/\/catolicanet.net\/wp-cnet\/wp-json\/wp\/v2\/categories?post=85184"},{"taxonomy":"post_tag","embeddable":true,"href":"https:\/\/catolicanet.net\/wp-cnet\/wp-json\/wp\/v2\/tags?post=85184"}],"curies":[{"name":"wp","href":"https:\/\/api.w.org\/{rel}","templated":true}]}}