{"id":85121,"date":"2023-11-06T09:42:27","date_gmt":"2023-11-06T12:42:27","guid":{"rendered":"https:\/\/catolicanet.net\/wp-cnet\/?p=85121"},"modified":"2023-11-06T09:42:27","modified_gmt":"2023-11-06T12:42:27","slug":"seminaristas-do-regional-nordeste-5-realizam-xiii-acao-missionaria","status":"publish","type":"post","link":"https:\/\/catolicanet.net\/wp-cnet\/seminaristas-do-regional-nordeste-5-realizam-xiii-acao-missionaria\/","title":{"rendered":"SEMINARISTAS DO REGIONAL NORDESTE 5 REALIZAM XIII A\u00c7\u00c3O MISSION\u00c1RIA"},"content":{"rendered":"<p id=\"viewer-alj19\" class=\"xVISr Y9Dpf bCMSCT OZy-3 _40ACk Ecq9kg bCMSCT public-DraftStyleDefault-block-depth0 fixed-tab-size public-DraftStyleDefault-text-ltr\" style=\"text-align: justify;\"><span class=\"B2EFF public-DraftStyleDefault-ltr\">De 26 a 29 de outubro, os seminaristas do regional Nordeste 5 da CNBB, atrav\u00e9s do Conselho Mission\u00e1rio dos Seminaristas, realizaram sua XIII A\u00e7\u00e3o Mission\u00e1ria com o tema \u201cCora\u00e7\u00f5es ardentes, p\u00e9s a caminho\u201d (cf. Lc 24, 32-33). O momento tamb\u00e9m marcou os 15 anos de miss\u00e3o do Comise no Maranh\u00e3o.<\/span><\/p>\n<p id=\"viewer-4r3kj\" class=\"xVISr Y9Dpf bCMSCT OZy-3 _40ACk Ecq9kg bCMSCT public-DraftStyleDefault-block-depth0 fixed-tab-size public-DraftStyleDefault-text-ltr\" style=\"text-align: justify;\"><span class=\"B2EFF public-DraftStyleDefault-ltr\">Esta edi\u00e7\u00e3o foi realizada no munic\u00edpio de Urbano Santos (MA) com a participa\u00e7\u00e3o de seminaristas de todas as dioceses que comp\u00f5em a Igreja no Maranh\u00e3o, e marca um retorno da A\u00e7\u00e3o, ap\u00f3s da pandemia do Covid-19.<\/span><\/p>\n<p id=\"viewer-1achf\" class=\"xVISr Y9Dpf bCMSCT OZy-3 _40ACk Ecq9kg bCMSCT public-DraftStyleDefault-block-depth0 fixed-tab-size public-DraftStyleDefault-text-ltr\" style=\"text-align: justify;\"><span class=\"B2EFF public-DraftStyleDefault-ltr\">A abertura da a\u00e7\u00e3o mission\u00e1ria ocorreu com a presen\u00e7a de dom Valdeci Santos Mendes, bispo de Brejo. Dom Valentim Meneses, bispo de Balsas e referencial para A\u00e7\u00e3o Mission\u00e1ria no regional Nordeste 5, celebrou a santa missa, na noite do s\u00e1bado, que foi antecedida por uma grande caminhada. J\u00e1 no domingo, 29 pela manh\u00e3, os seminaristas participaram da celebra\u00e7\u00e3o de encerramento com a presen\u00e7a da comunidade paroquial de Nossa Senhora da Natividade.<\/span><\/p>\n<p style=\"text-align: justify;\">Confira a not\u00edcia\u00a0<a href=\"https:\/\/www.cnbbne5.org\/post\/seminaristas-do-regional-ne5-realizam-xiii-a%C3%A7%C3%A3o-mission%C3%A1ria\" target=\"_blank\" rel=\"noopener\">na \u00edntegra no site do regional Nordeste 5<\/a>.<\/p>\n","protected":false},"excerpt":{"rendered":"<p>De 26 a 29 de outubro, os seminaristas do regional Nordeste 5 da CNBB, atrav\u00e9s do Conselho Mission\u00e1rio dos Seminaristas, realizaram sua XIII A\u00e7\u00e3o Mission\u00e1ria com o tema \u201cCora\u00e7\u00f5es ardentes, p\u00e9s a caminho\u201d (cf. Lc 24, 32-33). O momento tamb\u00e9m marcou os 15 anos de miss\u00e3o do Comise no Maranh\u00e3o. Esta edi\u00e7\u00e3o foi realizada no [&hellip;]<\/p>\n","protected":false},"author":1,"featured_media":85122,"comment_status":"open","ping_status":"closed","sticky":false,"template":"","format":"standard","meta":{"footnotes":""},"categories":[7],"tags":[],"class_list":["post-85121","post","type-post","status-publish","format-standard","has-post-thumbnail","hentry","category-cnbb"],"_links":{"self":[{"href":"https:\/\/catolicanet.net\/wp-cnet\/wp-json\/wp\/v2\/posts\/85121","targetHints":{"allow":["GET"]}}],"collection":[{"href":"https:\/\/catolicanet.net\/wp-cnet\/wp-json\/wp\/v2\/posts"}],"about":[{"href":"https:\/\/catolicanet.net\/wp-cnet\/wp-json\/wp\/v2\/types\/post"}],"author":[{"embeddable":true,"href":"https:\/\/catolicanet.net\/wp-cnet\/wp-json\/wp\/v2\/users\/1"}],"replies":[{"embeddable":true,"href":"https:\/\/catolicanet.net\/wp-cnet\/wp-json\/wp\/v2\/comments?post=85121"}],"version-history":[{"count":1,"href":"https:\/\/catolicanet.net\/wp-cnet\/wp-json\/wp\/v2\/posts\/85121\/revisions"}],"predecessor-version":[{"id":85123,"href":"https:\/\/catolicanet.net\/wp-cnet\/wp-json\/wp\/v2\/posts\/85121\/revisions\/85123"}],"wp:featuredmedia":[{"embeddable":true,"href":"https:\/\/catolicanet.net\/wp-cnet\/wp-json\/wp\/v2\/media\/85122"}],"wp:attachment":[{"href":"https:\/\/catolicanet.net\/wp-cnet\/wp-json\/wp\/v2\/media?parent=85121"}],"wp:term":[{"taxonomy":"category","embeddable":true,"href":"https:\/\/catolicanet.net\/wp-cnet\/wp-json\/wp\/v2\/categories?post=85121"},{"taxonomy":"post_tag","embeddable":true,"href":"https:\/\/catolicanet.net\/wp-cnet\/wp-json\/wp\/v2\/tags?post=85121"}],"curies":[{"name":"wp","href":"https:\/\/api.w.org\/{rel}","templated":true}]}}