{"id":85049,"date":"2023-10-31T10:04:58","date_gmt":"2023-10-31T13:04:58","guid":{"rendered":"https:\/\/catolicanet.net\/wp-cnet\/?p=85049"},"modified":"2023-10-31T15:06:12","modified_gmt":"2023-10-31T18:06:12","slug":"por-que-os-demonios-estao-atras-de-nos","status":"publish","type":"post","link":"https:\/\/catolicanet.net\/wp-cnet\/por-que-os-demonios-estao-atras-de-nos\/","title":{"rendered":"Por que os dem\u00f4nios est\u00e3o atr\u00e1s de n\u00f3s?"},"content":{"rendered":"<p style=\"text-align: justify;\"><span class=\"subtitle\">Os dem\u00f4nios certamente podem causar estragos no mundo,\u00a0mas somente se os seres humanos cooperarem com eles\u00a0<\/span><\/p>\n<p style=\"text-align: justify;\">Atradi\u00e7\u00e3o b\u00edblica (escrita e oral, can\u00f4nica e ap\u00f3crifa) entende que Satan\u00e1s n\u00e3o est\u00e1 sozinho em sua miss\u00e3o de tentar, prejudicar e desencaminhar a humanidade.\u00a0Ele est\u00e1 acompanhado por dem\u00f4nios \u2013 esp\u00edritos malignos, cuja miss\u00e3o principal \u00e9 perturbar o prop\u00f3sito das vidas humanas.<\/p>\n<p style=\"text-align: justify;\">O\u00a0\u00a0Catecismo da Igreja Cat\u00f3lica\u00a0explica: \u201cPor detr\u00e1s da op\u00e7\u00e3o de desobedi\u00eancia dos nossos primeiros pais, h\u00e1 uma voz sedutora, oposta a Deus, a qual, por inveja, os faz cair na morte. A Escritura e a Tradi\u00e7\u00e3o da Igreja v\u00eaem neste ser um anjo deca\u00eddo, chamado Satan\u00e1s ou Diabo. Segundo o ensinamento da Igreja, ele foi primeiro um anjo bom, criado por Deus.\u00a0<em>\u00abDiabolus enim et alii daemones a Deo quidem natura creati sunt boni, sed ipsi per se facti sunt mali \u2013<\/em>De fato, o Diabo e os outros dem\u00f4nios foram por Deus criados naturalmente bons; mas eles, por si, \u00e9 que se fizeram maus\u00bb\u201d (CIC 391-392).<\/p>\n<p style=\"text-align: justify;\">O livro do Apocalipse apoia esta no\u00e7\u00e3o de que\u00a0Satan\u00e1s n\u00e3o estava sozinho em sua rebeli\u00e3o contra Deus:<\/p>\n<blockquote class=\"wp-block-quote\"><p>\u201cHouve uma batalha no c\u00e9u. Miguel e seus anjos tiveram de combater o Drag\u00e3o. O Drag\u00e3o e seus anjos travaram combate, mas n\u00e3o prevaleceram. E j\u00e1 n\u00e3o houve lugar no c\u00e9u para eles. Foi ent\u00e3o precipitado o grande Drag\u00e3o, a primitiva Serpente, chamado Dem\u00f4nio e Satan\u00e1s, o sedutor do mundo inteiro. Foi precipitado na terra, e com ele os seus anjos.\u201d<\/p>\n<p><cite>Apocalipse 12,7-9<\/cite><\/p><\/blockquote>\n<p style=\"text-align: justify;\">Acredita-se que\u00a0exista um grande n\u00famero de anjos no C\u00e9u, um n\u00famero que a mente humana simplesmente n\u00e3o consegue compreender.\u00a0Com isso em mente, o n\u00famero de anjos ca\u00eddos (uma ter\u00e7a parte de um corpo praticamente inumer\u00e1vel) n\u00e3o pode ser considerado pequeno.<\/p>\n<p style=\"text-align: justify;\">Demonologistas, te\u00f3logos e outros especialistas b\u00edblicos argumentaram que esta pode ser uma das raz\u00f5es que explicam a propaga\u00e7\u00e3o da influ\u00eancia de Satan\u00e1s por todo o mundo.<\/p>\n<p style=\"text-align: justify;\">As tradi\u00e7\u00f5es monote\u00edstas abra\u00e2micas compreenderam, ent\u00e3o, que desde esta queda inicial no in\u00edcio da cria\u00e7\u00e3o, Satan\u00e1s e os seus dem\u00f4nios t\u00eam os humanos na sua mira.\u00a0O livro do Apocalipse explica novamente que o drag\u00e3o \u201cse irritou contra a Mulher e foi fazer guerra ao resto de sua descend\u00eancia, aos que guardam os mandamentos de Deus e t\u00eam o testemunho de Jesus\u201d (Apocalipse 12,17).<\/p>\n<p style=\"text-align: justify;\">Na B\u00edblia, os humanos s\u00e3o concebidos como a p\u00e9rola da cria\u00e7\u00e3o de Deus.\u00a0Satan\u00e1s, por outro lado, \u00e9 apresentado constantemente fazendo tudo o que est\u00e1 ao seu alcance para destruir aquela p\u00e9rola.\u00a0Isto significa tentar os seres humanos, levando-os \u00e0 destrui\u00e7\u00e3o, a fazer escolhas erradas que fomentam um esp\u00edrito de rebeli\u00e3o nos seus cora\u00e7\u00f5es.\u00a0O objetivo final de Satan\u00e1s consiste em levar os humanos a rejeitar totalmente a Deus,\u00a0juntando-se a ele na sua mis\u00e9ria eterna.<\/p>\n<p style=\"text-align: justify;\">Mas a teologia tamb\u00e9m traz boas not\u00edcias:\u00a0os dem\u00f4nios est\u00e3o longe de ter poder infinito e s\u00e3o tecnicamente bastante inofensivos para uma alma em uni\u00e3o com Deus.\u00a0Eles n\u00e3o podem fazer nada al\u00e9m de assustar e tentar, enquanto os seres humanos podem certamente invocar o poder de Deus para expuls\u00e1-los de suas vidas.<\/p>\n<p style=\"text-align: justify;\">Eles s\u00e3o totalmente impotentes quando comparados \u00e0 majestade e gl\u00f3ria de Deus.\u00a0Os dem\u00f4nios certamente podem causar estragos no mundo,\u00a0mas somente se os seres humanos cooperarem com eles.\u00a0V\u00e1rios relatos hagiogr\u00e1ficos diferentes de encontros com esses esp\u00edritos ca\u00eddos concordam em apresentar os dem\u00f4nios como fugindo covardemente daqueles que buscam a gra\u00e7a de Deus.<\/p>\n","protected":false},"excerpt":{"rendered":"<p>Os dem\u00f4nios certamente podem causar estragos no mundo,\u00a0mas somente se os seres humanos cooperarem com eles\u00a0 Atradi\u00e7\u00e3o b\u00edblica (escrita e oral, can\u00f4nica e ap\u00f3crifa) entende que Satan\u00e1s n\u00e3o est\u00e1 sozinho em sua miss\u00e3o de tentar, prejudicar e desencaminhar a humanidade.\u00a0Ele est\u00e1 acompanhado por dem\u00f4nios \u2013 esp\u00edritos malignos, cuja miss\u00e3o principal \u00e9 perturbar o prop\u00f3sito das [&hellip;]<\/p>\n","protected":false},"author":1,"featured_media":85050,"comment_status":"open","ping_status":"closed","sticky":false,"template":"","format":"standard","meta":{"footnotes":""},"categories":[4],"tags":[],"class_list":["post-85049","post","type-post","status-publish","format-standard","has-post-thumbnail","hentry","category-cotidiano"],"_links":{"self":[{"href":"https:\/\/catolicanet.net\/wp-cnet\/wp-json\/wp\/v2\/posts\/85049","targetHints":{"allow":["GET"]}}],"collection":[{"href":"https:\/\/catolicanet.net\/wp-cnet\/wp-json\/wp\/v2\/posts"}],"about":[{"href":"https:\/\/catolicanet.net\/wp-cnet\/wp-json\/wp\/v2\/types\/post"}],"author":[{"embeddable":true,"href":"https:\/\/catolicanet.net\/wp-cnet\/wp-json\/wp\/v2\/users\/1"}],"replies":[{"embeddable":true,"href":"https:\/\/catolicanet.net\/wp-cnet\/wp-json\/wp\/v2\/comments?post=85049"}],"version-history":[{"count":1,"href":"https:\/\/catolicanet.net\/wp-cnet\/wp-json\/wp\/v2\/posts\/85049\/revisions"}],"predecessor-version":[{"id":85051,"href":"https:\/\/catolicanet.net\/wp-cnet\/wp-json\/wp\/v2\/posts\/85049\/revisions\/85051"}],"wp:featuredmedia":[{"embeddable":true,"href":"https:\/\/catolicanet.net\/wp-cnet\/wp-json\/wp\/v2\/media\/85050"}],"wp:attachment":[{"href":"https:\/\/catolicanet.net\/wp-cnet\/wp-json\/wp\/v2\/media?parent=85049"}],"wp:term":[{"taxonomy":"category","embeddable":true,"href":"https:\/\/catolicanet.net\/wp-cnet\/wp-json\/wp\/v2\/categories?post=85049"},{"taxonomy":"post_tag","embeddable":true,"href":"https:\/\/catolicanet.net\/wp-cnet\/wp-json\/wp\/v2\/tags?post=85049"}],"curies":[{"name":"wp","href":"https:\/\/api.w.org\/{rel}","templated":true}]}}