{"id":85045,"date":"2023-10-31T10:01:31","date_gmt":"2023-10-31T13:01:31","guid":{"rendered":"https:\/\/catolicanet.net\/wp-cnet\/?p=85045"},"modified":"2023-10-31T15:04:09","modified_gmt":"2023-10-31T18:04:09","slug":"natal-2023-no-vaticano-presepio-lembrara-o-primeiro-presepio-de-sao-francisco","status":"publish","type":"post","link":"https:\/\/catolicanet.net\/wp-cnet\/natal-2023-no-vaticano-presepio-lembrara-o-primeiro-presepio-de-sao-francisco\/","title":{"rendered":"Natal 2023 no Vaticano: Pres\u00e9pio lembrar\u00e1 o primeiro pres\u00e9pio de s\u00e3o Francisco"},"content":{"rendered":"<p style=\"text-align: justify;\">Papa Francisco contempla o pres\u00e9pio da pra\u00e7a de S\u00e3o Pedro ap\u00f3s a ora\u00e7\u00e3o das v\u00e9speras na noite do ano novo, 31 de dezembro de 2022. | Vatican Media.<\/p>\n<p style=\"text-align: justify;\">O pres\u00e9pio da Pra\u00e7a de S\u00e3o Pedro para o Natal de 2023 quer reviver o primeiro pres\u00e9pio vivo criado por s\u00e3o Francisco de Assis na It\u00e1lia no s\u00e9culo XIII, disse ontem (30) a Santa S\u00e9.<\/p>\n<p style=\"text-align: justify;\">O pres\u00e9pio do Vaticano, que todos os anos \u00e9 diferente, ser\u00e1 revelado numa cerim\u00f4nia na pra\u00e7a de S\u00e3o Pedro, no dia 9 de dezembro. A \u00e1rvore de Natal tamb\u00e9m ser\u00e1 acesa no mesmo evento.<\/p>\n<p style=\"text-align: justify;\">A \u00e1rvore de Natal e o pres\u00e9pio ficar\u00e3o no local durante todo o tempo do Natal at\u00e9 7 de janeiro de 2024, festa do Batismo do Senhor.<\/p>\n<p style=\"text-align: justify;\">As medita\u00e7\u00f5es de s\u00e3o Francisco sobre a vida de Cristo enquanto visitava a Terra Santa o levaram a criar uma representa\u00e7\u00e3o do nascimento de Jesus no Natal em Greccio, It\u00e1lia, em 1223. \u00c9 prov\u00e1vel que essa seja a origem do atual pres\u00e9pio de Natal.<\/p>\n<p style=\"text-align: justify;\">Os pres\u00e9pios do Vaticano na pra\u00e7a de S\u00e3o Pedro e na sala Paulo VI procurar\u00e3o \u201creviver a atmosfera do Natal de 1223 (\u2026) quando S\u00e3o Francisco, retornando de uma viagem \u00e0 Terra Santa, pediu para reencenar o nascimento de Jesus em uma cidade que o fizesse lembrar de Bel\u00e9m&#8221;, diz um comunicado de imprensa do Governatorato do Estado da Cidade do Vaticano.<\/p>\n<p style=\"text-align: justify;\">O Natal de 2023 marca 800 anos desde que s\u00e3o Francisco de Assis encenou o primeiro pres\u00e9pio na cidade montanhosa de Greccio, cerca de 50 quil\u00f4metros ao norte de Roma.<\/p>\n<p style=\"text-align: justify;\">Al\u00e9m das tradicionais figuras de Maria, Jos\u00e9, Menino Jesus, boi e burro, as est\u00e1tuas de terracota colorida em tamanho natural representar\u00e3o s\u00e3o Francisco e alguns dos personagens principais que o ajudaram a criar o primeiro pres\u00e9pio vivo.<\/p>\n<p style=\"text-align: justify;\">A estrutura por tr\u00e1s das figuras ser\u00e1 da rocha ainda presente no santu\u00e1rio cat\u00f3lico de Greccio e do afresco nela pintado. A paisagem do entorno e os quatro santu\u00e1rios franciscanos daquela zona tamb\u00e9m estar\u00e3o representados.<\/p>\n<p style=\"text-align: justify;\">O pres\u00e9pio dentro da sala Paulo VI, onde o papa Francisco faz as suas audi\u00eancias \u00e0s quartas-feiras com o p\u00fablico durante os meses de inverno do hemisf\u00e9rio norte, ser\u00e1 feita de milhares de pe\u00e7as de azulejos vidro veneziano.<\/p>\n<p style=\"text-align: justify;\">O abeto branco de 25 metros de altura que ser\u00e1 usado na \u00e1rvore de Natal do Vaticano vem dos Alpes italianos, perto da fronteira com a Fran\u00e7a.<\/p>\n<p style=\"text-align: justify;\">Em vez dos ornamentos tradicionais, a \u00e1rvore ser\u00e1 decorada com milhares de\u00a0<em>edelweiss<\/em>, uma flor branca da montanha que cresce nos Alpes e em outras \u00e1reas de grande altitude e tamb\u00e9m \u00e9 conhecida como \u201cflor das neves\u201d.<\/p>\n","protected":false},"excerpt":{"rendered":"<p>Papa Francisco contempla o pres\u00e9pio da pra\u00e7a de S\u00e3o Pedro ap\u00f3s a ora\u00e7\u00e3o das v\u00e9speras na noite do ano novo, 31 de dezembro de 2022. | Vatican Media. O pres\u00e9pio da Pra\u00e7a de S\u00e3o Pedro para o Natal de 2023 quer reviver o primeiro pres\u00e9pio vivo criado por s\u00e3o Francisco de Assis na It\u00e1lia no [&hellip;]<\/p>\n","protected":false},"author":1,"featured_media":85046,"comment_status":"open","ping_status":"closed","sticky":false,"template":"","format":"standard","meta":{"footnotes":""},"categories":[4,13],"tags":[],"class_list":["post-85045","post","type-post","status-publish","format-standard","has-post-thumbnail","hentry","category-cotidiano","category-featured"],"_links":{"self":[{"href":"https:\/\/catolicanet.net\/wp-cnet\/wp-json\/wp\/v2\/posts\/85045","targetHints":{"allow":["GET"]}}],"collection":[{"href":"https:\/\/catolicanet.net\/wp-cnet\/wp-json\/wp\/v2\/posts"}],"about":[{"href":"https:\/\/catolicanet.net\/wp-cnet\/wp-json\/wp\/v2\/types\/post"}],"author":[{"embeddable":true,"href":"https:\/\/catolicanet.net\/wp-cnet\/wp-json\/wp\/v2\/users\/1"}],"replies":[{"embeddable":true,"href":"https:\/\/catolicanet.net\/wp-cnet\/wp-json\/wp\/v2\/comments?post=85045"}],"version-history":[{"count":1,"href":"https:\/\/catolicanet.net\/wp-cnet\/wp-json\/wp\/v2\/posts\/85045\/revisions"}],"predecessor-version":[{"id":85047,"href":"https:\/\/catolicanet.net\/wp-cnet\/wp-json\/wp\/v2\/posts\/85045\/revisions\/85047"}],"wp:featuredmedia":[{"embeddable":true,"href":"https:\/\/catolicanet.net\/wp-cnet\/wp-json\/wp\/v2\/media\/85046"}],"wp:attachment":[{"href":"https:\/\/catolicanet.net\/wp-cnet\/wp-json\/wp\/v2\/media?parent=85045"}],"wp:term":[{"taxonomy":"category","embeddable":true,"href":"https:\/\/catolicanet.net\/wp-cnet\/wp-json\/wp\/v2\/categories?post=85045"},{"taxonomy":"post_tag","embeddable":true,"href":"https:\/\/catolicanet.net\/wp-cnet\/wp-json\/wp\/v2\/tags?post=85045"}],"curies":[{"name":"wp","href":"https:\/\/api.w.org\/{rel}","templated":true}]}}