{"id":85037,"date":"2023-10-31T09:56:39","date_gmt":"2023-10-31T12:56:39","guid":{"rendered":"https:\/\/catolicanet.net\/wp-cnet\/?p=85037"},"modified":"2023-10-31T14:58:21","modified_gmt":"2023-10-31T17:58:21","slug":"ficaram-saciados-dioceses-de-diferentes-regioes-do-brasil-celebram-o-dia-nacional-da-juventude","status":"publish","type":"post","link":"https:\/\/catolicanet.net\/wp-cnet\/ficaram-saciados-dioceses-de-diferentes-regioes-do-brasil-celebram-o-dia-nacional-da-juventude\/","title":{"rendered":"\u201cFICARAM SACIADOS\u201d: DIOCESES DE DIFERENTES REGI\u00d5ES DO BRASIL CELEBRAM O DIA NACIONAL DA JUVENTUDE"},"content":{"rendered":"<div id=\"ImagagemDestacada\" class=\"elementor-element elementor-element-1fe4726 elementor-widget elementor-widget-theme-post-featured-image elementor-widget-image\" data-id=\"1fe4726\" data-element_type=\"widget\" data-widget_type=\"theme-post-featured-image.default\">\n<div class=\"elementor-widget-container\">\n<div class=\"elementor-image\" style=\"text-align: justify;\"><img loading=\"lazy\" decoding=\"async\" class=\"alignleft\" src=\"https:\/\/jovensconectados.org.br\/wp-content\/uploads\/2023\/08\/DNJ-2023-CARTAZ-Lc-917-724x1024.png\" width=\"267\" height=\"378\" \/><\/div>\n<\/div>\n<\/div>\n<div class=\"elementor-element elementor-element-3a087bd2 elementor-widget elementor-widget-theme-post-content\" data-id=\"3a087bd2\" data-element_type=\"widget\" data-widget_type=\"theme-post-content.default\">\n<div class=\"elementor-widget-container\" style=\"text-align: justify;\">\n<p>A festa das juventudes foi celebrada neste domingo, 29 de outubro em v\u00e1rias localidades do Brasil. Dioceses de diferentes regi\u00f5es do pa\u00eds reuniram suas express\u00f5es juvenis para o Dia Nacional da Juventude (DNJ) que neste ano teve como lema \u201cE todos ficaram saciados\u201d (Lc 9, 17). A tem\u00e1tica refletida durante o DNJ 2023 seguiu a tradi\u00e7\u00e3o de aprofundar a reflex\u00e3o da Campanha da Fraternidade, neste ano sobre a fome.<\/p>\n<p>O bispo de Imperatriz (MA) e presidente da Comiss\u00e3o para a Juventude da CNBB,\u00a0<a href=\"https:\/\/www.instagram.com\/p\/Cy-8qXsO_5G\/\" target=\"_blank\" rel=\"noopener\">dom Vilsom Basso, saudou todas as dioceses, par\u00f3quias e comunidades<\/a>\u00a0que celebraram neste domingo, 29 de outubro, o Dia Nacional da Juventude: \u201cParab\u00e9ns pelo vosso testemunho, alegria e compromisso, jovem evangelizando jovem\u201d. Ele desejou que a celebra\u00e7\u00e3o do DNJ fosse \u201cum tempo de gra\u00e7a para as juventudes de nosso pa\u00eds\u201d.<\/p>\n<h3>Minas Gerais<\/h3>\n<p>Na<a href=\"https:\/\/guaxupe.org.br\/noticias\/dia-nacional-da-juventude-e-celebrado-no-santuario-de-santa-rita-em-cassia\" target=\"_blank\" rel=\"noopener\">\u00a0diocese de Guaxup\u00e9<\/a>, o evento foi realizado em C\u00e1ssia (MG), onde est\u00e1 localizado o Santu\u00e1rio Diocesano de Santa Rita. Os jovens participaram de uma manh\u00e3 com palestras e momentos de ora\u00e7\u00e3o. \u00c0 tarde, houve caminhada do gin\u00e1sio poliesportivo at\u00e9 o Santu\u00e1rio, onde foi realizada uma adora\u00e7\u00e3o ao Sant\u00edssimo Sacramento e a Missa.<\/p>\n<p><img decoding=\"async\" class=\"aligncenter\" src=\"https:\/\/guaxupe.org.br\/wp-content\/uploads\/2023\/10\/WhatsApp-Image-2023-10-25-at-15.24.05-1536x1023.jpeg\" \/><\/p>\n<h3>Amazonas<\/h3>\n<p>Em Manaus (AM), foi realizada uma vig\u00edlia para a celebra\u00e7\u00e3o do DNJ. A Eucaristia que deu in\u00edcio \u00e0s atividades foi presidida pelo bispo auxiliar, dom Tadeu Canavarros. O evento contou com momentos de anima\u00e7\u00e3o, louvor e adora\u00e7\u00e3o ao Sant\u00edssimo Sacramento.<\/p>\n<h3>Rio Grande do Sul<\/h3>\n<p>Na\u00a0<a href=\"https:\/\/www.diocesedeosorio.org\/dia-nacional-da-juventude-reuniu-o-rosto-jovem-da-igreja-na-vila-sao-joao-torres.html\" target=\"_blank\" rel=\"noopener\">Diocese de Os\u00f3rio, no Litoral Norte ga\u00facho, cerca de 800 participantes estiveram presentes na Vila S\u00e3o Jo\u00e3o<\/a>, em Torres (RS), para celebrar sua f\u00e9 e espiritualidade. Diversos grupos e movimentos juvenis de diferentes carismas estiveram presentes, al\u00e9m de membros das comiss\u00f5es diocesanas da Pastoral da Comunica\u00e7\u00e3o (Pascom), Comiss\u00e3o Mission\u00e1ria Diocesana (Comidi), Servi\u00e7o de Anima\u00e7\u00e3o Vocacional (SAV) e religiosas de algumas congrega\u00e7\u00f5es presentes na diocese.<\/p>\n<p>A programa\u00e7\u00e3o do DNJ incluiu uma manh\u00e3 animada com m\u00fasica, dan\u00e7as e brincadeiras, seguida por catequeses que abordaram temas relevantes do subs\u00eddio para o Dia Nacional da Juventude. Os jovens tamb\u00e9m participaram de um momento de adora\u00e7\u00e3o ao Sant\u00edssimo Sacramento na Igreja de S\u00e3o Jos\u00e9 Oper\u00e1rio. Houve ainda\u00a0um bate-papo sobre voca\u00e7\u00e3o, apresenta\u00e7\u00f5es culturais. O ponto alto do evento foi a missa presidida pelo bispo da diocese de Os\u00f3rio, dom Jaime Pedro Kohl.<\/p>\n<figure class=\"wp-caption aligncenter\"><img loading=\"lazy\" decoding=\"async\" src=\"https:\/\/www.diocesedeosorio.org\/wp-content\/uploads\/2023\/10\/DNJ-1.jpg\" alt=\"\" width=\"1600\" height=\"1066\" \/><figcaption class=\"wp-caption-text\">Foto: reprodu\u00e7\u00e3o\/diocese de Os\u00f3rio (RS)<\/figcaption><\/figure>\n<h3>Maranh\u00e3o<\/h3>\n<p>No\u00a0<a href=\"https:\/\/www.cnbbne5.org\/post\/para-fazer-ecoar-os-gritos-de-fome-juventudes-realizam-dnj-no-maranh%C3%A3o-com-louvor-e-solidariedade\" target=\"_blank\" rel=\"noopener\">Maranh\u00e3o, v\u00e1rias dioceses celebraram o DNJ<\/a>. Na diocese de Brejo, como gesto concreto, as juventudes elaboraram uma Carta Propositiva para o Governo do Estado. O objetivo \u00e9 fazer ecoar os gritos de fome do Baixo Parna\u00edba, em especial, Fome de Pol\u00edticas P\u00fablicas para a Juventude.<\/p>\n<p>Na arquidiocese de S\u00e3o Lu\u00eds, os jovens reuniram-se no\u00a0Convento das Merc\u00eas, onde tiveram momentos de anima\u00e7\u00e3o, palestras, celebra\u00e7\u00e3o e louvor. O DNJ para eles tamb\u00e9m foi marcado pela solidariedade. As juventudes ali reunidas conseguiram arrecadar alimentos n\u00e3o perec\u00edveis, e montaram cestas que j\u00e1 foram distribu\u00eddas para as comunidades carentes da grande S\u00e3o Lu\u00eds.<\/p>\n<p>No sul do Maranh\u00e3o, em Carolina, as juventudes percorrem com muita anima\u00e7\u00e3o ruas e avenidas da cidade. Em Graja\u00fa, Pinheiro e Viana, as juventudes reuniram-se para momentos de espiritualidade e anima\u00e7\u00e3o.<\/p>\n<p><img decoding=\"async\" src=\"https:\/\/static.wixstatic.com\/media\/f22384_434a0cbe064f499e9d52d6e9a06c9e26~mv2.jpg\" \/><\/p>\n<h3>Piau\u00ed<\/h3>\n<p>Na\u00a0<a href=\"https:\/\/cnbbne4.org.br\/milhares-de-jovens-celebram-dnj-em-4-cidades-da-diocese-de-campo-maior\/\" target=\"_blank\" rel=\"noopener\">Diocese de Campo Maior<\/a>, quatro cidades receberam o evento: Campo Maior, Barras, Alto Long\u00e1 e S\u00e3o Miguel do Tapuio.\u00a0O DNJ contou com anima\u00e7\u00e3o e louvor, catequese sobre a tem\u00e1tica deste ano, adora\u00e7\u00e3o ao Sant\u00edssimo Sacramento, caminhada e a celebra\u00e7\u00e3o da santa missa. O bispo diocesano de Campo Maior, dom Francisco de Assis Gabriel dos Santos, participou em Campo Maior. Ele destacou que celebrar o DNJ \u00e9 celebrar as lutas e as conquistas da juventude, celebrar a unidade entre as diversas express\u00f5es juvenis e a alegria do seguimento em Jesus Cristo.<\/p>\n<blockquote><p>\u201cO plano pastoral e mission\u00e1rio tamb\u00e9m visa motivar a juventude a assumir um papel evangelizador na Igreja e na sociedade, mas tamb\u00e9m incentivar a atua\u00e7\u00e3o dos jovens nas diversas inst\u00e2ncias governamentais e organiza\u00e7\u00f5es civis de reflex\u00e3o e elabora\u00e7\u00e3o de pol\u00edticas p\u00fablicas com o objetivo de promover a vida plena para todos\u201d, disse dom Francisco.<\/p><\/blockquote>\n<figure class=\"wp-caption aligncenter\"><img loading=\"lazy\" decoding=\"async\" src=\"https:\/\/cdn.cnbbne4.org.br\/wp-content\/uploads\/2023\/10\/dnj45.jpg\" alt=\"Dom Francisco de Assis, bispo diocesano, participou em Campo Maior. \" width=\"1920\" height=\"1280\" \/><figcaption class=\"wp-caption-text\">Dom Francisco de Assis, bispo diocesano, participou em Campo Maior | Foto: Ryan Andrade<\/figcaption><\/figure>\n<p>Ainda de acordo com dom Francisco, \u00e9 preciso um olhar atento aos jovens que ainda n\u00e3o tiveram o privil\u00e9gio de fazer uma experi\u00eancia de vida em Cristo e \u00e0queles que se encontram feridos pela desigualdade social t\u00e3o forte na atualidade: \u201cO papel dos jovens na miss\u00e3o da Igreja \u00e9 insubstitu\u00edvel. Mas precisamos ter um olhar especial para aqueles que ainda est\u00e3o fora dela. S\u00e3o muitas as situa\u00e7\u00f5es relativas \u00e0 viol\u00eancia, \u00e0s exclus\u00f5es e marginaliza\u00e7\u00f5es, \u00e0 tantas ang\u00fastias, fruto do descaso, do desemprego, da falta de oportunidades e, inclusive, da fome\u201d, falou.<\/p>\n<p>Outras dioceses do Brasil celebraram neste domingo e ainda h\u00e1 as igrejas particulares que devem realizar seus eventos nas pr\u00f3ximas semanas.\u00a0<a href=\"https:\/\/www.instagram.com\/jconectados\/\" target=\"_blank\" rel=\"noopener\">Confira alguns registros partilhados no Instagram pelos Jovens Conectados<\/a>.<\/p>\n<pre>Foto de capa: Ryan Andrade\/CNBB NE4<\/pre>\n<\/div>\n<\/div>\n","protected":false},"excerpt":{"rendered":"<p>A festa das juventudes foi celebrada neste domingo, 29 de outubro em v\u00e1rias localidades do Brasil. Dioceses de diferentes regi\u00f5es do pa\u00eds reuniram suas express\u00f5es juvenis para o Dia Nacional da Juventude (DNJ) que neste ano teve como lema \u201cE todos ficaram saciados\u201d (Lc 9, 17). A tem\u00e1tica refletida durante o DNJ 2023 seguiu a [&hellip;]<\/p>\n","protected":false},"author":1,"featured_media":85038,"comment_status":"open","ping_status":"closed","sticky":false,"template":"","format":"standard","meta":{"footnotes":""},"categories":[7],"tags":[],"class_list":["post-85037","post","type-post","status-publish","format-standard","has-post-thumbnail","hentry","category-cnbb"],"_links":{"self":[{"href":"https:\/\/catolicanet.net\/wp-cnet\/wp-json\/wp\/v2\/posts\/85037","targetHints":{"allow":["GET"]}}],"collection":[{"href":"https:\/\/catolicanet.net\/wp-cnet\/wp-json\/wp\/v2\/posts"}],"about":[{"href":"https:\/\/catolicanet.net\/wp-cnet\/wp-json\/wp\/v2\/types\/post"}],"author":[{"embeddable":true,"href":"https:\/\/catolicanet.net\/wp-cnet\/wp-json\/wp\/v2\/users\/1"}],"replies":[{"embeddable":true,"href":"https:\/\/catolicanet.net\/wp-cnet\/wp-json\/wp\/v2\/comments?post=85037"}],"version-history":[{"count":1,"href":"https:\/\/catolicanet.net\/wp-cnet\/wp-json\/wp\/v2\/posts\/85037\/revisions"}],"predecessor-version":[{"id":85039,"href":"https:\/\/catolicanet.net\/wp-cnet\/wp-json\/wp\/v2\/posts\/85037\/revisions\/85039"}],"wp:featuredmedia":[{"embeddable":true,"href":"https:\/\/catolicanet.net\/wp-cnet\/wp-json\/wp\/v2\/media\/85038"}],"wp:attachment":[{"href":"https:\/\/catolicanet.net\/wp-cnet\/wp-json\/wp\/v2\/media?parent=85037"}],"wp:term":[{"taxonomy":"category","embeddable":true,"href":"https:\/\/catolicanet.net\/wp-cnet\/wp-json\/wp\/v2\/categories?post=85037"},{"taxonomy":"post_tag","embeddable":true,"href":"https:\/\/catolicanet.net\/wp-cnet\/wp-json\/wp\/v2\/tags?post=85037"}],"curies":[{"name":"wp","href":"https:\/\/api.w.org\/{rel}","templated":true}]}}