{"id":84874,"date":"2023-10-24T09:40:36","date_gmt":"2023-10-24T12:40:36","guid":{"rendered":"https:\/\/catolicanet.net\/wp-cnet\/?p=84874"},"modified":"2023-10-24T11:43:00","modified_gmt":"2023-10-24T14:43:00","slug":"francisco-a-jnj-de-el-salvador-se-um-jovem-nao-se-mexe-se-enferruja","status":"publish","type":"post","link":"https:\/\/catolicanet.net\/wp-cnet\/francisco-a-jnj-de-el-salvador-se-um-jovem-nao-se-mexe-se-enferruja\/","title":{"rendered":"Francisco \u00e0 JNJ de El Salvador: se um jovem n\u00e3o se mexe, se enferruja!"},"content":{"rendered":"<figure class=\"article__image\" style=\"text-align: justify;\"><span class=\"didascalia_img\">Cartaz da Jornada Nacional da Juventude de El Salvador em 25 de novembro de 2023\u00a0<\/span><\/figure>\n<div class=\"article__meta audioInside\" data-mediatype=\"\">\n<div class=\"article__subTitle\" style=\"text-align: justify;\">Numa breve mensagem v\u00eddeo aos jovens de El Salvador que participar\u00e3o da pr\u00f3xima Jornada Nacional da Juventude (JNJ), em 25 de novembro, na cidade de Santa Ana, o Papa os convida a n\u00e3o ficarem em casa e a partilharem a f\u00e9.<\/div>\n<div class=\"title__separator\" style=\"text-align: justify;\"><\/div>\n<div class=\"article__text\">\n<p style=\"text-align: justify;\"><b>Vatican News<\/b><\/p>\n<p style=\"text-align: justify;\">&#8220;Vai, mexa-se, porque se um jovem n\u00e3o se mexe ele se enferruja e \u00e9 muito triste ver um jovem enferrujado.&#8221; Estas s\u00e3o as palavras do Papa Francisco, entrevistado na Sala Paulo VI para uma breve mensagem v\u00eddeo enviada aos mais de 15 mil jovens que participar\u00e3o da Jornada Nacional da Juventude (JNJ) de El Salvador, que se realizar\u00e1 no s\u00e1bado, 25 de novembro, na cidade de Santa Ana. Grupos, comunidades e paroquianos jovens salvadorenhos viralizaram a mensagem do Papa nas redes sociais, com um estimulante \u201c\u00c9 proibido ficar em casa\u201d.<\/p>\n<div style=\"text-align: justify;\">\n<div class=\"article__embed article__embed--unwrap article__embed--dark\">\n<div class=\"article__innerTitle\">Ou\u00e7a e compartilhe<\/div>\n<div>\n<!--[if lt IE 9]><script>document.createElement('audio');<\/script><![endif]-->\n<audio class=\"wp-audio-shortcode\" id=\"audio-84874-1\" preload=\"none\" style=\"width: 100%;\" controls=\"controls\"><source type=\"audio\/mpeg\" src=\"https:\/\/media.vaticannews.va\/media\/audio\/s1\/2023\/10\/24\/13\/137401174_F137401174.mp3?_=1\" \/><a href=\"https:\/\/media.vaticannews.va\/media\/audio\/s1\/2023\/10\/24\/13\/137401174_F137401174.mp3\">https:\/\/media.vaticannews.va\/media\/audio\/s1\/2023\/10\/24\/13\/137401174_F137401174.mp3<\/a><\/audio>\n<\/div>\n<\/div>\n<\/div>\n<h2 style=\"text-align: justify;\">Uma festa de voca\u00e7\u00e3o, perd\u00e3o e adora\u00e7\u00e3o<\/h2>\n<p style=\"text-align: justify;\">\u201cAlegres na esperan\u00e7a, Maria nos acompanha no caminho\u201d \u00e9 o lema da JNJ de El Salvador. A p\u00e1gina oficial da JNJ 2023 de El Salvador informa que, nesta celebra\u00e7\u00e3o da f\u00e9, os jovens salvadorenhos poder\u00e3o participar da Feira Vocacional, da Feira do Perd\u00e3o, da Santa Eucaristia e da Adora\u00e7\u00e3o Eucar\u00edstica, para concluir com um concerto intercalado com os testemunhos de v\u00e1rios membros da pastoral juvenil. Al\u00e9m disso, j\u00e1 foi publicado o hino da JNJ, intitulado: Maria nos acompanha!<\/p>\n<h2 style=\"text-align: justify;\">Os tr\u00eas patronos de honra<\/h2>\n<p style=\"text-align: justify;\">Tr\u00eas padroeiros de excel\u00eancia foram escolhidos para esses dias: S\u00e3o Jo\u00e3o Paulo II, S\u00e3o \u00d3scar Romero e o Beato Carlos Acutis que, junto com a Virgem Rainha da Paz, padroeira de El Salvador, interceder\u00e3o por esse \u00e1rduo trabalho e pelos frutos desse caminhar dos jovens na f\u00e9 e na miss\u00e3o.<\/p>\n<p style=\"text-align: justify;\">S\u00e3o Jo\u00e3o Paulo II &#8211; explicam os organizadores &#8211; porque, al\u00e9m de viajar pelo mundo levando uma mensagem de paz e reconcilia\u00e7\u00e3o, &#8220;seu amor pelos jovens o levou a iniciar as Jornadas Mundiais da Juventude em 1985, com um chamado constante: &#8220;N\u00e3o tenham medo de seguir Cristo!&#8221; A S\u00e3o \u00d3scar Romero, elevado aos altares em outubro de 5 anos atr\u00e1s, os jovens dirigir\u00e3o suas ora\u00e7\u00f5es pedindo intercess\u00e3o pelo pa\u00eds e pela Jornada Nacional da Juventude, porque, como diz a ora\u00e7\u00e3o dedicada ao santo, ele foi um pastor exemplar a servi\u00e7o da Igreja e, nela, preferencialmente dos pobres e necessitados.<\/p>\n<p style=\"text-align: justify;\">O terceiro padroeiro \u00e9 o Beato Carlos Acutis, cuja vida breve, de apenas 15 anos, foi repleta de grande devo\u00e7\u00e3o mariana e eucar\u00edstica e, sobretudo, pela capacidade de difundir a sua f\u00e9 aos jovens na internet atrav\u00e9s das redes sociais. Foi um jovem cat\u00f3lico que procurou viver toda a sua vida em profunda comunh\u00e3o e amizade com Jesus. Por isso, os jovens salvadorenhos lhe pedir\u00e3o que os acompanhe: D\u00e1-nos a coragem de ser verdadeiros crist\u00e3os em nosso celular, computador e na vida quotidiana!<\/p>\n<\/div>\n<\/div>\n","protected":false},"excerpt":{"rendered":"<p>Cartaz da Jornada Nacional da Juventude de El Salvador em 25 de novembro de 2023\u00a0 Numa breve mensagem v\u00eddeo aos jovens de El Salvador que participar\u00e3o da pr\u00f3xima Jornada Nacional da Juventude (JNJ), em 25 de novembro, na cidade de Santa Ana, o Papa os convida a n\u00e3o ficarem em casa e a partilharem a [&hellip;]<\/p>\n","protected":false},"author":1,"featured_media":84875,"comment_status":"open","ping_status":"closed","sticky":false,"template":"","format":"standard","meta":{"footnotes":""},"categories":[3],"tags":[],"class_list":["post-84874","post","type-post","status-publish","format-standard","has-post-thumbnail","hentry","category-vaticano"],"_links":{"self":[{"href":"https:\/\/catolicanet.net\/wp-cnet\/wp-json\/wp\/v2\/posts\/84874","targetHints":{"allow":["GET"]}}],"collection":[{"href":"https:\/\/catolicanet.net\/wp-cnet\/wp-json\/wp\/v2\/posts"}],"about":[{"href":"https:\/\/catolicanet.net\/wp-cnet\/wp-json\/wp\/v2\/types\/post"}],"author":[{"embeddable":true,"href":"https:\/\/catolicanet.net\/wp-cnet\/wp-json\/wp\/v2\/users\/1"}],"replies":[{"embeddable":true,"href":"https:\/\/catolicanet.net\/wp-cnet\/wp-json\/wp\/v2\/comments?post=84874"}],"version-history":[{"count":1,"href":"https:\/\/catolicanet.net\/wp-cnet\/wp-json\/wp\/v2\/posts\/84874\/revisions"}],"predecessor-version":[{"id":84876,"href":"https:\/\/catolicanet.net\/wp-cnet\/wp-json\/wp\/v2\/posts\/84874\/revisions\/84876"}],"wp:featuredmedia":[{"embeddable":true,"href":"https:\/\/catolicanet.net\/wp-cnet\/wp-json\/wp\/v2\/media\/84875"}],"wp:attachment":[{"href":"https:\/\/catolicanet.net\/wp-cnet\/wp-json\/wp\/v2\/media?parent=84874"}],"wp:term":[{"taxonomy":"category","embeddable":true,"href":"https:\/\/catolicanet.net\/wp-cnet\/wp-json\/wp\/v2\/categories?post=84874"},{"taxonomy":"post_tag","embeddable":true,"href":"https:\/\/catolicanet.net\/wp-cnet\/wp-json\/wp\/v2\/tags?post=84874"}],"curies":[{"name":"wp","href":"https:\/\/api.w.org\/{rel}","templated":true}]}}