{"id":84857,"date":"2023-10-22T08:00:06","date_gmt":"2023-10-22T11:00:06","guid":{"rendered":"https:\/\/catolicanet.net\/wp-cnet\/?p=84857"},"modified":"2023-10-20T15:57:19","modified_gmt":"2023-10-20T18:57:19","slug":"domingo-das-missoes","status":"publish","type":"post","link":"https:\/\/catolicanet.net\/wp-cnet\/domingo-das-missoes\/","title":{"rendered":"Domingo das Miss\u00f5es"},"content":{"rendered":"<p style=\"text-align: center;\"><em>\u201cIde(&#8230;) e pregai o Evangelho a toda a criatura\u201d. (Mc 16,15). <\/em><\/p>\n<p style=\"text-align: justify;\">Jesus veio ao nosso encontro, pela encarna\u00e7\u00e3o, para que n\u00f3s pud\u00e9ssemos ir ao encontro dos outros, levando a Boa Nova, de que Deus existe, e \u00e9 amor, miseric\u00f3rdia, perd\u00e3o e reconcilia\u00e7\u00e3o. Seu Para\u00edso foi perdido e a culpa n\u00e3o \u00e9 de Deus, pois, apesar do pecado, o Pai enviou seu Filho, para nos salvar. Assim, falar em miss\u00f5es, significa: evangelizar, reavivar a Boa Nova ao mundo e construir o Reino de Deus. Ser mission\u00e1rio, n\u00e3o requer, logo, ir para \u00c1frica, \u00c1sia, etc&#8230;<\/p>\n<p style=\"text-align: justify;\">\u00a0Podemos ficar at\u00e9 em casa. Santa Teresinha nunca saiu do Convento, e \u00e9 a padroeira das miss\u00f5es. Ser mission\u00e1rio \u00e9, ent\u00e3o: viver intensamente o sentido da vida crist\u00e3, amar e viver a beleza da fam\u00edlia, da educa\u00e7\u00e3o, do bem e da justi\u00e7a. Se poss\u00edvel: colaborar financeiramente com a manuten\u00e7\u00e3o das miss\u00f5es e dos mission\u00e1rios em outras terras. Rezar tamb\u00e9m, para que o esp\u00edrito mission\u00e1rio, cres\u00e7a na Igreja, a partir da viv\u00eancia do batismo e da Eucaristia. Lembro ent\u00e3o, uma vez mais, que a missionariedade \u00e9 intr\u00ednseca \u00e0 viv\u00eancia da f\u00e9 e da fidelidade a Jesus Cristo.<\/p>\n","protected":false},"excerpt":{"rendered":"<p>\u201cIde(&#8230;) e pregai o Evangelho a toda a criatura\u201d. (Mc 16,15). Jesus veio ao nosso encontro, pela encarna\u00e7\u00e3o, para que n\u00f3s pud\u00e9ssemos ir ao encontro dos outros, levando a Boa Nova, de que Deus existe, e \u00e9 amor, miseric\u00f3rdia, perd\u00e3o e reconcilia\u00e7\u00e3o. Seu Para\u00edso foi perdido e a culpa n\u00e3o \u00e9 de Deus, pois, apesar [&hellip;]<\/p>\n","protected":false},"author":119,"featured_media":77698,"comment_status":"open","ping_status":"closed","sticky":false,"template":"","format":"standard","meta":{"footnotes":""},"categories":[9],"tags":[],"class_list":["post-84857","post","type-post","status-publish","format-standard","has-post-thumbnail","hentry","category-artigos"],"_links":{"self":[{"href":"https:\/\/catolicanet.net\/wp-cnet\/wp-json\/wp\/v2\/posts\/84857","targetHints":{"allow":["GET"]}}],"collection":[{"href":"https:\/\/catolicanet.net\/wp-cnet\/wp-json\/wp\/v2\/posts"}],"about":[{"href":"https:\/\/catolicanet.net\/wp-cnet\/wp-json\/wp\/v2\/types\/post"}],"author":[{"embeddable":true,"href":"https:\/\/catolicanet.net\/wp-cnet\/wp-json\/wp\/v2\/users\/119"}],"replies":[{"embeddable":true,"href":"https:\/\/catolicanet.net\/wp-cnet\/wp-json\/wp\/v2\/comments?post=84857"}],"version-history":[{"count":1,"href":"https:\/\/catolicanet.net\/wp-cnet\/wp-json\/wp\/v2\/posts\/84857\/revisions"}],"predecessor-version":[{"id":84858,"href":"https:\/\/catolicanet.net\/wp-cnet\/wp-json\/wp\/v2\/posts\/84857\/revisions\/84858"}],"wp:featuredmedia":[{"embeddable":true,"href":"https:\/\/catolicanet.net\/wp-cnet\/wp-json\/wp\/v2\/media\/77698"}],"wp:attachment":[{"href":"https:\/\/catolicanet.net\/wp-cnet\/wp-json\/wp\/v2\/media?parent=84857"}],"wp:term":[{"taxonomy":"category","embeddable":true,"href":"https:\/\/catolicanet.net\/wp-cnet\/wp-json\/wp\/v2\/categories?post=84857"},{"taxonomy":"post_tag","embeddable":true,"href":"https:\/\/catolicanet.net\/wp-cnet\/wp-json\/wp\/v2\/tags?post=84857"}],"curies":[{"name":"wp","href":"https:\/\/api.w.org\/{rel}","templated":true}]}}