{"id":84805,"date":"2023-10-18T09:43:21","date_gmt":"2023-10-18T12:43:21","guid":{"rendered":"https:\/\/catolicanet.net\/wp-cnet\/?p=84805"},"modified":"2023-10-19T11:44:20","modified_gmt":"2023-10-19T14:44:20","slug":"sao-lucas-e-os-medicos-2","status":"publish","type":"post","link":"https:\/\/catolicanet.net\/wp-cnet\/sao-lucas-e-os-medicos-2\/","title":{"rendered":"S\u00e3o Lucas e os M\u00e9dicos"},"content":{"rendered":"<p style=\"text-align: center;\"><em>\u201cSa\u00fado-vos Lucas, nosso querido m\u00e9dico\u201d (Col 4,14).<\/em><\/p>\n<p style=\"text-align: justify;\"><strong>\u00a0<\/strong>Celebramos no dia 18 de Outubro a festa lit\u00fargica de S\u00e3o Lucas ap\u00f3stolo e evangelista. S\u00e3o Lucas \u00e9 o patrono dos m\u00e9dicos, pois al\u00e9m de ap\u00f3stolo e evangelista, ele tamb\u00e9m era m\u00e9dico. Al\u00e9m de ser autor do terceiro evangelho sin\u00f3tico, \u00e9 atribu\u00edda a Lucas a autoria do livro de Atos dos Ap\u00f3stolos.<\/p>\n<p style=\"text-align: justify;\">S\u00e3o Lucas por ser m\u00e9dico, era bastante culto, inclusive a linguagem usada para escrever o seu evangelho \u00e9 primorosa e did\u00e1tica. S\u00e3o Lucas escreve o seu evangelho por volta do ano 90 d.C. e o livro dos Atos dos Ap\u00f3stolos logo depois. Os Atos dos Ap\u00f3stolos \u00e9 a sequ\u00eancia de seu evangelho.<\/p>\n<p style=\"text-align: justify;\">S\u00e3o Lucas nasceu no seio de uma fam\u00edlia pag\u00e3, provavelmente em Antioquia, e como falamos era m\u00e9dico de profiss\u00e3o. Convertido a f\u00e9 em Cristo, foi companheiro de miss\u00e3o do ap\u00f3stolo Paulo, at\u00e9 o mart\u00edrio. Serviu incessantemente ao Senhor na miss\u00e3o.<\/p>\n<p style=\"text-align: justify;\">Em seu evangelho Lucas prioriza os milagres realizados por Jesus, escreve Jesus ensinando por par\u00e1bolas e ainda, Lucas dedica os seus escritos defendendo os exclu\u00eddos pela sociedade, ou seja, os pecadores, pobres e doentes. Lucas busca mostrar aos seus leitores o rosto misericordioso de Deus e que a salva\u00e7\u00e3o \u00e9 para todos e n\u00e3o para um povo s\u00f3.<\/p>\n<p style=\"text-align: justify;\">Algumas passagens que retratam o que acabamos de dizer no evangelho de Lucas: A par\u00e1bola do pobre L\u00e1zaro e o rico Epul\u00e3o; filho pr\u00f3digo e o pai misericordioso que acolhe a todos de bra\u00e7os abertos; Descreve a a\u00e7\u00e3o da pecadora p\u00fablica perdoada, que lava os p\u00e9s de Jesus com as l\u00e1grimas e enxuga com os cabelos; S\u00e3o Lucas descreve bastante em seu evangelho sobre Nossa Senhora e cita as palavras de Maria no Magnificat, sobretudo quando Ela proclama: <em>\u201cderruba do trono os poderosos e eleva os humildes, aos famintos enche de bens e despede os ricos de m\u00e3os vazias\u201d (Lc 1,52 -53). <\/em><\/p>\n<p style=\"text-align: justify;\">Cada evangelista sin\u00f3tico, Mateus, Marcos e Lucas, escreveram os seus evangelhos de forma particular, algumas coisas s\u00e3o semelhantes e outras n\u00e3o, mas todos tem como miss\u00e3o apresentar Jesus como o Messias. Todos os tr\u00eas evangelhos sin\u00f3ticos come\u00e7aram a ser escritos a partir da paix\u00e3o, morte e ressurrei\u00e7\u00e3o de Jesus.<\/p>\n<p style=\"text-align: justify;\">S\u00e3o Lucas como dissemos \u00e9 patrono dos m\u00e9dicos, e, tamb\u00e9m, dos pintores e vidraceiros. Os crist\u00e3os orientais atribuem ao \u201cm\u00e9dico pintor\u201d, Lucas, numerosos quadros representando a Virgem. Em seu evangelho escrito em um Grego refinado e l\u00edmpido, Lucas perpassa a biografia da Virgem Maria e fala da inf\u00e2ncia de Jesus.<\/p>\n<p style=\"text-align: justify;\">Somente no evangelho de Lucas \u00e9 descrito sobre a inf\u00e2ncia de Jesus. Por isso, Lucas quis colocar de maneira ordenada todos os acontecimentos da vida de Jesus, desde o seu nascimento at\u00e9 a morte.<\/p>\n<p style=\"text-align: justify;\">Lucas segue a mesma linha no livro de Atos dos Ap\u00f3stolos, da maneira minuciosa narra o in\u00edcio da Igreja primitiva, desde a ascens\u00e3o de Jesus aos c\u00e9us e o envio dos disc\u00edpulos para difundir a Palavra de Deus aos quatro cantos da terra.<\/p>\n<p style=\"text-align: justify;\">Paulo chamava Lucas de \u201cm\u00e9dico querid\u00edssimo\u201d.\u00a0 Lucas ajudava Paulo em suas dores corporais e nos sofrimentos que padecia na pris\u00e3o.\u00a0 Paulo chega a escrever a Tim\u00f3teo em seu segundo cativeiro, no ano de 67 d.C., que Lucas \u00e9 \u00fanico companheiro que ele tinha na pris\u00e3o, todos os outros tinham abandonado enquanto esteve preso.<\/p>\n<p style=\"text-align: justify;\">S\u00e3o Lucas \u00e9 o evangelista que d\u00e1 mais destaque a Virgem Maria, se n\u00e3o fosse por Lucas, n\u00e3o saber\u00edamos como se deu o an\u00fancio do anjo Gabriel a Nossa Senhora e o \u201cSim\u201d que ela deu ao projeto de Deus. Ap\u00f3s isso, tivemos conhecimento sobre a visita de Nossa Senhora a sua prima Isabel e ainda o belo c\u00e2ntico do Magnificat. Por interm\u00e9dio de Lucas, sabemos como se deu a Apresenta\u00e7\u00e3o do Menino Jesus no Templo e a ang\u00fastia de seus pais por terem perdido Jesus na caravana e encontr\u00e1-lo no templo.<\/p>\n<p style=\"text-align: justify;\">Lucas viveu at\u00e9 os 84 anos, viveu consideravelmente devido \u00e0 \u00e9poca, mas foi martirizado, do mesmo modo que os demais ap\u00f3stolos e inclusive seu companheiro de miss\u00e3o Paulo. Pe\u00e7amos a S\u00e3o Lucas que aben\u00e7oe todos os m\u00e9dicos e que cada m\u00e9dico exer\u00e7a com amor a sua profiss\u00e3o, que assemelhar-se muito ao sacerd\u00f3cio, e ajude aqueles que mais precisam a restaurar a sua sa\u00fade. Que todos os m\u00e9dicos se inspirem em Jesus Cristo, o m\u00e9dico dos m\u00e9dicos e sejam aben\u00e7oados por Ele.<\/p>\n<p style=\"text-align: justify;\">Celebremos com alegria a festa lit\u00fargica de S\u00e3o Lucas ap\u00f3stolo e evangelista, e que possamos ser testemunhas de Jesus Cristo nos dias de hoje, da mesma forma que ele foi.\u00a0 Que ele interceda por todos os m\u00e9dicos, para que exer\u00e7am com afinco e dedica\u00e7\u00e3o a sua profiss\u00e3o e que tenhamos um servi\u00e7o de sa\u00fade de qualidade para oferecer aos que procuram.<\/p>\n","protected":false},"excerpt":{"rendered":"<p>\u201cSa\u00fado-vos Lucas, nosso querido m\u00e9dico\u201d (Col 4,14). \u00a0Celebramos no dia 18 de Outubro a festa lit\u00fargica de S\u00e3o Lucas ap\u00f3stolo e evangelista. S\u00e3o Lucas \u00e9 o patrono dos m\u00e9dicos, pois al\u00e9m de ap\u00f3stolo e evangelista, ele tamb\u00e9m era m\u00e9dico. Al\u00e9m de ser autor do terceiro evangelho sin\u00f3tico, \u00e9 atribu\u00edda a Lucas a autoria do livro [&hellip;]<\/p>\n","protected":false},"author":5,"featured_media":55819,"comment_status":"open","ping_status":"closed","sticky":false,"template":"","format":"standard","meta":{"footnotes":""},"categories":[9],"tags":[],"class_list":["post-84805","post","type-post","status-publish","format-standard","has-post-thumbnail","hentry","category-artigos"],"_links":{"self":[{"href":"https:\/\/catolicanet.net\/wp-cnet\/wp-json\/wp\/v2\/posts\/84805","targetHints":{"allow":["GET"]}}],"collection":[{"href":"https:\/\/catolicanet.net\/wp-cnet\/wp-json\/wp\/v2\/posts"}],"about":[{"href":"https:\/\/catolicanet.net\/wp-cnet\/wp-json\/wp\/v2\/types\/post"}],"author":[{"embeddable":true,"href":"https:\/\/catolicanet.net\/wp-cnet\/wp-json\/wp\/v2\/users\/5"}],"replies":[{"embeddable":true,"href":"https:\/\/catolicanet.net\/wp-cnet\/wp-json\/wp\/v2\/comments?post=84805"}],"version-history":[{"count":1,"href":"https:\/\/catolicanet.net\/wp-cnet\/wp-json\/wp\/v2\/posts\/84805\/revisions"}],"predecessor-version":[{"id":84806,"href":"https:\/\/catolicanet.net\/wp-cnet\/wp-json\/wp\/v2\/posts\/84805\/revisions\/84806"}],"wp:featuredmedia":[{"embeddable":true,"href":"https:\/\/catolicanet.net\/wp-cnet\/wp-json\/wp\/v2\/media\/55819"}],"wp:attachment":[{"href":"https:\/\/catolicanet.net\/wp-cnet\/wp-json\/wp\/v2\/media?parent=84805"}],"wp:term":[{"taxonomy":"category","embeddable":true,"href":"https:\/\/catolicanet.net\/wp-cnet\/wp-json\/wp\/v2\/categories?post=84805"},{"taxonomy":"post_tag","embeddable":true,"href":"https:\/\/catolicanet.net\/wp-cnet\/wp-json\/wp\/v2\/tags?post=84805"}],"curies":[{"name":"wp","href":"https:\/\/api.w.org\/{rel}","templated":true}]}}