{"id":84774,"date":"2023-10-19T09:22:02","date_gmt":"2023-10-19T12:22:02","guid":{"rendered":"https:\/\/catolicanet.net\/wp-cnet\/?p=84774"},"modified":"2023-10-19T11:25:41","modified_gmt":"2023-10-19T14:25:41","slug":"romaria-nacional-de-catequistas-2024-dom-leomar-convida-ao-encontro-que-sera-no-santuario-de-aparecida","status":"publish","type":"post","link":"https:\/\/catolicanet.net\/wp-cnet\/romaria-nacional-de-catequistas-2024-dom-leomar-convida-ao-encontro-que-sera-no-santuario-de-aparecida\/","title":{"rendered":"ROMARIA NACIONAL DE CATEQUISTAS 2024: DOM LEOMAR CONVIDA AO ENCONTRO QUE SER\u00c1 NO SANTU\u00c1RIO DE APARECIDA"},"content":{"rendered":"<p style=\"text-align: justify;\">A Comiss\u00e3o para a Anima\u00e7\u00e3o B\u00edblico-Catequ\u00e9tica da Confer\u00eancia Nacional dos Bispos do Brasil (CNBB) realiza de 30 de agosto a 1\u00ba de setembro de 2024 a Romaria Nacional de Catequistas, no Santu\u00e1rio Nacional de Aparecida, em S\u00e3o Paulo. A iniciativa \u00e9 um passo significativo na caminhada da renova\u00e7\u00e3o da f\u00e9 e na busca por novos caminhos na evangeliza\u00e7\u00e3o.<\/p>\n<p style=\"text-align: justify;\"><img loading=\"lazy\" decoding=\"async\" class=\"size-medium wp-image-953393 alignright\" src=\"https:\/\/www.cnbb.org.br\/wp-content\/uploads\/2023\/10\/Romaria-Nacional-211x300.jpg\" sizes=\"auto, (max-width: 211px) 100vw, 211px\" srcset=\"https:\/\/www.cnbb.org.br\/wp-content\/uploads\/2023\/10\/Romaria-Nacional-211x300.jpg 211w, https:\/\/www.cnbb.org.br\/wp-content\/uploads\/2023\/10\/Romaria-Nacional.jpg 353w\" alt=\"\" width=\"211\" height=\"300\" \/><\/p>\n<p style=\"text-align: justify;\">Com assessorias de qualidade e alinhadas ao que a Igreja prop\u00f5e para o Minist\u00e9rio da Catequese, especialmente em comunh\u00e3o com as Diretrizes da CNBB, a Romaria prestar\u00e1 grande contribui\u00e7\u00e3o aos catequistas e suas comunidades, qualificando sua forma\u00e7\u00e3o, seu servi\u00e7o e suas experi\u00eancias.<\/p>\n<p style=\"text-align: justify;\">O arcebispo de Santa Maria e presidente da Comiss\u00e3o para a Anima\u00e7\u00e3o B\u00edblico-Catequ\u00e9tica, dom Leomar Ant\u00f4nio Brustolin, gravou um v\u00eddeo no qual faz um convite a todos a participarem da Romaria.<\/p>\n<blockquote><p>\u201cVoc\u00ea, catequista, n\u00e3o pode ficar de fora desse grande movimento que vai trabalhar a celebra\u00e7\u00e3o, a ora\u00e7\u00e3o, mas tamb\u00e9m a forma\u00e7\u00e3o e a anima\u00e7\u00e3o. N\u00f3s precisamos fortalecer a inicia\u00e7\u00e3o a vida crist\u00e3 em todo o nosso pa\u00eds\u201d, disse dom Leomar.<\/p><\/blockquote>\n<p style=\"text-align: justify;\"><strong>Inscreva-se aqui:<br \/>\n<\/strong>As inscri\u00e7\u00f5es para participar do evento est\u00e3o abertas desde setembro por meio do link:\u00a0<a href=\"https:\/\/app.ciaticket.com.br\/e\/ROMARIADECATEQUISTAS2024\" target=\"_blank\" rel=\"noopener\">https:\/\/app.ciaticket.com.br\/e\/ROMARIADECATEQUISTAS2024<\/a><\/p>\n<p style=\"text-align: justify;\"><strong>Assista o v\u00eddeo na \u00edntegra:<\/strong><\/p>\n<div class=\"ast-oembed-container\"><iframe loading=\"lazy\" title=\"Romaria Nacional de Catequistas 2024\" src=\"https:\/\/www.youtube.com\/embed\/bXDjftYqq58?feature=oembed\" width=\"1200\" height=\"675\" frameborder=\"0\" allowfullscreen=\"allowfullscreen\" data-mce-fragment=\"1\"><\/iframe><\/div>\n<p>&nbsp;<\/p>\n","protected":false},"excerpt":{"rendered":"<p>A Comiss\u00e3o para a Anima\u00e7\u00e3o B\u00edblico-Catequ\u00e9tica da Confer\u00eancia Nacional dos Bispos do Brasil (CNBB) realiza de 30 de agosto a 1\u00ba de setembro de 2024 a Romaria Nacional de Catequistas, no Santu\u00e1rio Nacional de Aparecida, em S\u00e3o Paulo. A iniciativa \u00e9 um passo significativo na caminhada da renova\u00e7\u00e3o da f\u00e9 e na busca por novos [&hellip;]<\/p>\n","protected":false},"author":1,"featured_media":84777,"comment_status":"open","ping_status":"closed","sticky":false,"template":"","format":"standard","meta":{"footnotes":""},"categories":[7,13],"tags":[],"class_list":["post-84774","post","type-post","status-publish","format-standard","has-post-thumbnail","hentry","category-cnbb","category-featured"],"_links":{"self":[{"href":"https:\/\/catolicanet.net\/wp-cnet\/wp-json\/wp\/v2\/posts\/84774","targetHints":{"allow":["GET"]}}],"collection":[{"href":"https:\/\/catolicanet.net\/wp-cnet\/wp-json\/wp\/v2\/posts"}],"about":[{"href":"https:\/\/catolicanet.net\/wp-cnet\/wp-json\/wp\/v2\/types\/post"}],"author":[{"embeddable":true,"href":"https:\/\/catolicanet.net\/wp-cnet\/wp-json\/wp\/v2\/users\/1"}],"replies":[{"embeddable":true,"href":"https:\/\/catolicanet.net\/wp-cnet\/wp-json\/wp\/v2\/comments?post=84774"}],"version-history":[{"count":1,"href":"https:\/\/catolicanet.net\/wp-cnet\/wp-json\/wp\/v2\/posts\/84774\/revisions"}],"predecessor-version":[{"id":84775,"href":"https:\/\/catolicanet.net\/wp-cnet\/wp-json\/wp\/v2\/posts\/84774\/revisions\/84775"}],"wp:featuredmedia":[{"embeddable":true,"href":"https:\/\/catolicanet.net\/wp-cnet\/wp-json\/wp\/v2\/media\/84777"}],"wp:attachment":[{"href":"https:\/\/catolicanet.net\/wp-cnet\/wp-json\/wp\/v2\/media?parent=84774"}],"wp:term":[{"taxonomy":"category","embeddable":true,"href":"https:\/\/catolicanet.net\/wp-cnet\/wp-json\/wp\/v2\/categories?post=84774"},{"taxonomy":"post_tag","embeddable":true,"href":"https:\/\/catolicanet.net\/wp-cnet\/wp-json\/wp\/v2\/tags?post=84774"}],"curies":[{"name":"wp","href":"https:\/\/api.w.org\/{rel}","templated":true}]}}