{"id":84726,"date":"2023-10-18T09:49:46","date_gmt":"2023-10-18T12:49:46","guid":{"rendered":"https:\/\/catolicanet.net\/wp-cnet\/?p=84726"},"modified":"2023-10-18T11:52:43","modified_gmt":"2023-10-18T14:52:43","slug":"francisco-a-guerra-nao-resolve-nenhum-problema-apenas-semeia-morte-e-destruicao","status":"publish","type":"post","link":"https:\/\/catolicanet.net\/wp-cnet\/francisco-a-guerra-nao-resolve-nenhum-problema-apenas-semeia-morte-e-destruicao\/","title":{"rendered":"Francisco: a guerra n\u00e3o resolve nenhum problema, apenas semeia morte e destrui\u00e7\u00e3o"},"content":{"rendered":"<div class=\"article__subTitle\" style=\"text-align: justify;\">O Papa afirmou, ao final da Audi\u00eancia Geral, que seus pensamentos est\u00e3o voltados para a Palestina e Israel: \u201cPe\u00e7o aos fi\u00e9is que assumam apenas um lado nesse conflito: o da paz\u201d. Diante deste cen\u00e1rio o Pont\u00edfice convoca um dia de jejum e ora\u00e7\u00e3o pela paz: &#8220;na sexta-feira, 27 de outubro, convido os irm\u00e3os e irm\u00e3s das v\u00e1rias denomina\u00e7\u00f5es crist\u00e3s, aqueles que pertencem a outras religi\u00f5es e todos os que prezam a causa da paz no mundo a participarem\u201d.<\/div>\n<div class=\"title__separator\" style=\"text-align: justify;\"><\/div>\n<div class=\"article__text\">\n<p style=\"text-align: justify;\"><b>Thulio Fonseca &#8211; Vatican News<\/b><\/p>\n<div style=\"text-align: justify;\">\n<div class=\"article__embed article__embed--unwrap article__embed--dark\">\n<div class=\"article__innerTitle\">Ou\u00e7a com a voz do Papa e compartilhe:<\/div>\n<div>\n<!--[if lt IE 9]><script>document.createElement('audio');<\/script><![endif]-->\n<audio class=\"wp-audio-shortcode\" id=\"audio-84726-1\" preload=\"none\" style=\"width: 100%;\" controls=\"controls\"><source type=\"audio\/mpeg\" src=\"https:\/\/media.vaticannews.va\/media\/audio\/s1\/2023\/10\/18\/11\/137375757_F137375757.mp3?_=1\" \/><a href=\"https:\/\/media.vaticannews.va\/media\/audio\/s1\/2023\/10\/18\/11\/137375757_F137375757.mp3\">https:\/\/media.vaticannews.va\/media\/audio\/s1\/2023\/10\/18\/11\/137375757_F137375757.mp3<\/a><\/audio>\n<\/div>\n<\/div>\n<\/div>\n<p style=\"text-align: justify;\">\u201cHoje tamb\u00e9m, queridos irm\u00e3os e irm\u00e3s, meus pensamentos est\u00e3o voltados para a Palestina e Israel. As v\u00edtimas est\u00e3o aumentando e a situa\u00e7\u00e3o em Gaza \u00e9 desesperadora. Por favor, fa\u00e7am todo o poss\u00edvel para evitar uma cat\u00e1strofe humanit\u00e1ria\u201d, com estas palavras, com um tom de consterna\u00e7\u00e3o na voz, o Papa fez seu apelo, ao final da Audi\u00eancia Geral, para que se estabele\u00e7a a paz em todo o mundo.<\/p>\n<div style=\"text-align: justify;\">\n<div class=\"article__embed article__embed--border embed_style\">\n<blockquote><p>\u201c\u00c9 preocupante a poss\u00edvel amplia\u00e7\u00e3o do conflito enquanto tantas frentes de guerra j\u00e1 est\u00e3o abertas no mundo. Silenciem as armas, ou\u00e7am o grito de paz dos pobres, das pessoas, das crian\u00e7as.\u201d<\/p><\/blockquote>\n<\/div>\n<\/div>\n<h2 style=\"text-align: justify;\">A guerra apaga o futuro<\/h2>\n<p style=\"text-align: justify;\">Francisco, ao exortar toda a comunidade internacional, ressaltou que \u201ca guerra n\u00e3o resolve nenhum problema: apenas semeia morte e destrui\u00e7\u00e3o, aumenta o \u00f3dio, multiplica a vingan\u00e7a&#8221;. O Pont\u00edfice, ao afirmar que &#8220;a guerra apaga o futuro\u201d, pediu aos fi\u00e9is que \u201cassumam apenas um lado nesse conflito: o da paz\u201d, n\u00e3o apenas com palavras, mas com a ora\u00e7\u00e3o e atitudes concretas.<\/p>\n<h2 style=\"text-align: justify;\">Dia de ora\u00e7\u00e3o e penit\u00eancia pela Paz<\/h2>\n<div style=\"text-align: justify;\">\n<div class=\"article__embed article__embed--border embed_style\">\n<blockquote><p>\u201cDecidi convocar um dia de jejum e ora\u00e7\u00e3o na sexta-feira, 27 de outubro, um dia de penit\u00eancia para o qual convido os irm\u00e3os e irm\u00e3s das v\u00e1rias denomina\u00e7\u00f5es crist\u00e3s, aqueles que pertencem a outras religi\u00f5es e todos os que prezam a causa da paz no mundo, a participarem como acharem adequado.\u201d<\/p><\/blockquote>\n<\/div>\n<\/div>\n<p style=\"text-align: justify;\">O convite do Papa se estende a todas as Igrejas particulares, para que unidas \u00e0 sua iniciativa, \u201cpreparem momentos semelhantes que envolvam todo o povo de Deus na s\u00faplica pela Paz\u201d. \u201cTamb\u00e9m neste dia, 27\/10, \u00e0s 18h (hor\u00e1rio de Roma), na Pra\u00e7a S\u00e3o Pedro\u201d, afirmou Francisco, \u201cviveremos em esp\u00edrito de penit\u00eancia, uma hora de ora\u00e7\u00e3o para implorar a paz neste mundo\u201d.<\/p>\n<h2 style=\"text-align: justify;\">Os ataques continuam<\/h2>\n<p style=\"text-align: justify;\">Enquanto o apelo de Francisco ecoa ao mundo, a dura realidade dos conflitos entre Israel e Palestina continua. Um bombardeio no hospital batista Al-Ahli Arabi, na Cidade de Gaza, causou centenas de v\u00edtimas na tarde de 17 de outubro. Fala-se em um verdadeiro massacre. Um chefe da defesa civil de Gaza disse \u00e0 televis\u00e3o Al-Jazeera que mais de 300 pessoas foram mortas no complexo de sa\u00fade.<\/p>\n<p style=\"text-align: justify;\">Os dados das ag\u00eancias internacionais informam que desde o dia 7 de outubro, quando os militantes do Hamas invadiram as cidades israelenses matando mais de 1.300 soldados e civis, pelo menos 3.000 pessoas foram mortas na Palestina devido ao intenso bombardeio israelense, que j\u00e1 dura 11 dias.<\/p>\n<\/div>\n","protected":false},"excerpt":{"rendered":"<p>O Papa afirmou, ao final da Audi\u00eancia Geral, que seus pensamentos est\u00e3o voltados para a Palestina e Israel: \u201cPe\u00e7o aos fi\u00e9is que assumam apenas um lado nesse conflito: o da paz\u201d. Diante deste cen\u00e1rio o Pont\u00edfice convoca um dia de jejum e ora\u00e7\u00e3o pela paz: &#8220;na sexta-feira, 27 de outubro, convido os irm\u00e3os e irm\u00e3s [&hellip;]<\/p>\n","protected":false},"author":1,"featured_media":84727,"comment_status":"open","ping_status":"closed","sticky":false,"template":"","format":"standard","meta":{"footnotes":""},"categories":[13,3],"tags":[],"class_list":["post-84726","post","type-post","status-publish","format-standard","has-post-thumbnail","hentry","category-featured","category-vaticano"],"_links":{"self":[{"href":"https:\/\/catolicanet.net\/wp-cnet\/wp-json\/wp\/v2\/posts\/84726","targetHints":{"allow":["GET"]}}],"collection":[{"href":"https:\/\/catolicanet.net\/wp-cnet\/wp-json\/wp\/v2\/posts"}],"about":[{"href":"https:\/\/catolicanet.net\/wp-cnet\/wp-json\/wp\/v2\/types\/post"}],"author":[{"embeddable":true,"href":"https:\/\/catolicanet.net\/wp-cnet\/wp-json\/wp\/v2\/users\/1"}],"replies":[{"embeddable":true,"href":"https:\/\/catolicanet.net\/wp-cnet\/wp-json\/wp\/v2\/comments?post=84726"}],"version-history":[{"count":1,"href":"https:\/\/catolicanet.net\/wp-cnet\/wp-json\/wp\/v2\/posts\/84726\/revisions"}],"predecessor-version":[{"id":84728,"href":"https:\/\/catolicanet.net\/wp-cnet\/wp-json\/wp\/v2\/posts\/84726\/revisions\/84728"}],"wp:featuredmedia":[{"embeddable":true,"href":"https:\/\/catolicanet.net\/wp-cnet\/wp-json\/wp\/v2\/media\/84727"}],"wp:attachment":[{"href":"https:\/\/catolicanet.net\/wp-cnet\/wp-json\/wp\/v2\/media?parent=84726"}],"wp:term":[{"taxonomy":"category","embeddable":true,"href":"https:\/\/catolicanet.net\/wp-cnet\/wp-json\/wp\/v2\/categories?post=84726"},{"taxonomy":"post_tag","embeddable":true,"href":"https:\/\/catolicanet.net\/wp-cnet\/wp-json\/wp\/v2\/tags?post=84726"}],"curies":[{"name":"wp","href":"https:\/\/api.w.org\/{rel}","templated":true}]}}