{"id":84704,"date":"2023-10-18T10:49:25","date_gmt":"2023-10-18T13:49:25","guid":{"rendered":"https:\/\/catolicanet.net\/wp-cnet\/?p=84704"},"modified":"2023-10-18T10:49:25","modified_gmt":"2023-10-18T13:49:25","slug":"o-ideal-do-reino","status":"publish","type":"post","link":"https:\/\/catolicanet.net\/wp-cnet\/o-ideal-do-reino\/","title":{"rendered":"O ideal do reino"},"content":{"rendered":"<p style=\"margin: 0cm; margin-bottom: .0001pt;\"><span style=\"font-family: 'Lato','sans-serif';\">Soneto <\/span><\/p>\n<p style=\"margin: 0cm; margin-bottom: .0001pt; max-width: -webkit-fill-available;\"><span style=\"font-family: 'Lato','sans-serif';\">Miss\u00e3o: partir, um bonito treino.<\/span><\/p>\n<p style=\"margin: 0cm; margin-bottom: .0001pt; max-width: -webkit-fill-available;\"><span style=\"font-family: 'Lato','sans-serif';\">Mulheres e homens, os paladinos. <\/span><\/p>\n<p style=\"margin: 0cm; margin-bottom: .0001pt; max-width: -webkit-fill-available;\"><span style=\"font-family: 'Lato','sans-serif';\">Vida em Deus, superar os desatinos.<\/span><\/p>\n<p style=\"margin: 0cm; margin-bottom: .0001pt; max-width: -webkit-fill-available;\"><span style=\"font-family: 'Lato','sans-serif';\">Miss\u00e3o, ideal maior, o do reino.<\/span><\/p>\n<p style=\"margin: 0cm; margin-bottom: .0001pt; max-width: -webkit-fill-available;\"><span style=\"font-family: 'Lato','sans-serif';\">\u00a0<\/span><\/p>\n<p style=\"margin: 0cm; margin-bottom: .0001pt; max-width: -webkit-fill-available;\"><span style=\"font-family: 'Lato','sans-serif';\">Deus chama para o trabalho as pessoas, <\/span><\/p>\n<p style=\"margin: 0cm; margin-bottom: .0001pt; max-width: -webkit-fill-available;\"><span style=\"font-family: 'Lato','sans-serif';\">Trabalho \u00e1rduo de realiza\u00e7\u00f5es.<\/span><\/p>\n<p style=\"margin: 0cm; margin-bottom: .0001pt; max-width: -webkit-fill-available;\"><span style=\"font-family: 'Lato','sans-serif';\">Mensageiros, favor estender as m\u00e3os.<\/span><\/p>\n<p style=\"margin: 0cm; margin-bottom: .0001pt; max-width: -webkit-fill-available;\"><span style=\"font-family: 'Lato','sans-serif';\">No tempo determinado, as \u201ccoroas\u201d!<\/span><\/p>\n<p style=\"margin: 0cm; margin-bottom: .0001pt; max-width: -webkit-fill-available;\"><span style=\"font-family: 'Lato','sans-serif';\">\u00a0<\/span><\/p>\n<p style=\"margin: 0cm; margin-bottom: .0001pt; max-width: -webkit-fill-available;\"><span style=\"font-family: 'Lato','sans-serif';\">Mission\u00e1rios, animados pelo Evangelho, <\/span><\/p>\n<p style=\"margin: 0cm; margin-bottom: .0001pt; max-width: -webkit-fill-available;\"><span style=\"font-family: 'Lato','sans-serif';\">Aos que encontrar, sensibilizar.<\/span><\/p>\n<p style=\"margin: 0cm; margin-bottom: .0001pt; max-width: -webkit-fill-available;\"><span style=\"font-family: 'Lato','sans-serif';\">No envio santo, o de combater o mal.<\/span><\/p>\n<p style=\"margin: 0cm; margin-bottom: .0001pt; max-width: -webkit-fill-available;\"><span style=\"font-family: 'Lato','sans-serif';\">\u00a0<\/span><\/p>\n<p style=\"margin: 0cm; margin-bottom: .0001pt; max-width: -webkit-fill-available;\"><span style=\"font-family: 'Lato','sans-serif';\">Boa-nova aos jovens e aos velhos,<\/span><\/p>\n<p style=\"margin: 0cm; margin-bottom: .0001pt; max-width: -webkit-fill-available;\"><span style=\"font-family: 'Lato','sans-serif';\">Na escurid\u00e3o e na pouca clareza, purificar.<\/span><\/p>\n<p style=\"margin: 0cm; margin-bottom: .0001pt; max-width: -webkit-fill-available;\"><span style=\"font-family: 'Lato','sans-serif';\">Esperan\u00e7a: adeus, mundo infernal!<\/span><\/p>\n<p style=\"margin: 0cm; margin-bottom: .0001pt; max-width: -webkit-fill-available;\"><span style=\"font-family: 'Lato','sans-serif';\">Pe. Geovane Saraiva<\/span><\/p>\n","protected":false},"excerpt":{"rendered":"<p>Soneto Miss\u00e3o: partir, um bonito treino. Mulheres e homens, os paladinos. Vida em Deus, superar os desatinos. Miss\u00e3o, ideal maior, o do reino. \u00a0 Deus chama para o trabalho as pessoas, Trabalho \u00e1rduo de realiza\u00e7\u00f5es. Mensageiros, favor estender as m\u00e3os. No tempo determinado, as \u201ccoroas\u201d! \u00a0 Mission\u00e1rios, animados pelo Evangelho, Aos que encontrar, sensibilizar. No [&hellip;]<\/p>\n","protected":false},"author":6,"featured_media":55824,"comment_status":"open","ping_status":"closed","sticky":false,"template":"","format":"standard","meta":{"footnotes":""},"categories":[9],"tags":[],"class_list":["post-84704","post","type-post","status-publish","format-standard","has-post-thumbnail","hentry","category-artigos"],"_links":{"self":[{"href":"https:\/\/catolicanet.net\/wp-cnet\/wp-json\/wp\/v2\/posts\/84704","targetHints":{"allow":["GET"]}}],"collection":[{"href":"https:\/\/catolicanet.net\/wp-cnet\/wp-json\/wp\/v2\/posts"}],"about":[{"href":"https:\/\/catolicanet.net\/wp-cnet\/wp-json\/wp\/v2\/types\/post"}],"author":[{"embeddable":true,"href":"https:\/\/catolicanet.net\/wp-cnet\/wp-json\/wp\/v2\/users\/6"}],"replies":[{"embeddable":true,"href":"https:\/\/catolicanet.net\/wp-cnet\/wp-json\/wp\/v2\/comments?post=84704"}],"version-history":[{"count":1,"href":"https:\/\/catolicanet.net\/wp-cnet\/wp-json\/wp\/v2\/posts\/84704\/revisions"}],"predecessor-version":[{"id":84705,"href":"https:\/\/catolicanet.net\/wp-cnet\/wp-json\/wp\/v2\/posts\/84704\/revisions\/84705"}],"wp:featuredmedia":[{"embeddable":true,"href":"https:\/\/catolicanet.net\/wp-cnet\/wp-json\/wp\/v2\/media\/55824"}],"wp:attachment":[{"href":"https:\/\/catolicanet.net\/wp-cnet\/wp-json\/wp\/v2\/media?parent=84704"}],"wp:term":[{"taxonomy":"category","embeddable":true,"href":"https:\/\/catolicanet.net\/wp-cnet\/wp-json\/wp\/v2\/categories?post=84704"},{"taxonomy":"post_tag","embeddable":true,"href":"https:\/\/catolicanet.net\/wp-cnet\/wp-json\/wp\/v2\/tags?post=84704"}],"curies":[{"name":"wp","href":"https:\/\/api.w.org\/{rel}","templated":true}]}}