{"id":84667,"date":"2023-10-10T10:18:09","date_gmt":"2023-10-10T13:18:09","guid":{"rendered":"https:\/\/catolicanet.net\/wp-cnet\/?p=84667"},"modified":"2023-10-10T14:19:44","modified_gmt":"2023-10-10T17:19:44","slug":"projecao-no-cristo-redentor-pede-paz-em-varias-linguas","status":"publish","type":"post","link":"https:\/\/catolicanet.net\/wp-cnet\/projecao-no-cristo-redentor-pede-paz-em-varias-linguas\/","title":{"rendered":"Proje\u00e7\u00e3o no Cristo Redentor pede \u2018paz\u2019 em v\u00e1rias l\u00ednguas"},"content":{"rendered":"<p style=\"text-align: justify;\">A palavra \u201cpaz\u201d foi projetada em v\u00e1rios idiomas no peito da est\u00e1tua do Cristo Redentor, no Rio de Janeiro (RJ), na noite de ontem (9). A iniciativa foi promovida em solidariedade \u201ccom as fam\u00edlias das v\u00edtimas dos conflitos no Oriente M\u00e9dio\u201d, disse o santu\u00e1rio do Cristo em suas redes sociais. Entre os mortos, h\u00e1 um brasileiro.<\/p>\n<p style=\"text-align: justify;\">\u201cVivemos tempos dif\u00edceis, guerras urbanas, guerras entre pa\u00edses, e n\u00f3s somos chamados a ser testemunhas da paz. O Cristo Redentor, mediador entre n\u00f3s, a todos ilumine\u201d, disse o arcebispo do Rio de Janeiro, o cardeal Orani Jo\u00e3o Tempesta.<\/p>\n<div class=\"instagram-wrapper\" style=\"text-align: justify;\">\n<blockquote id=\"instagram-media-payload-0\" class=\" instagram-media-registered\" data-instgrm-captioned=\"\" data-instgrm-permalink=\"https:\/\/www.instagram.com\/reel\/CyMv2PUOaYE\/?utm_source=ig_embed&amp;utm_campaign=loading\" data-instgrm-version=\"14\">\n<div>\n<p><a href=\"https:\/\/www.instagram.com\/reel\/CyMv2PUOaYE\/?utm_source=ig_embed&amp;utm_campaign=loading\" target=\"_blank\" rel=\"noopener\">A post shared by Santua\u0301rio Cristo Redentor (@cristoredentoroficial)<\/a><\/p>\n<\/div>\n<\/blockquote>\n<div class=\"drag-handle\" data-drag-handle=\"true\"><\/div>\n<\/div>\n<p style=\"text-align: justify;\">Na manh\u00e3 de s\u00e1bado (7), o Hamas, grupo radical isl\u00e2mico que controla a Faixa de Gaza desde 2007, lan\u00e7ou uma s\u00e9rie de ataques-surpresa v\u00e1rios pontos de Israel, matando e sequestrando israelenses. Um dos ataques aconteceu a uma\u00a0<em>rave<\/em>\u00a0em um local pr\u00f3ximo \u00e0 Faixa de Gaza, onde estava o brasileiro Ranani Nidejelski Glazer, de 24 anos. Ap\u00f3s o ataque, Ranani estava desaparecido. Em nota divulgada hoje (10), o Itamaraty confirmou a morte do brasileiro.<\/p>\n<p style=\"text-align: justify;\">Outras duas brasileiras que estavam na mesma festa, Bruna Valeanu, de 24 anos, e Karla Stelzer Mendes, de 41 anos, continuam desaparecidas.<\/p>\n<p style=\"text-align: justify;\">Israel reagiu \u00e0 invas\u00e3o com ataques a\u00e9reos a Gaza. O primeiro-ministro israelense, Benjamin Netanyahu, disse no s\u00e1bado que Israel est\u00e1 \u201cem guerra\u201d. Desde ent\u00e3o, os ataques entre Israel e a Faixa de Gaza seguem.<\/p>\n<p style=\"text-align: justify;\">Segundo relat\u00f3rios das autoridades locais, mais de 1,6 mil pessoas j\u00e1 morreram. O minist\u00e9rio da Sa\u00fade de Gaza registrou 770 mortes de palestinos. Em Israel, h\u00e1 mais de 900 mortos. Para al\u00e9m desses n\u00fameros oficiais, um porta-voz militar israelense disse hoje que cerca de 1,5 mil corpos de integrantes do Hamas foram encontrados no territ\u00f3rio de Israel.<\/p>\n<p style=\"text-align: justify;\">No domingo (8), ao final da ora\u00e7\u00e3o do \u00c2ngelus, o papa Francisco pediu ora\u00e7\u00f5es \u201cpela paz em Israel e na Palestina\u201d. \u201cExpresso a minha proximidade \u00e0s fam\u00edlias das v\u00edtimas, rezo por elas e por todos aqueles que vivem horas de terror e ang\u00fastia. Por favor, parem com os ataques e as armas! E se compreenda que o terrorismo e a guerra n\u00e3o levam a nenhuma solu\u00e7\u00e3o, mas apenas \u00e0 morte e ao sofrimento de muitas pessoas inocentes\u201d, disse.<\/p>\n<div class=\"full-width-ad mt-5 mb-5 lightest-grey-bg\">\n<div id=\"ACI_D_Article_A\" data-google-query-id=\"CK-mo_j964EDFcxA3QIdWwYFQg\"><\/div>\n<\/div>\n","protected":false},"excerpt":{"rendered":"<p>A palavra \u201cpaz\u201d foi projetada em v\u00e1rios idiomas no peito da est\u00e1tua do Cristo Redentor, no Rio de Janeiro (RJ), na noite de ontem (9). A iniciativa foi promovida em solidariedade \u201ccom as fam\u00edlias das v\u00edtimas dos conflitos no Oriente M\u00e9dio\u201d, disse o santu\u00e1rio do Cristo em suas redes sociais. Entre os mortos, h\u00e1 um [&hellip;]<\/p>\n","protected":false},"author":1,"featured_media":84668,"comment_status":"open","ping_status":"closed","sticky":false,"template":"","format":"standard","meta":{"footnotes":""},"categories":[4],"tags":[],"class_list":["post-84667","post","type-post","status-publish","format-standard","has-post-thumbnail","hentry","category-cotidiano"],"_links":{"self":[{"href":"https:\/\/catolicanet.net\/wp-cnet\/wp-json\/wp\/v2\/posts\/84667","targetHints":{"allow":["GET"]}}],"collection":[{"href":"https:\/\/catolicanet.net\/wp-cnet\/wp-json\/wp\/v2\/posts"}],"about":[{"href":"https:\/\/catolicanet.net\/wp-cnet\/wp-json\/wp\/v2\/types\/post"}],"author":[{"embeddable":true,"href":"https:\/\/catolicanet.net\/wp-cnet\/wp-json\/wp\/v2\/users\/1"}],"replies":[{"embeddable":true,"href":"https:\/\/catolicanet.net\/wp-cnet\/wp-json\/wp\/v2\/comments?post=84667"}],"version-history":[{"count":1,"href":"https:\/\/catolicanet.net\/wp-cnet\/wp-json\/wp\/v2\/posts\/84667\/revisions"}],"predecessor-version":[{"id":84669,"href":"https:\/\/catolicanet.net\/wp-cnet\/wp-json\/wp\/v2\/posts\/84667\/revisions\/84669"}],"wp:featuredmedia":[{"embeddable":true,"href":"https:\/\/catolicanet.net\/wp-cnet\/wp-json\/wp\/v2\/media\/84668"}],"wp:attachment":[{"href":"https:\/\/catolicanet.net\/wp-cnet\/wp-json\/wp\/v2\/media?parent=84667"}],"wp:term":[{"taxonomy":"category","embeddable":true,"href":"https:\/\/catolicanet.net\/wp-cnet\/wp-json\/wp\/v2\/categories?post=84667"},{"taxonomy":"post_tag","embeddable":true,"href":"https:\/\/catolicanet.net\/wp-cnet\/wp-json\/wp\/v2\/tags?post=84667"}],"curies":[{"name":"wp","href":"https:\/\/api.w.org\/{rel}","templated":true}]}}