{"id":84659,"date":"2023-10-10T10:15:04","date_gmt":"2023-10-10T13:15:04","guid":{"rendered":"https:\/\/catolicanet.net\/wp-cnet\/?p=84659"},"modified":"2023-10-10T14:16:23","modified_gmt":"2023-10-10T17:16:23","slug":"105-cidades-do-brasil-participam-de-caminhada-pela-vida-no-dia-do-nascituro","status":"publish","type":"post","link":"https:\/\/catolicanet.net\/wp-cnet\/105-cidades-do-brasil-participam-de-caminhada-pela-vida-no-dia-do-nascituro\/","title":{"rendered":"105 cidades do Brasil participam de \u201cCaminhada pela Vida\u201d no Dia do Nascituro"},"content":{"rendered":"<p style=\"text-align: justify;\">Milhares de pessoas de 105 cidades do Brasil foram \u00e0s ruas em defesa da vida na \u201cCaminhada pela Vida Contra o Aborto\u201d, ontem (8), Dia do Nascituro. O ato em defesa do nascituro promovido pela Rede Nacional em Defesa da Vida e da Fam\u00edlia juntamente com outros movimentos e associa\u00e7\u00f5es pr\u00f3-vida do Brasil foi \u201cum recado de forma pac\u00edfica para o Supremo Tribunal Federal\u201d contra a pauta da descriminaliza\u00e7\u00e3o do aborto no Brasil e um pedido a C\u00e2mara dos Deputados pela \u201caprova\u00e7\u00e3o do Estatuto do Nascituro\u201d, disse nas redes sociais, a presidente da Rede Nacional em Defesa da Vida e da Fam\u00edlia, Zez\u00e9 Luz.<\/p>\n<p style=\"text-align: justify;\">Zez\u00e9 Luz participou do ato pr\u00f3-vida na praia de Copacabana, no Rio de Janeiro e relatou que esta \u201cfoi a maior caminhada\u201d que o movimento fez \u201cat\u00e9 hoje, cerca de 2.000 pessoas\u201d. \u201cFoi simplesmente extraordin\u00e1ria\u201d, enfatizou a presidente da Rede Nacional.<\/p>\n<p style=\"text-align: justify;\">Em Belo Horizonte (MG), aproximadamente 10 mil pessoas foram \u00e0 Pra\u00e7a da Liberdade defender a vida do nascituro. A editora de campanhas de CitizenGO Brasil, Glauciane Teixeira, disse \u00e0 ACI Digital que estava no local em cima do trio el\u00e9trico e \u201cvia um mar de gente\u201d vestindo \u201cbranco em defesa da vida\u201d.<\/p>\n<p style=\"text-align: justify;\">Em Cuiab\u00e1 (MT), a caminhada pela vida teve a participa\u00e7\u00e3o de cerca de 8 mil pessoas. Eles partiram da Pra\u00e7a Ulisses Guimar\u00e3es at\u00e9 o Parque das \u00c1guas, onde o arcebispo de Cuiab\u00e1, dom M\u00e1rio Antonio da Silva celebrou uma missa campal \u00e0s 17h30.<\/p>\n<p style=\"text-align: justify;\">Em sua homilia, dom M\u00e1rio Antonio disse que \u201ctodos os nossos gritos s\u00e3o importantes\u201d. Ele destacou que &#8220;dizer sim a vida deve ser o nosso grito maior\u201d, especialmente \u201cno contexto que vivemos hoje no Brasil\u201d.<\/p>\n<p style=\"text-align: justify;\"><em>\u201cDizer n\u00e3o ao aborto deve ser um grito forte que deve continuar a ecoar, mesmo que a quest\u00e3o da ADPF, parece-me que foi tirada de pauta momentaneamente, mas infelizmente a pr\u00e1tica do aborto continua. E enquanto n\u00e3o conseguirmos zerar a pr\u00e1tica do aborto, enquanto n\u00e3o conseguirmos fechar as cl\u00ednicas abortivas, as clandestinas no Brasil, n\u00f3s precisamos gritar, nos unir, nos mobilizar em defesa da vida. Mas para que o nosso grito ecoe durante toda a semana e todo o ano, n\u00f3s precisamos olhar para as gestantes, precisamos acolher o nascituro. Eis a nossa vinha que devemos cuidar\u201d<\/em>, disse o arcebispo de Cuiab\u00e1.<\/p>\n<p style=\"text-align: justify;\">A capital do pa\u00eds, Bras\u00edlia teve mais de 2 mil pessoas participando da caminhada pela vida, que iniciou na catedral e percorreu o quadril\u00e1tero da Esplanada dos Minist\u00e9rios, finalizando com a sexto dia da novena em honra a Nossa Senhora Aparecida e missa na catedral, \u00e0s 19h30, celebrada pelo bispo de Formosa (GO), dom Adair Jos\u00e9 Guimar\u00e3es.<\/p>\n<p style=\"text-align: justify;\">Dom Adair Jos\u00e9 convidou os fi\u00e9is a \u201crezarem pelos nascituros e por aquelas crian\u00e7as que n\u00e3o puderam nascer em raz\u00e3o da maldade e do ego\u00edsmo humano\u201d. Ele ressaltou que a Semana Nacional pela Vida \u201cfoi uma semana muito bonita, com diversas manifesta\u00e7\u00f5es pr\u00f3-vida em nosso pa\u00eds, que auxiliaram no recuo dessa ADPF 442\u201d.<\/p>\n<p style=\"text-align: justify;\"><em>\u201cNo Brasil as coisas ainda n\u00e3o v\u00e3o bem, porque precisamos criar harmonia entre os tr\u00eas poderes. Neste Dia do Nascituro, n\u00f3s olhamos para Nossa Senhora e queremos pedir como a princesa Isabel pediu a Nossa Senhora Aparecida, para que ela reine, que seja a rainha e padroeira do Brasil\u201d<\/em>, declarou o bispo de Formosa.<\/p>\n<p style=\"text-align: justify;\"><strong>Descriminaliza\u00e7\u00e3o do aborto<\/strong><\/p>\n<p style=\"text-align: justify;\">A Argui\u00e7\u00e3o de Descumprimento de Preceito Fundamental (ADPF) 442, que visa descriminalizar o aborto a partir da 12\u00aa semana de gesta\u00e7\u00e3o no Brasil, foi requerida pelo Partido Socialismo e Liberdade (PSOL) em mar\u00e7o de 2017, no Supremo Tribunal Federal (STF). Seu julgamento ocorreu no dia 22 de setembro, no plen\u00e1rio virtual do Supremo com o voto favor\u00e1vel da ex-presidente do STF e relatora da a\u00e7\u00e3o, ministra Rosa Weber, mas foi suspenso com um pedido de destaque do atual presidente do STF, ministro Lu\u00eds Roberto Barroso, sem nova data para o julgamento.<\/p>\n<p style=\"text-align: justify;\">Na sexta-feira (6) Barroso disse ao jornal\u00a0<em>Folha de S. Paulo<\/em>\u00a0que \u201cn\u00e3o h\u00e1 nenhuma previs\u00e3o para marcar o julgamento sobre a descriminaliza\u00e7\u00e3o do aborto at\u00e9 o terceiro m\u00eas de gesta\u00e7\u00e3o\u201d, pois entende \u201cque esse \u00e9 um tema que ainda precisa de mais debate na sociedade\u201d.<\/p>\n","protected":false},"excerpt":{"rendered":"<p>Milhares de pessoas de 105 cidades do Brasil foram \u00e0s ruas em defesa da vida na \u201cCaminhada pela Vida Contra o Aborto\u201d, ontem (8), Dia do Nascituro. O ato em defesa do nascituro promovido pela Rede Nacional em Defesa da Vida e da Fam\u00edlia juntamente com outros movimentos e associa\u00e7\u00f5es pr\u00f3-vida do Brasil foi \u201cum [&hellip;]<\/p>\n","protected":false},"author":1,"featured_media":84660,"comment_status":"open","ping_status":"closed","sticky":false,"template":"","format":"standard","meta":{"footnotes":""},"categories":[4,13],"tags":[],"class_list":["post-84659","post","type-post","status-publish","format-standard","has-post-thumbnail","hentry","category-cotidiano","category-featured"],"_links":{"self":[{"href":"https:\/\/catolicanet.net\/wp-cnet\/wp-json\/wp\/v2\/posts\/84659","targetHints":{"allow":["GET"]}}],"collection":[{"href":"https:\/\/catolicanet.net\/wp-cnet\/wp-json\/wp\/v2\/posts"}],"about":[{"href":"https:\/\/catolicanet.net\/wp-cnet\/wp-json\/wp\/v2\/types\/post"}],"author":[{"embeddable":true,"href":"https:\/\/catolicanet.net\/wp-cnet\/wp-json\/wp\/v2\/users\/1"}],"replies":[{"embeddable":true,"href":"https:\/\/catolicanet.net\/wp-cnet\/wp-json\/wp\/v2\/comments?post=84659"}],"version-history":[{"count":1,"href":"https:\/\/catolicanet.net\/wp-cnet\/wp-json\/wp\/v2\/posts\/84659\/revisions"}],"predecessor-version":[{"id":84661,"href":"https:\/\/catolicanet.net\/wp-cnet\/wp-json\/wp\/v2\/posts\/84659\/revisions\/84661"}],"wp:featuredmedia":[{"embeddable":true,"href":"https:\/\/catolicanet.net\/wp-cnet\/wp-json\/wp\/v2\/media\/84660"}],"wp:attachment":[{"href":"https:\/\/catolicanet.net\/wp-cnet\/wp-json\/wp\/v2\/media?parent=84659"}],"wp:term":[{"taxonomy":"category","embeddable":true,"href":"https:\/\/catolicanet.net\/wp-cnet\/wp-json\/wp\/v2\/categories?post=84659"},{"taxonomy":"post_tag","embeddable":true,"href":"https:\/\/catolicanet.net\/wp-cnet\/wp-json\/wp\/v2\/tags?post=84659"}],"curies":[{"name":"wp","href":"https:\/\/api.w.org\/{rel}","templated":true}]}}