{"id":84647,"date":"2023-10-10T10:08:43","date_gmt":"2023-10-10T13:08:43","guid":{"rendered":"https:\/\/catolicanet.net\/wp-cnet\/?p=84647"},"modified":"2023-10-10T14:09:59","modified_gmt":"2023-10-10T17:09:59","slug":"dia-do-nascituro-caminhadas-pelo-brasil-levam-as-ruas-posicao-em-favor-da-vida-humana-desde-a-concepcao","status":"publish","type":"post","link":"https:\/\/catolicanet.net\/wp-cnet\/dia-do-nascituro-caminhadas-pelo-brasil-levam-as-ruas-posicao-em-favor-da-vida-humana-desde-a-concepcao\/","title":{"rendered":"DIA DO NASCITURO: CAMINHADAS PELO BRASIL LEVAM \u00c0S RUAS POSI\u00c7\u00c3O EM FAVOR DA VIDA HUMANA DESDE A CONCEP\u00c7\u00c3O"},"content":{"rendered":"<p style=\"text-align: justify;\">Milhares de pessoas participaram, em mais de 60 cidades brasileiras, das caminhadas pela vida, no \u00faltimo domingo, 8 de outubro, no Dia do Nascituro, encerramento da Semana Nacional da Vida. Agentes da Pastoral Familiar, membros de novas comunidades, fam\u00edlias, religiosos e pessoas de boa vontade foram \u00e0s ruas para manifestar sua posi\u00e7\u00e3o em favor da vida desde a concep\u00e7\u00e3o. A vota\u00e7\u00e3o no Supremo Tribunal Federal (STF) que pode descriminalizar o aborto at\u00e9 a d\u00e9cima segunda semana de gesta\u00e7\u00e3o foi um fator determinante para maior mobiliza\u00e7\u00e3o nos atos.<\/p>\n<p style=\"text-align: justify;\">Confira como foram algumas atividades:<\/p>\n<h3 style=\"text-align: justify;\">Bras\u00edlia<\/h3>\n<p style=\"text-align: justify;\">Em Bras\u00edlia, a Caminhada pela Vida foi realizada na Esplanada dos Minist\u00e9rios, com origem na catedral metropolitana Nossa Senhora Aparecida. O evento tamb\u00e9m teve a participa\u00e7\u00e3o de pol\u00edticos ligados \u00e0 causa pr\u00f3-vida e organiza\u00e7\u00f5es da sociedade. O assessor eclesi\u00e1stico do Setor Vida e Fam\u00edlia da arquidiocese de Bras\u00edlia, padre Jo\u00e3o Baptista Mezzalira, ressaltou que o Dia do Nascituro \u201c\u00e9 uma data muito especial para n\u00f3s, pois precisamos ajudar a sociedade a lembrar desse princ\u00edpio natural de conserva\u00e7\u00e3o da vida e de respeito ao ser humano, que tem os seus direitos desde o momento de sua concep\u00e7\u00e3o por j\u00e1 ser uma pessoa\u201d.<\/p>\n<p style=\"text-align: justify;\">A presidente do Movimento Brasil sem Aborto e assessora da Comiss\u00e3o Especial de Bio\u00e9tica da Confer\u00eancia Nacional dos Bispos do Brasil (CNBB), doutora Lenise Garcia, ressaltou a necessidade de dar visibilidade \u00e0 consci\u00eancia da maioria da popula\u00e7\u00e3o, que \u00e9 a favor da vida.<\/p>\n<blockquote><p>\u201cN\u00f3s precisamos aprender a manifestar tamb\u00e9m o nosso posicionamento de v\u00e1rias formas e principalmente com essas manifesta\u00e7\u00f5es p\u00fablicas, exatamente para que a popula\u00e7\u00e3o possa mostrar que \u00e9 contra o aborto e a favor da vida\u201d, frisou.<\/p><\/blockquote>\n<div id=\"gallery-1\" class=\"gallery galleryid-953348 gallery-columns-2 gallery-size-full\" style=\"text-align: justify;\">\n<figure class=\"gallery-item\">\n<div class=\"gallery-icon landscape\"><a class=\"rl-gallery-link\" title=\"\" href=\"https:\/\/www.cnbb.org.br\/wp-content\/uploads\/2023\/10\/Caminhada-pela-Vida-Brasilia.jpg\" data-rl_title=\"\" data-rl_caption=\"\" data-rel=\"lightbox-gallery-1\"><img loading=\"lazy\" decoding=\"async\" class=\"attachment-full size-full\" src=\"https:\/\/www.cnbb.org.br\/wp-content\/uploads\/2023\/10\/Caminhada-pela-Vida-Brasilia.jpg\" sizes=\"auto, (max-width: 799px) 100vw, 799px\" srcset=\"https:\/\/www.cnbb.org.br\/wp-content\/uploads\/2023\/10\/Caminhada-pela-Vida-Brasilia.jpg 799w, https:\/\/www.cnbb.org.br\/wp-content\/uploads\/2023\/10\/Caminhada-pela-Vida-Brasilia-300x200.jpg 300w, https:\/\/www.cnbb.org.br\/wp-content\/uploads\/2023\/10\/Caminhada-pela-Vida-Brasilia-768x512.jpg 768w, https:\/\/www.cnbb.org.br\/wp-content\/uploads\/2023\/10\/Caminhada-pela-Vida-Brasilia-500x334.jpg 500w\" alt=\"\" width=\"799\" height=\"533\" \/><\/a><\/div>\n<\/figure>\n<figure class=\"gallery-item\">\n<div class=\"gallery-icon landscape\"><a class=\"rl-gallery-link\" title=\"\" href=\"https:\/\/www.cnbb.org.br\/wp-content\/uploads\/2023\/10\/53245447531_2a7dcffd16_c.jpg\" data-rl_title=\"\" data-rl_caption=\"\" data-rel=\"lightbox-gallery-1\"><img loading=\"lazy\" decoding=\"async\" class=\"attachment-full size-full\" src=\"https:\/\/www.cnbb.org.br\/wp-content\/uploads\/2023\/10\/53245447531_2a7dcffd16_c.jpg\" sizes=\"auto, (max-width: 799px) 100vw, 799px\" srcset=\"https:\/\/www.cnbb.org.br\/wp-content\/uploads\/2023\/10\/53245447531_2a7dcffd16_c.jpg 799w, https:\/\/www.cnbb.org.br\/wp-content\/uploads\/2023\/10\/53245447531_2a7dcffd16_c-300x200.jpg 300w, https:\/\/www.cnbb.org.br\/wp-content\/uploads\/2023\/10\/53245447531_2a7dcffd16_c-768x512.jpg 768w, https:\/\/www.cnbb.org.br\/wp-content\/uploads\/2023\/10\/53245447531_2a7dcffd16_c-500x334.jpg 500w\" alt=\"\" width=\"799\" height=\"533\" \/><\/a><\/div>\n<\/figure>\n<\/div>\n<p style=\"text-align: justify;\">\n<h3 style=\"text-align: justify;\">Pernambuco<\/h3>\n<p style=\"text-align: justify;\">No Recife (PE), milhares de pessoas estiveram na orla de Boa Viagem para a 14\u00aa edi\u00e7\u00e3o do \u201cSim \u00e0 Vida\u201d. O evento arquidiocesano foi realizado novamente depois de quatro anos, por conta da pandemia e do Congresso Eucar\u00edstico Nacional. M\u00fasicas, prega\u00e7\u00f5es e Missa foram as atividades propostas.<\/p>\n<p style=\"text-align: justify;\">A eucaristia foi presidida pelo arcebispo de Olinda e Recife e segundo vice-presidente da CNBB, dom Paulo Jackson N\u00f3brega de Sousa, que alertou que o aborto n\u00e3o \u00e9 um assunto isolado, \u201cest\u00e1 relacionado a interesses econ\u00f4micos globais\u201d. Dom Paulo tamb\u00e9m ressaltou que o Papa Francisco oferece bases b\u00edblicas e espirituais para preservar a vida no planeta.<\/p>\n<figure id=\"attachment_953366\" class=\"wp-caption aligncenter\" style=\"text-align: justify;\" aria-describedby=\"caption-attachment-953366\"><img loading=\"lazy\" decoding=\"async\" class=\"size-full wp-image-953366\" src=\"https:\/\/www.cnbb.org.br\/wp-content\/uploads\/2023\/10\/Dom-Paulo-Jackson-Sim-a-Vida.jpeg\" sizes=\"auto, (max-width: 1040px) 100vw, 1040px\" srcset=\"https:\/\/www.cnbb.org.br\/wp-content\/uploads\/2023\/10\/Dom-Paulo-Jackson-Sim-a-Vida.jpeg 1040w, https:\/\/www.cnbb.org.br\/wp-content\/uploads\/2023\/10\/Dom-Paulo-Jackson-Sim-a-Vida-300x225.jpeg 300w, https:\/\/www.cnbb.org.br\/wp-content\/uploads\/2023\/10\/Dom-Paulo-Jackson-Sim-a-Vida-1024x768.jpeg 1024w, https:\/\/www.cnbb.org.br\/wp-content\/uploads\/2023\/10\/Dom-Paulo-Jackson-Sim-a-Vida-768x576.jpeg 768w, https:\/\/www.cnbb.org.br\/wp-content\/uploads\/2023\/10\/Dom-Paulo-Jackson-Sim-a-Vida-500x375.jpeg 500w, https:\/\/www.cnbb.org.br\/wp-content\/uploads\/2023\/10\/Dom-Paulo-Jackson-Sim-a-Vida-800x600.jpeg 800w\" alt=\"\" width=\"1040\" height=\"780\" \/><figcaption id=\"caption-attachment-953366\" class=\"wp-caption-text\">Foto: reprodu\u00e7\u00e3o\/arquidiocese de Olinda e Recife<\/figcaption><\/figure>\n<blockquote><p>\u201cPrecisamos dizer sim \u00e0 vida em sua plenitude, opondo-nos claramente ao aborto e \u00e0 eutan\u00e1sia. Louvemos a Deus, o \u00fanico criador, e protegemos a vida, pois quando cuidamos dela, ela nos guarda\u201d, disse dom Paulo Jackson.<\/p><\/blockquote>\n<h3 style=\"text-align: justify;\">S\u00e3o Paulo<\/h3>\n<p style=\"text-align: justify;\">Na capital paulista, a tradicional\u00a0<a href=\"https:\/\/www.instagram.com\/reel\/CyL-_r0p9nU\/?utm_source=ig_web_copy_link&amp;igshid=MzRlODBiNWFlZA==\" target=\"_blank\" rel=\"noopener\">Marcha pela Vida<\/a>\u00a0reuniu centenas de pessoas na Avenida Brigadeiro Lu\u00eds Ant\u00f4nio, com o objetivo de celebrar \u201co dom da vida, que tem in\u00edcio na concep\u00e7\u00e3o, agradecendo a Deus e conscientizando as pessoas da import\u00e2ncia de dizer Sim \u00e0 vida\u201d, como explicou a coordenadora da marcha em S\u00e3o Paulo, Elaine Cancian.<\/p>\n<p style=\"text-align: justify;\">Ela completa que, junto com esse primeiro e maior objetivo, o grupo se manifestou contra a Argui\u00e7\u00e3o de Descumprimento de Preceito Fundamental (ADPF) 442, que pede a descriminaliza\u00e7\u00e3o do aborto no Brasil. A a\u00e7\u00e3o, sublinha Elaine, objetiva \u201clegalizar o assassinado no ventre materno e colocando em risco as duas vidas, do beb\u00ea e da m\u00e3e\u201d.<\/p>\n<h3 style=\"text-align: justify;\">Goi\u00e1s<\/h3>\n<p style=\"text-align: justify;\">Na diocese de An\u00e1polis, centenas de pessoas se reuniram na caminhada em defesa do direito \u00e0 vida e contra o aborto. O evento foi marcado pela presen\u00e7a do bispo auxiliar da diocese, dom Dilmo Franco, que se uniu aos manifestantes na Pra\u00e7a das M\u00e3es, dando in\u00edcio \u00e0 jornada. A caminhada contou com a presen\u00e7a de representantes do Pr\u00f3-Vida de An\u00e1polis, da Pastoral Familiar, Comunidade Fam\u00edlias Novas e diversos outros movimentos e pastorais da diocese.<\/p>\n<p style=\"text-align: justify;\">O ponto de chegada da caminhada foi a Catedral Bom Jesus da Lapa, onde dom Dilmo presidiu a Santa Missa em homenagem ao Dia do Nascituro. Durante a celebra\u00e7\u00e3o, os fi\u00e9is puderam refletir sobre a sacralidade da exist\u00eancia desde a concep\u00e7\u00e3o e orar pela prote\u00e7\u00e3o e bem-estar dos nascituros.<\/p>\n<figure id=\"attachment_953365\" class=\"wp-caption aligncenter\" style=\"text-align: justify;\" aria-describedby=\"caption-attachment-953365\"><img loading=\"lazy\" decoding=\"async\" class=\"size-full wp-image-953365\" src=\"https:\/\/www.cnbb.org.br\/wp-content\/uploads\/2023\/10\/Dom-Dilmo-Caminhada-Vida.jpg\" sizes=\"auto, (max-width: 1620px) 100vw, 1620px\" srcset=\"https:\/\/www.cnbb.org.br\/wp-content\/uploads\/2023\/10\/Dom-Dilmo-Caminhada-Vida.jpg 1620w, https:\/\/www.cnbb.org.br\/wp-content\/uploads\/2023\/10\/Dom-Dilmo-Caminhada-Vida-300x200.jpg 300w, https:\/\/www.cnbb.org.br\/wp-content\/uploads\/2023\/10\/Dom-Dilmo-Caminhada-Vida-1024x683.jpg 1024w, https:\/\/www.cnbb.org.br\/wp-content\/uploads\/2023\/10\/Dom-Dilmo-Caminhada-Vida-768x512.jpg 768w, https:\/\/www.cnbb.org.br\/wp-content\/uploads\/2023\/10\/Dom-Dilmo-Caminhada-Vida-1536x1024.jpg 1536w, https:\/\/www.cnbb.org.br\/wp-content\/uploads\/2023\/10\/Dom-Dilmo-Caminhada-Vida-500x333.jpg 500w\" alt=\"\" width=\"1620\" height=\"1080\" \/><figcaption id=\"caption-attachment-953365\" class=\"wp-caption-text\">Foto: reprodu\u00e7\u00e3o\/diocese de An\u00e1polis<\/figcaption><\/figure>\n<p style=\"text-align: justify;\">\n<h3 style=\"text-align: justify;\">ADPF 442<\/h3>\n<p style=\"text-align: justify;\">A decis\u00e3o da ent\u00e3o ministra e presidente do STF Rosa Weber, de pautar a ADPF antes de sua aposentadoria, gerou apreens\u00e3o na Igreja Cat\u00f3lica e em v\u00e1rios setores da sociedade, preocupados com a inten\u00e7\u00e3o por tr\u00e1s da a\u00e7\u00e3o judicial, que pode ser um precedente para a legaliza\u00e7\u00e3o do aborto em qualquer tempo de gesta\u00e7\u00e3o.<\/p>\n<p style=\"text-align: justify;\">Ap\u00f3s ser colocada em vota\u00e7\u00e3o por meio do plen\u00e1rio virtual, a ADPF 442 recebeu o voto favor\u00e1vel ao aborto da ministra Rosa Weber. Em seguida, o ministro Lu\u00eds Roberto Barroso pediu destaque para que o processo seja votado em plen\u00e1rio presencial.<\/p>\n<p style=\"text-align: justify;\">Padre Jo\u00e3o Baptista Mezzalira ressalta que o momento atual \u00e9 delicado, quando se coloca a vida humana em risco diante das tentativas de legaliza\u00e7\u00e3o do aborto. \u201cEmbora haja altos e baixos, em que parece que o projeto de lei da ADPF 442 esteja retrocedendo, n\u00f3s precisamos manter uma firmeza para conseguirmos com estabilidade ter no nosso Brasil o Estatuto do Nascituro, para que ele proteja sempre essas crian\u00e7as\u201d, afirmou durante a Caminhada pela Vida em Bras\u00edlia.<\/p>\n<p style=\"text-align: justify;\">\n<pre>Foto de capa: arquidiocese de Bras\u00edlia<\/pre>\n","protected":false},"excerpt":{"rendered":"<p>Milhares de pessoas participaram, em mais de 60 cidades brasileiras, das caminhadas pela vida, no \u00faltimo domingo, 8 de outubro, no Dia do Nascituro, encerramento da Semana Nacional da Vida. Agentes da Pastoral Familiar, membros de novas comunidades, fam\u00edlias, religiosos e pessoas de boa vontade foram \u00e0s ruas para manifestar sua posi\u00e7\u00e3o em favor da [&hellip;]<\/p>\n","protected":false},"author":1,"featured_media":84648,"comment_status":"open","ping_status":"closed","sticky":false,"template":"","format":"standard","meta":{"footnotes":""},"categories":[7,13],"tags":[],"class_list":["post-84647","post","type-post","status-publish","format-standard","has-post-thumbnail","hentry","category-cnbb","category-featured"],"_links":{"self":[{"href":"https:\/\/catolicanet.net\/wp-cnet\/wp-json\/wp\/v2\/posts\/84647","targetHints":{"allow":["GET"]}}],"collection":[{"href":"https:\/\/catolicanet.net\/wp-cnet\/wp-json\/wp\/v2\/posts"}],"about":[{"href":"https:\/\/catolicanet.net\/wp-cnet\/wp-json\/wp\/v2\/types\/post"}],"author":[{"embeddable":true,"href":"https:\/\/catolicanet.net\/wp-cnet\/wp-json\/wp\/v2\/users\/1"}],"replies":[{"embeddable":true,"href":"https:\/\/catolicanet.net\/wp-cnet\/wp-json\/wp\/v2\/comments?post=84647"}],"version-history":[{"count":1,"href":"https:\/\/catolicanet.net\/wp-cnet\/wp-json\/wp\/v2\/posts\/84647\/revisions"}],"predecessor-version":[{"id":84649,"href":"https:\/\/catolicanet.net\/wp-cnet\/wp-json\/wp\/v2\/posts\/84647\/revisions\/84649"}],"wp:featuredmedia":[{"embeddable":true,"href":"https:\/\/catolicanet.net\/wp-cnet\/wp-json\/wp\/v2\/media\/84648"}],"wp:attachment":[{"href":"https:\/\/catolicanet.net\/wp-cnet\/wp-json\/wp\/v2\/media?parent=84647"}],"wp:term":[{"taxonomy":"category","embeddable":true,"href":"https:\/\/catolicanet.net\/wp-cnet\/wp-json\/wp\/v2\/categories?post=84647"},{"taxonomy":"post_tag","embeddable":true,"href":"https:\/\/catolicanet.net\/wp-cnet\/wp-json\/wp\/v2\/tags?post=84647"}],"curies":[{"name":"wp","href":"https:\/\/api.w.org\/{rel}","templated":true}]}}