{"id":84643,"date":"2023-10-10T09:03:31","date_gmt":"2023-10-10T12:03:31","guid":{"rendered":"https:\/\/catolicanet.net\/wp-cnet\/?p=84643"},"modified":"2023-10-10T14:05:10","modified_gmt":"2023-10-10T17:05:10","slug":"sinodo-escutar-a-todos-para-fazer-discernimento-comunitario","status":"publish","type":"post","link":"https:\/\/catolicanet.net\/wp-cnet\/sinodo-escutar-a-todos-para-fazer-discernimento-comunitario\/","title":{"rendered":"S\u00ednodo: escutar a todos para fazer discernimento comunit\u00e1rio"},"content":{"rendered":"<figure class=\"article__image\"><span class=\"didascalia_img\">C\u00edrculos menores durante o S\u00ednodo dos Bispos\u00a0 (Vatican Media)<\/span><\/figure>\n<div class=\"article__meta audioInside\" data-mediatype=\"\">\n<div class=\"article__subTitle\" style=\"text-align: justify;\">A passagem de uma igreja clerical a uma igreja sinodal, acontece hoje num contexto \u201conde j\u00e1 n\u00e3o se \u00e9 crist\u00e3o pelo nascimento, mas pela ades\u00e3o livre, pelo encontrar de Cristo e da comunidade como resposta\u201d, sublinha o padre portugu\u00eas S\u00e9rgio Leal, especialista em sinodalidade.<\/div>\n<div class=\"title__separator\" style=\"text-align: justify;\"><\/div>\n<div class=\"article__text\">\n<p style=\"text-align: justify;\"><b>Rui Saraiva \u2013 Portugal<\/b><\/p>\n<div style=\"text-align: justify;\">\n<div class=\"article__embed article__embed--unwrap article__embed--dark\">\n<div class=\"article__innerTitle\">Ou\u00e7a e compartilhe<\/div>\n<div>\n<audio class=\"wp-audio-shortcode\" id=\"audio-84643-1\" preload=\"none\" style=\"width: 100%;\" controls=\"controls\"><source type=\"audio\/mpeg\" src=\"https:\/\/media.vaticannews.va\/media\/audio\/s1\/2023\/10\/10\/09\/137353046_F137353046.mp3?_=1\" \/><a href=\"https:\/\/media.vaticannews.va\/media\/audio\/s1\/2023\/10\/10\/09\/137353046_F137353046.mp3\">https:\/\/media.vaticannews.va\/media\/audio\/s1\/2023\/10\/10\/09\/137353046_F137353046.mp3<\/a><\/audio>\n<\/div>\n<\/div>\n<\/div>\n<p style=\"text-align: justify;\">Continua a decorrer no Vaticano a primeira sess\u00e3o da XVI Assembleia Geral do S\u00ednodo dos Bispos subordinada ao tema \u201cPor uma Igreja sinodal: comunh\u00e3o, participa\u00e7\u00e3o, miss\u00e3o\u201d.<\/p>\n<p style=\"text-align: justify;\">Ap\u00f3s as fases diocesana e continental, num caminho iniciado em 2021, at\u00e9 29 de outubro est\u00e3o no Vaticano 464 participantes dos quais 365 t\u00eam direito a voto, incluindo 54 mulheres.<\/p>\n<p style=\"text-align: justify;\">O padre portugu\u00eas S\u00e9rgio Leal tem vindo a ajudar-nos neste caminho sinodal e recorda a import\u00e2ncia do di\u00e1logo entre a Igreja e o mundo, no espirito do Conc\u00edlio Vaticano II.<\/p>\n<h2 style=\"text-align: justify;\">Encontrar Cristo e a comunidade<\/h2>\n<p style=\"text-align: justify;\">O especialista em sinodalidade, sublinha que a passagem de uma igreja clerical a uma igreja sinodal, acontece hoje num contexto \u201conde j\u00e1 n\u00e3o se \u00e9 crist\u00e3o pelo nascimento, mas pela ades\u00e3o livre, pelo encontrar de Cristo e da comunidade como resposta\u201d.<\/p>\n<p style=\"text-align: justify;\">\u201cO Papa Jo\u00e3o XXIII quando convoca o Conc\u00edlio Vaticano II diz que \u00e9 necess\u00e1rio dizer a doutrina de sempre na linguagem de hoje. Isto \u00e9, ser capaz de traduzir o nosso rico patrim\u00f3nio evangelizador naquilo que s\u00e3o as linguagens e o horizonte social e cultural que temos diante de n\u00f3s. Portanto, \u00e9 esta transforma\u00e7\u00e3o social e cultural que implica uma transforma\u00e7\u00e3o do nosso modo de habitar e de evangelizar. E da\u00ed que esta passagem de uma igreja clerical a uma igreja sinodal \u00e9 a passagem de um cristianismo de cristandade a um cristianismo de ades\u00e3o livre e volunt\u00e1ria. Num contexto social e cultural como o nosso, onde j\u00e1 n\u00e3o se \u00e9 crist\u00e3o pelo nascimento, mas pela ades\u00e3o livre, pelo encontrar de Cristo e da comunidade como resposta para os meus anseios e desafios, aqui nasce um outro modo de ser crist\u00e3o, de um cristianismo que \u00e9 do horizonte da gra\u00e7a e da proposta e da capacidade da Igreja dialogar com o mundo contempor\u00e2neo sabendo-se que n\u00e3o \u00e9 a \u00fanica resposta, como acontecia no passado, mas uma entre as muitas respostas\u201d, sublinha o sacerdote.<\/p>\n<h2 style=\"text-align: justify;\">Escutar todos para a comunh\u00e3o e unidade<\/h2>\n<p style=\"text-align: justify;\">Segundo o docente da Universidade Cat\u00f3lica Portuguesa, no processo de decis\u00e3o numa comunidade crist\u00e3, o voto tem car\u00e1ter \u201cconsultivo, mas n\u00e3o pode ser acess\u00f3rio\u201d. E todos devem ser escutados para se gerar comunh\u00e3o e unidade.<\/p>\n<p style=\"text-align: justify;\">\u201cO modelo que nos serve \u00e9 o eclesial da comunh\u00e3o e da unidade. E, portanto, o voto \u00e9 consultivo, mas n\u00e3o pode ser acess\u00f3rio. E o problema reside precisamente a\u00ed, onde quem preside, de facto, tem de tomar a decis\u00e3o em nome da comunidade, mas n\u00e3o o faz em nome pr\u00f3prio. Todos os batizados em virtude do sacramento do batismo s\u00e3o chamados a ser correspons\u00e1veis e a construir a Igreja. Quanto mais eu for capaz de escutar a todos, melhor eu serei capaz de responder \u00e0 realidade que tenho diante de mim\u201d, afirmou o sacerdote.<\/p>\n<p style=\"text-align: justify;\">\u201cN\u00e3o podemos assumir os desafios da evangeliza\u00e7\u00e3o do mundo contempor\u00e2neo, se n\u00e3o formos capazes de escutar aquele que queremos evangelizar\u201d, refere o padre S\u00e9rgio Leal, assinalando que o \u201cminist\u00e9rio de presid\u00eancia da comunidade, \u00e9 o minist\u00e9rio de servi\u00e7o\u201d.<\/p>\n<p style=\"text-align: justify;\">\u201cEm primeiro lugar temos de voltar ao minist\u00e9rio ordenado tal como Jesus o sonhou. Jesus quando o prop\u00f5e diz aos seus disc\u00edpulos: \u2018vedes como os grandes das na\u00e7\u00f5es exercem dom\u00ednio sobre elas. N\u00e3o seja assim entre v\u00f3s. O maior \u00e9 aquele que serve\u2019. O minist\u00e9rio de presid\u00eancia da comunidade, \u00e9 o minist\u00e9rio de servi\u00e7o. E de servi\u00e7o \u00e0 comunh\u00e3o e \u00e0 unidade. O Papa Francisco diz que a sinodalidade deveria implicar todas as decis\u00f5es. E isso n\u00e3o quer dizer uma democratiza\u00e7\u00e3o das decis\u00f5es, n\u00e3o quer dizer que vamos constituir um parlamento, mas quer dizer que se a Igreja \u00e9 o povo de batizados que caminha na unidade do Pai, do Filho e do Esp\u00edrito Santo, \u00e9 nesta comunh\u00e3o de batizados que haveremos de edificar e construir a Igreja. N\u00e3o podemos assumir os desafios da evangeliza\u00e7\u00e3o do mundo contempor\u00e2neo, se n\u00e3o formos capazes de escutar aquele que queremos evangelizar\u201d, declara o padre S\u00e9rgio Leal.<\/p>\n<h2 style=\"text-align: justify;\">De clerical a sinodal com a atitude do discernimento<\/h2>\n<p style=\"text-align: justify;\">O sacerdote portugu\u00eas assinala a import\u00e2ncia do discernimento comunit\u00e1rio para a tomada de decis\u00f5es. Passando de uma atitude clerical a uma atitude sinodal que procura gerar consenso e comunh\u00e3o.<\/p>\n<p style=\"text-align: justify;\">\u201cSublinho uma coisa que gosto de dizer muitas vezes: a Igreja n\u00e3o funciona por maiorias nem minorias, mas por consenso e comunh\u00e3o. Por isso, na tomada de decis\u00e3o, para que ela deixe de ser clerical para ser sinodal, implica uma atitude de discernimento comunit\u00e1rio. Que \u00e9 conduzido pelo Esp\u00edrito, que n\u00e3o \u00e9 imediato. Uma decis\u00e3o importante que vincula a vida da comunidade \u00e9 importante n\u00e3o a decidir de modo imediato apenas porque temos uma maioria. N\u00e3o se decide pela Igreja, nem a favor da Igreja, devemos decidir como Igreja. Juntos. Procurando aquilo que o Esp\u00edrito nos pede aqui e agora\u201d, afirma.<\/p>\n<p style=\"text-align: justify;\">Esta \u00e9 o primeiro tempo do S\u00ednodo em Roma. Em 2024 ser\u00e1 a segunda sess\u00e3o. Entre os dois momentos haver\u00e1 muito caminho sinodal a percorrer.<\/p>\n<p style=\"text-align: justify;\"><i>Laudetur Iesus Christus<\/i><\/p>\n<\/div>\n<\/div>\n","protected":false},"excerpt":{"rendered":"<p>C\u00edrculos menores durante o S\u00ednodo dos Bispos\u00a0 (Vatican Media) A passagem de uma igreja clerical a uma igreja sinodal, acontece hoje num contexto \u201conde j\u00e1 n\u00e3o se \u00e9 crist\u00e3o pelo nascimento, mas pela ades\u00e3o livre, pelo encontrar de Cristo e da comunidade como resposta\u201d, sublinha o padre portugu\u00eas S\u00e9rgio Leal, especialista em sinodalidade. Rui Saraiva [&hellip;]<\/p>\n","protected":false},"author":1,"featured_media":84644,"comment_status":"open","ping_status":"closed","sticky":false,"template":"","format":"standard","meta":{"footnotes":""},"categories":[3],"tags":[],"class_list":["post-84643","post","type-post","status-publish","format-standard","has-post-thumbnail","hentry","category-vaticano"],"_links":{"self":[{"href":"https:\/\/catolicanet.net\/wp-cnet\/wp-json\/wp\/v2\/posts\/84643","targetHints":{"allow":["GET"]}}],"collection":[{"href":"https:\/\/catolicanet.net\/wp-cnet\/wp-json\/wp\/v2\/posts"}],"about":[{"href":"https:\/\/catolicanet.net\/wp-cnet\/wp-json\/wp\/v2\/types\/post"}],"author":[{"embeddable":true,"href":"https:\/\/catolicanet.net\/wp-cnet\/wp-json\/wp\/v2\/users\/1"}],"replies":[{"embeddable":true,"href":"https:\/\/catolicanet.net\/wp-cnet\/wp-json\/wp\/v2\/comments?post=84643"}],"version-history":[{"count":1,"href":"https:\/\/catolicanet.net\/wp-cnet\/wp-json\/wp\/v2\/posts\/84643\/revisions"}],"predecessor-version":[{"id":84645,"href":"https:\/\/catolicanet.net\/wp-cnet\/wp-json\/wp\/v2\/posts\/84643\/revisions\/84645"}],"wp:featuredmedia":[{"embeddable":true,"href":"https:\/\/catolicanet.net\/wp-cnet\/wp-json\/wp\/v2\/media\/84644"}],"wp:attachment":[{"href":"https:\/\/catolicanet.net\/wp-cnet\/wp-json\/wp\/v2\/media?parent=84643"}],"wp:term":[{"taxonomy":"category","embeddable":true,"href":"https:\/\/catolicanet.net\/wp-cnet\/wp-json\/wp\/v2\/categories?post=84643"},{"taxonomy":"post_tag","embeddable":true,"href":"https:\/\/catolicanet.net\/wp-cnet\/wp-json\/wp\/v2\/tags?post=84643"}],"curies":[{"name":"wp","href":"https:\/\/api.w.org\/{rel}","templated":true}]}}