{"id":84617,"date":"2023-10-09T10:50:08","date_gmt":"2023-10-09T13:50:08","guid":{"rendered":"https:\/\/catolicanet.net\/wp-cnet\/?p=84617"},"modified":"2023-10-09T11:51:04","modified_gmt":"2023-10-09T14:51:04","slug":"vida-de-oracao-caminho-de-intimidade-com-deus","status":"publish","type":"post","link":"https:\/\/catolicanet.net\/wp-cnet\/vida-de-oracao-caminho-de-intimidade-com-deus\/","title":{"rendered":"Vida de ora\u00e7\u00e3o: caminho de intimidade com Deus"},"content":{"rendered":"<h2 class=\"subtitle\" style=\"text-align: justify;\">Mas, afinal, como devemos rezar? Os grandes m\u00edsticos chegaram a uma conclus\u00e3o:<\/h2>\n<p style=\"text-align: justify;\">Em nosso relacionamento di\u00e1rio com Deus a vida de ora\u00e7\u00e3o \u00e9 essencial, pois \u00e9 a forma, o meio que falamos com Deus e Ele nos fala. \u00c0 medida que crescemos em nossa vida de ora\u00e7\u00e3o crescemos na intimidade com Deus, assim como amigos que crescem no conhecimento um do outro. Por isso, nossa vida de ora\u00e7\u00e3o deve sim estar inclu\u00edda em nossas atividades cotidianas. Afinal, s\u00f3 cresceremos na intimidade com Deus se O conhecemos e O amamos.<\/p>\n<p style=\"text-align: justify;\">Em nossos dias a dispers\u00e3o, a ansiedade, a tecnologia e o barulho dificultam em muito nossa vida de ora\u00e7\u00e3o. Pois nosso primeiro passo para a ora\u00e7\u00e3o deve ser o recolhimento interior. O sil\u00eancio \u00e9 parte introdut\u00f3ria e importante para isso, pois ao se dispor a rezar \u00e9 preciso tomar consci\u00eancia de quem sou, como estou, e a Quem me dirijo: Deus. Fato \u00e9 que na busca do sil\u00eancio pedir ao Esp\u00edrito Santo que nos ajude \u00e9 um gesto de humildade. Deixar que o sil\u00eancio nos traga a presen\u00e7a do Esp\u00edrito que habita no mais \u00edntimo de n\u00f3s.<\/p>\n<p style=\"text-align: justify;\">O hor\u00e1rio em que se disp\u00f5e a rezar ajudar\u00e1 em muito no recolhimento interior. Mas, afinal, como devemos rezar? Os grandes m\u00edsticos chegaram a uma conclus\u00e3o: um dos meios mais eficazes para a ora\u00e7\u00e3o \u00e9 conversar com Deus. Sim, conversar com Deus pois Ele \u00e9 uma Pessoa e nos ouve n\u00e3o s\u00f3 como filhos amados, mas tamb\u00e9m como amigos. Naturalmente que temos meios eficazes para nossa ora\u00e7\u00e3o pessoal, como por exemplo o Santo Ter\u00e7o, a Palavra de Deus, a leitura espiritual, a Liturgia das Horas, devo\u00e7\u00f5es pessoais etc. Contudo, nosso di\u00e1logo pessoal com Deus jamais pode faltar. Numa simples compara\u00e7\u00e3o o di\u00e1logo com Deus \u00e9 como o sabor de algo que comemos e jamais nos esquecemos.<\/p>\n<p style=\"text-align: justify;\">Dessa forma, organizar a vida de ora\u00e7\u00e3o di\u00e1ria incluindo um momento de di\u00e1logo com Deus \u00e9 important\u00edssimo para colher frutos ao longo de nossa caminhada espiritual. Quanto mais conversamos com Deus de forma pessoal e \u00edntima, mais seremos \u00edntimos de Deus. Assim, ouviremos Deus n\u00e3o segundo nossa vontade e nossa raz\u00e3o, mas segundo o Esp\u00edrito Santo que quer falar em n\u00f3s. Deixar Deus falar em n\u00f3s \u00e9 nos dias atuais uma forma de am\u00e1-Lo sobre todas as coisas, pois s\u00e3o muitas as vozes que falam em n\u00f3s e nos tiram a gra\u00e7a de ouvi-Lo.<\/p>\n<p style=\"text-align: justify;\">O hor\u00e1rio, o lugar, o sil\u00eancio e a disposi\u00e7\u00e3o nos ajudam muito em nossa ora\u00e7\u00e3o pessoal. Todavia jamais nos esque\u00e7amos que para nos dirigir a Ele basta uma coisa: am\u00e1-Lo. Por isso, amemos a Deus tamb\u00e9m em nossa ora\u00e7\u00e3o di\u00e1ria. Ele nos espera, nos sustenta, nos ouve, nos ama\u2026 basta que nos dirijamos a Ele. E Ele, na Sua onipotente paci\u00eancia, nos abra\u00e7ar\u00e1 em sil\u00eancio e nos dir\u00e1 aquilo que somente o Seu sil\u00eancio pode nos dizer.<\/p>\n","protected":false},"excerpt":{"rendered":"<p>Mas, afinal, como devemos rezar? Os grandes m\u00edsticos chegaram a uma conclus\u00e3o: Em nosso relacionamento di\u00e1rio com Deus a vida de ora\u00e7\u00e3o \u00e9 essencial, pois \u00e9 a forma, o meio que falamos com Deus e Ele nos fala. \u00c0 medida que crescemos em nossa vida de ora\u00e7\u00e3o crescemos na intimidade com Deus, assim como amigos [&hellip;]<\/p>\n","protected":false},"author":1,"featured_media":84618,"comment_status":"open","ping_status":"closed","sticky":false,"template":"","format":"standard","meta":{"footnotes":""},"categories":[4],"tags":[],"class_list":["post-84617","post","type-post","status-publish","format-standard","has-post-thumbnail","hentry","category-cotidiano"],"_links":{"self":[{"href":"https:\/\/catolicanet.net\/wp-cnet\/wp-json\/wp\/v2\/posts\/84617","targetHints":{"allow":["GET"]}}],"collection":[{"href":"https:\/\/catolicanet.net\/wp-cnet\/wp-json\/wp\/v2\/posts"}],"about":[{"href":"https:\/\/catolicanet.net\/wp-cnet\/wp-json\/wp\/v2\/types\/post"}],"author":[{"embeddable":true,"href":"https:\/\/catolicanet.net\/wp-cnet\/wp-json\/wp\/v2\/users\/1"}],"replies":[{"embeddable":true,"href":"https:\/\/catolicanet.net\/wp-cnet\/wp-json\/wp\/v2\/comments?post=84617"}],"version-history":[{"count":1,"href":"https:\/\/catolicanet.net\/wp-cnet\/wp-json\/wp\/v2\/posts\/84617\/revisions"}],"predecessor-version":[{"id":84619,"href":"https:\/\/catolicanet.net\/wp-cnet\/wp-json\/wp\/v2\/posts\/84617\/revisions\/84619"}],"wp:featuredmedia":[{"embeddable":true,"href":"https:\/\/catolicanet.net\/wp-cnet\/wp-json\/wp\/v2\/media\/84618"}],"wp:attachment":[{"href":"https:\/\/catolicanet.net\/wp-cnet\/wp-json\/wp\/v2\/media?parent=84617"}],"wp:term":[{"taxonomy":"category","embeddable":true,"href":"https:\/\/catolicanet.net\/wp-cnet\/wp-json\/wp\/v2\/categories?post=84617"},{"taxonomy":"post_tag","embeddable":true,"href":"https:\/\/catolicanet.net\/wp-cnet\/wp-json\/wp\/v2\/tags?post=84617"}],"curies":[{"name":"wp","href":"https:\/\/api.w.org\/{rel}","templated":true}]}}