{"id":84577,"date":"2023-10-06T10:58:28","date_gmt":"2023-10-06T13:58:28","guid":{"rendered":"https:\/\/catolicanet.net\/wp-cnet\/?p=84577"},"modified":"2023-10-06T15:00:40","modified_gmt":"2023-10-06T18:00:40","slug":"o-sinodo-sobre-o-futuro-da-igreja-em-numeros","status":"publish","type":"post","link":"https:\/\/catolicanet.net\/wp-cnet\/o-sinodo-sobre-o-futuro-da-igreja-em-numeros\/","title":{"rendered":"O S\u00ednodo sobre o futuro da Igreja em n\u00fameros"},"content":{"rendered":"<h2 class=\"subtitle\" style=\"text-align: justify;\">Os n\u00fameros deste evento refletem a sua import\u00e2ncia para o futuro da Igreja<\/h2>\n<p style=\"text-align: justify;\">OS\u00ednodo intitulado: \u201cPor uma Igreja Sinodal: Comunh\u00e3o, Participa\u00e7\u00e3o e Miss\u00e3o\u201d ser\u00e1 realizado em Roma at\u00e9 29 de outubro de 2013. Os n\u00fameros deste evento refletem a sua import\u00e2ncia para o futuro da Igreja.<\/p>\n<h3 class=\"wp-block-aleteia-rich-list\" style=\"text-align: justify;\"><strong>26 DIAS<\/strong><\/h3>\n<p style=\"text-align: justify;\">O S\u00ednodo come\u00e7ou em setembro de 2021, com as fases locais e depois continentais. Agora, o Papa Francisco lan\u00e7ou solenemente a fase romana do s\u00ednodo no dia 4 de outubro com uma missa na presen\u00e7a dos novos cardeais.\u00a0Essa fase ser\u00e1 encerrada 29 de outubro.<\/p>\n<h3 class=\"wp-block-aleteia-rich-list\" style=\"text-align: justify;\"><strong>264 PARTICIPANTES<\/strong><\/h3>\n<p style=\"text-align: justify;\">Ser\u00e3o 464 participantes discutindo, ouvindo, facilitando ou organizando o bom andamento desta sess\u00e3o.\u00a0A assembleia inclui especialistas em teologia, uma equipe de comunica\u00e7\u00e3o e novos facilitadores para ajudar os membros a vivenciar a sinodalidade durante as discuss\u00f5es.<\/p>\n<h3 class=\"wp-block-aleteia-rich-list\" style=\"text-align: justify;\"><strong>365 MEMBROS<\/strong><\/h3>\n<p style=\"text-align: justify;\">Os membros, tamb\u00e9m chamados de \u201cpais e m\u00e3es sinodais\u201d, s\u00e3o os participantes com direito a voto.\u00a0S\u00e3o muito mais numerosos do que durante os s\u00ednodos anteriores: foram 185 membros no\u00a0S\u00ednodo da Amaz\u00f4nia\u00a0(2019), 267 no S\u00ednodo da Juventude (2018), 270 no segundo S\u00ednodo da Fam\u00edlia (2015) e 253 no primeiro S\u00ednodo da Fam\u00edlia (2014).\u00a0O Papa \u00e9 um dos membros, ainda que n\u00e3o vote o resumo final desta sess\u00e3o.<\/p>\n<h3 class=\"wp-block-aleteia-rich-list\" style=\"text-align: justify;\"><strong>5 IDIOMAS<\/strong><\/h3>\n<p style=\"text-align: justify;\">Ingl\u00eas, franc\u00eas, italiano, espanhol e portugu\u00eas s\u00e3o as cinco l\u00ednguas oficiais do S\u00ednodo.<\/p>\n<h3 class=\"wp-block-aleteia-rich-list\" style=\"text-align: justify;\"><strong>54 MULHERES<\/strong><\/h3>\n<p style=\"text-align: justify;\">Pela primeira vez na hist\u00f3ria da Igreja Cat\u00f3lica, 54 mulheres participar\u00e3o de um S\u00ednodo como membros \u2013 e, portanto, com direito a voto.\u00a0Entre elas, 25 s\u00e3o freiras e as outras 29, leigas.<\/p>\n<h3 class=\"wp-block-aleteia-rich-list\" style=\"text-align: justify;\"><strong>43 LEIGOS<\/strong><\/h3>\n<p style=\"text-align: justify;\">Outra grande novidade: a participa\u00e7\u00e3o de 43 leigos, entre eles,\u00a029 mulheres e 14 homens.<\/p>\n<h3 class=\"wp-block-aleteia-rich-list\" style=\"text-align: justify;\"><strong>96 MEMBROS N\u00c3O-BISPOS<\/strong><\/h3>\n<p style=\"text-align: justify;\">Al\u00e9m de leigos, o S\u00ednodo permitir\u00e1 que sacerdotes (27) e religiosos n\u00e3o-sacerdotes (2) participem como membros.\u00a0H\u00e1, portanto, um total de 96 pessoas, ou mais de um quarto da assembleia, que participar\u00e3o pela primeira vez numa assembleia sinodal como membros.\u00a0Esta assembleia permanece, no entanto, marcada principalmente pela sua dimens\u00e3o episcopal, com 269 bispos participantes.<\/p>\n<h3 class=\"wp-block-aleteia-rich-list\" style=\"text-align: justify;\"><strong>2 BISPOS CHINESES<\/strong><\/h3>\n<p style=\"text-align: justify;\">Tal como aconteceu no S\u00ednodo sobre a Juventude em 2018, participam dois bispos da Igreja Cat\u00f3lica na China, especialmente convidados pelo Papa Francisco.\u00a0Com os dois representantes de Hong Kong \u2013 uma leiga e cardeal-bispo\u00a0Stephen Chow\u00a0e um bispo de Taiwan, a China ter\u00e1 cinco membros durante o S\u00ednodo.<\/p>\n<p style=\"text-align: justify;\">De acordo com o Vatican News, o Brasil conta com um total de 12 participantes, incluindo mulheres, padres, bispos e arcebispos.<\/p>\n","protected":false},"excerpt":{"rendered":"<p>Os n\u00fameros deste evento refletem a sua import\u00e2ncia para o futuro da Igreja OS\u00ednodo intitulado: \u201cPor uma Igreja Sinodal: Comunh\u00e3o, Participa\u00e7\u00e3o e Miss\u00e3o\u201d ser\u00e1 realizado em Roma at\u00e9 29 de outubro de 2013. Os n\u00fameros deste evento refletem a sua import\u00e2ncia para o futuro da Igreja. 26 DIAS O S\u00ednodo come\u00e7ou em setembro de 2021, [&hellip;]<\/p>\n","protected":false},"author":1,"featured_media":84578,"comment_status":"open","ping_status":"closed","sticky":false,"template":"","format":"standard","meta":{"footnotes":""},"categories":[4],"tags":[],"class_list":["post-84577","post","type-post","status-publish","format-standard","has-post-thumbnail","hentry","category-cotidiano"],"_links":{"self":[{"href":"https:\/\/catolicanet.net\/wp-cnet\/wp-json\/wp\/v2\/posts\/84577","targetHints":{"allow":["GET"]}}],"collection":[{"href":"https:\/\/catolicanet.net\/wp-cnet\/wp-json\/wp\/v2\/posts"}],"about":[{"href":"https:\/\/catolicanet.net\/wp-cnet\/wp-json\/wp\/v2\/types\/post"}],"author":[{"embeddable":true,"href":"https:\/\/catolicanet.net\/wp-cnet\/wp-json\/wp\/v2\/users\/1"}],"replies":[{"embeddable":true,"href":"https:\/\/catolicanet.net\/wp-cnet\/wp-json\/wp\/v2\/comments?post=84577"}],"version-history":[{"count":1,"href":"https:\/\/catolicanet.net\/wp-cnet\/wp-json\/wp\/v2\/posts\/84577\/revisions"}],"predecessor-version":[{"id":84579,"href":"https:\/\/catolicanet.net\/wp-cnet\/wp-json\/wp\/v2\/posts\/84577\/revisions\/84579"}],"wp:featuredmedia":[{"embeddable":true,"href":"https:\/\/catolicanet.net\/wp-cnet\/wp-json\/wp\/v2\/media\/84578"}],"wp:attachment":[{"href":"https:\/\/catolicanet.net\/wp-cnet\/wp-json\/wp\/v2\/media?parent=84577"}],"wp:term":[{"taxonomy":"category","embeddable":true,"href":"https:\/\/catolicanet.net\/wp-cnet\/wp-json\/wp\/v2\/categories?post=84577"},{"taxonomy":"post_tag","embeddable":true,"href":"https:\/\/catolicanet.net\/wp-cnet\/wp-json\/wp\/v2\/tags?post=84577"}],"curies":[{"name":"wp","href":"https:\/\/api.w.org\/{rel}","templated":true}]}}