{"id":84486,"date":"2023-10-04T10:16:16","date_gmt":"2023-10-04T13:16:16","guid":{"rendered":"https:\/\/catolicanet.net\/wp-cnet\/?p=84486"},"modified":"2023-10-04T13:17:10","modified_gmt":"2023-10-04T16:17:10","slug":"live-da-comissao-para-a-ecologia-integral-e-mineracao-vai-proporcionar-uma-primeira-leitura-da-exortacao-laudate-deum","status":"publish","type":"post","link":"https:\/\/catolicanet.net\/wp-cnet\/live-da-comissao-para-a-ecologia-integral-e-mineracao-vai-proporcionar-uma-primeira-leitura-da-exortacao-laudate-deum\/","title":{"rendered":"LIVE DA COMISS\u00c3O PARA A ECOLOGIA INTEGRAL E MINERA\u00c7\u00c3O VAI PROPORCIONAR UMA PRIMEIRA LEITURA DA EXORTA\u00c7\u00c3O \u201cLAUDATE DEUM\u201d"},"content":{"rendered":"<p style=\"text-align: justify;\">O 4 de outubro no Vaticano \u00e9 de abertura da XVI Assembleia Geral Ordin\u00e1ria do S\u00ednodo dos Bispos, mas tamb\u00e9m de publica\u00e7\u00e3o da nova exorta\u00e7\u00e3o apost\u00f3lica do Papa Francisco \u201c<em>Laudate Deum<\/em>\u201d (Salve a Deus), apresentada como uma continua\u00e7\u00e3o da\u00a0<i>Laudato si\u2019<\/i>\u00a0sobre os cuidados com a casa comum de 2015.\u00a0A segunda parte da\u00a0<em>Laudato si\u2019<\/em>, que aprofundar\u00e1 os cuidados da casa comum, ser\u00e1 publicada no dia de S\u00e3o Francisco de Assis e de encerramento do Tempo Ecum\u00eanico da Cria\u00e7\u00e3o.<\/p>\n<p style=\"text-align: justify;\">Na Igreja no Brasil, a Comiss\u00e3o Especial para a Ecologia Integral e Minera\u00e7\u00e3o (CEEM) da Confer\u00eancia Nacional dos Bispos do Brasil (CNBB) promove a live \u201cAo vivo:\u00a0<em>Laudate Deum<\/em>\u00a0\u2013 uma primeira leitura da exorta\u00e7\u00e3o apost\u00f3lica do Papa Francisco\u201d, \u00e0s 19h, com transmiss\u00e3o ao vivo pelo canal de youtube da CNBB.<\/p>\n<p style=\"text-align: justify;\">O bispo de Livramento de Nossa Senhora (BA) e presidente da Comiss\u00e3o, dom Vicente Ferreira, dialogar\u00e1 sobre a exorta\u00e7\u00e3o com os convidados: o monge beneditino Marcelo Barros e a leiga, fransciscana, da OFS, assessora da CEEM e da Repam e coordenadora da Rede Igrejas e Minera\u00e7\u00e3o, Moema Miranda,<\/p>\n<h3 style=\"text-align: justify;\">Mudan\u00e7a sist\u00eamica<\/h3>\n<p style=\"text-align: justify;\"><img loading=\"lazy\" decoding=\"async\" class=\"size-medium wp-image-953032 alignleft\" src=\"https:\/\/www.cnbb.org.br\/wp-content\/uploads\/2023\/10\/Dom-Vicente-240x300.jpeg\" sizes=\"auto, (max-width: 240px) 100vw, 240px\" srcset=\"https:\/\/www.cnbb.org.br\/wp-content\/uploads\/2023\/10\/Dom-Vicente-240x300.jpeg 240w, https:\/\/www.cnbb.org.br\/wp-content\/uploads\/2023\/10\/Dom-Vicente-819x1024.jpeg 819w, https:\/\/www.cnbb.org.br\/wp-content\/uploads\/2023\/10\/Dom-Vicente-768x961.jpeg 768w, https:\/\/www.cnbb.org.br\/wp-content\/uploads\/2023\/10\/Dom-Vicente-1228x1536.jpeg 1228w, https:\/\/www.cnbb.org.br\/wp-content\/uploads\/2023\/10\/Dom-Vicente-500x625.jpeg 500w, https:\/\/www.cnbb.org.br\/wp-content\/uploads\/2023\/10\/Dom-Vicente.jpeg 1279w\" alt=\"\" width=\"240\" height=\"300\" \/>O presidente da CEEM, dom Vicente Ferreira, defende que a \u201c<em>Laudate Deum<\/em>\u201d vem para fortalecer o grito para uma mudan\u00e7a sist\u00eamica e n\u00e3o para comprar rapidamente o discurso do capitalismo verde. \u201cTrar\u00e1 uma reflex\u00e3o teol\u00f3gica sobre a teologia da cria\u00e7\u00e3o, a beleza da Cria\u00e7\u00e3o, que \u00e9 express\u00e3o do grande amor de Deus por n\u00f3s e deve ser preservada\u201d, refor\u00e7a.<\/p>\n<p style=\"text-align: justify;\">De acordo com dom Vicente, a<em>\u00a0Laudate Deum<\/em>\u00a0vir\u00e1 ampliar o debate e a reflex\u00e3o, mais uma vez exigindo caminhos de convers\u00e3o, como a preserva\u00e7\u00e3o da biodiversidade, o cuidado da casa comum e da sua integralidade.<\/p>\n<p style=\"text-align: justify;\">No Brasil, segundo dom Vicente, ser\u00e1 oportunidade para debater os grandes empreendimentos, o agroneg\u00f3cio, minera\u00e7\u00e3o, transi\u00e7\u00e3o energ\u00e9tica, que povoam os meios de comunica\u00e7\u00e3o e a opini\u00e3o p\u00fablica como se isso tudo fosse sustent\u00e1vel em nome de uma economia verde, enquanto n\u00f3s, defensores dos direitos humanos e da Terra, sabemos quanto este discurso est\u00e1 distante de nossa realidade.<\/p>\n<h3 style=\"text-align: justify;\">Terra \u2013 Casa Comum<\/h3>\n<p style=\"text-align: justify;\"><img loading=\"lazy\" decoding=\"async\" class=\" wp-image-953033 alignright\" src=\"https:\/\/www.cnbb.org.br\/wp-content\/uploads\/2023\/10\/Marcelo-Barros-300x300.jpeg\" sizes=\"auto, (max-width: 267px) 100vw, 267px\" srcset=\"https:\/\/www.cnbb.org.br\/wp-content\/uploads\/2023\/10\/Marcelo-Barros-300x300.jpeg 300w, https:\/\/www.cnbb.org.br\/wp-content\/uploads\/2023\/10\/Marcelo-Barros-150x150.jpeg 150w, https:\/\/www.cnbb.org.br\/wp-content\/uploads\/2023\/10\/Marcelo-Barros-768x767.jpeg 768w, https:\/\/www.cnbb.org.br\/wp-content\/uploads\/2023\/10\/Marcelo-Barros-800x800.jpeg 800w, https:\/\/www.cnbb.org.br\/wp-content\/uploads\/2023\/10\/Marcelo-Barros-500x499.jpeg 500w, https:\/\/www.cnbb.org.br\/wp-content\/uploads\/2023\/10\/Marcelo-Barros.jpeg 807w\" alt=\"\" width=\"267\" height=\"267\" \/>O monge beneditino, Marcelo Barros, aponta que, oito anos depois da\u00a0<em>Laudato Si\u2019<\/em>\u00a0\u2013 a primeira enc\u00edclica que um papa escreve sobre o cuidado com a Terra como casa comum \u2013 n\u00e3o somente a crise ecol\u00f3gica se agravou mais do que se esperava, como parece claro que a solu\u00e7\u00e3o da crise n\u00e3o vir\u00e1 nem de governos nem de organismos internacionais.<\/p>\n<p style=\"text-align: justify;\">Para ele, a solu\u00e7\u00e3o s\u00f3 poder\u00e1 vir das comunidades do imenso povo de Deus, constitu\u00eddo pela sociedade civil internacional e pelas comunidades dos empobrecidos e marginalizados do mundo.<\/p>\n<blockquote><p>\u201cEsperamos que a nova exorta\u00e7\u00e3o apost\u00f3lica Laudate Deum possa representar uma convoca\u00e7\u00e3o \u00e0 humanidade de base para um grande movimento de defesa da M\u00e3e Terra e da natureza que nos cerca\u201d.<\/p><\/blockquote>\n<p style=\"text-align: justify;\"><img loading=\"lazy\" decoding=\"async\" class=\" wp-image-953034 alignleft\" src=\"https:\/\/www.cnbb.org.br\/wp-content\/uploads\/2023\/10\/Moema-300x297.jpeg\" sizes=\"auto, (max-width: 255px) 100vw, 255px\" srcset=\"https:\/\/www.cnbb.org.br\/wp-content\/uploads\/2023\/10\/Moema-300x297.jpeg 300w, https:\/\/www.cnbb.org.br\/wp-content\/uploads\/2023\/10\/Moema-500x495.jpeg 500w, https:\/\/www.cnbb.org.br\/wp-content\/uploads\/2023\/10\/Moema.jpeg 526w\" alt=\"\" width=\"255\" height=\"252\" \/>Apesar dos poucos avan\u00e7os na rela\u00e7\u00e3o da humanidade com o meio ambiente, a assessora da CEEM e Rede Igrejas e Minera\u00e7\u00e3o espera que a segunda parte da Enc\u00edclica\u00a0<em>Laudato Si\u2019<\/em>, a\u00a0<em>Laudate Deum<\/em>, aprofunde a compreens\u00e3o das causas da din\u00e2mica degradante, que alia desigualdade e devasta\u00e7\u00e3o ambiental.<\/p>\n<p style=\"text-align: justify;\">A assessora da Comiss\u00e3o Especial para a Ecologia Integral e Minera\u00e7\u00e3o espera tamb\u00e9m que a\u00a0<em>Laudate Deum<\/em>\u00a0ajude a esperan\u00e7ar, atuando, por amor \u00e0 Cria\u00e7\u00e3o, com ainda maior compromisso socioambiental.<\/p>\n<p>&nbsp;<\/p>\n<p><strong>Acompanhe aqui:<\/strong><\/p>\n<div class=\"ast-oembed-container\"><iframe loading=\"lazy\" title=\"Laudate Deum | Exorta\u00e7\u00e3o Apost\u00f3lica do Papa Francisco\" src=\"https:\/\/www.youtube.com\/embed\/OAM5g4q8QeY?feature=oembed\" width=\"1200\" height=\"675\" frameborder=\"0\" allowfullscreen=\"allowfullscreen\" data-mce-fragment=\"1\"><\/iframe><\/div>\n<p>&nbsp;<\/p>\n","protected":false},"excerpt":{"rendered":"<p>O 4 de outubro no Vaticano \u00e9 de abertura da XVI Assembleia Geral Ordin\u00e1ria do S\u00ednodo dos Bispos, mas tamb\u00e9m de publica\u00e7\u00e3o da nova exorta\u00e7\u00e3o apost\u00f3lica do Papa Francisco \u201cLaudate Deum\u201d (Salve a Deus), apresentada como uma continua\u00e7\u00e3o da\u00a0Laudato si\u2019\u00a0sobre os cuidados com a casa comum de 2015.\u00a0A segunda parte da\u00a0Laudato si\u2019, que aprofundar\u00e1 os [&hellip;]<\/p>\n","protected":false},"author":1,"featured_media":84487,"comment_status":"open","ping_status":"closed","sticky":false,"template":"","format":"standard","meta":{"footnotes":""},"categories":[7],"tags":[],"class_list":["post-84486","post","type-post","status-publish","format-standard","has-post-thumbnail","hentry","category-cnbb"],"_links":{"self":[{"href":"https:\/\/catolicanet.net\/wp-cnet\/wp-json\/wp\/v2\/posts\/84486","targetHints":{"allow":["GET"]}}],"collection":[{"href":"https:\/\/catolicanet.net\/wp-cnet\/wp-json\/wp\/v2\/posts"}],"about":[{"href":"https:\/\/catolicanet.net\/wp-cnet\/wp-json\/wp\/v2\/types\/post"}],"author":[{"embeddable":true,"href":"https:\/\/catolicanet.net\/wp-cnet\/wp-json\/wp\/v2\/users\/1"}],"replies":[{"embeddable":true,"href":"https:\/\/catolicanet.net\/wp-cnet\/wp-json\/wp\/v2\/comments?post=84486"}],"version-history":[{"count":1,"href":"https:\/\/catolicanet.net\/wp-cnet\/wp-json\/wp\/v2\/posts\/84486\/revisions"}],"predecessor-version":[{"id":84488,"href":"https:\/\/catolicanet.net\/wp-cnet\/wp-json\/wp\/v2\/posts\/84486\/revisions\/84488"}],"wp:featuredmedia":[{"embeddable":true,"href":"https:\/\/catolicanet.net\/wp-cnet\/wp-json\/wp\/v2\/media\/84487"}],"wp:attachment":[{"href":"https:\/\/catolicanet.net\/wp-cnet\/wp-json\/wp\/v2\/media?parent=84486"}],"wp:term":[{"taxonomy":"category","embeddable":true,"href":"https:\/\/catolicanet.net\/wp-cnet\/wp-json\/wp\/v2\/categories?post=84486"},{"taxonomy":"post_tag","embeddable":true,"href":"https:\/\/catolicanet.net\/wp-cnet\/wp-json\/wp\/v2\/tags?post=84486"}],"curies":[{"name":"wp","href":"https:\/\/api.w.org\/{rel}","templated":true}]}}