{"id":84482,"date":"2023-10-04T10:14:36","date_gmt":"2023-10-04T13:14:36","guid":{"rendered":"https:\/\/catolicanet.net\/wp-cnet\/?p=84482"},"modified":"2023-10-04T13:15:53","modified_gmt":"2023-10-04T16:15:53","slug":"pom-disponibiliza-serie-de-videos-da-novena-missionaria-2023-com-testemunhos-para-animar-o-mes-missionario","status":"publish","type":"post","link":"https:\/\/catolicanet.net\/wp-cnet\/pom-disponibiliza-serie-de-videos-da-novena-missionaria-2023-com-testemunhos-para-animar-o-mes-missionario\/","title":{"rendered":"POM DISPONIBILIZA S\u00c9RIE DE V\u00cdDEOS DA NOVENA MISSION\u00c1RIA 2023 COM TESTEMUNHOS PARA ANIMAR O M\u00caS MISSION\u00c1RIO"},"content":{"rendered":"<div class=\"elementor-element elementor-element-3a087bd2 elementor-widget elementor-widget-theme-post-content\" data-id=\"3a087bd2\" data-element_type=\"widget\" data-widget_type=\"theme-post-content.default\">\n<div class=\"elementor-widget-container\">\n<p style=\"text-align: justify;\">Est\u00e3o dispon\u00edveis no site e canal do Youtube das POM a s\u00e9rie de v\u00eddeos com os testemunhos da Novena Mission\u00e1ria 2023. O material audiovisual foi produzido em parceria com a TV Aparecida e colabora com a anima\u00e7\u00e3o da Campanha Mission\u00e1ria, realizada ao longo do m\u00eas de outubro nas comunidades de todo o Brasil.<\/p>\n<p style=\"text-align: justify;\">Neste ano, a Campanha Mission\u00e1ria apresenta o tema \u201cIde! Da Igreja local aos confins do mundo\u201d, cuja inspira\u00e7\u00e3o b\u00edblica \u00e9 \u201cCora\u00e7\u00f5es ardentes, p\u00e9s a caminho\u201d. Para articular o m\u00eas mission\u00e1rio, foram produzidos mais de 60 toneladas de materiais impressos, enviados a todos os Estados do Brasil.<\/p>\n<p style=\"text-align: justify;\">S\u00e3o novenas, cartazes, santinhos e outros materiais que ajudam a divulgar em todas as fam\u00edlias a import\u00e2ncia deste m\u00eas. No roteiro das novenas, em cada dia, existe um QRcode que direciona para um v\u00eddeo testemunhal, de acordo com o tema refletido em cada dia.<\/p>\n<p style=\"text-align: justify;\">A novena mission\u00e1ria destaca o testemunho de mission\u00e1rios e mission\u00e1rias, crist\u00e3os leigos e leigas, da vida consagrada, de ministros ordenados e do povo de Deus das Igrejas locais que nos confins do mundo testemunham o Evangelho de Jesus Cristo, tendo o Esp\u00edrito Santo como protagonista da miss\u00e3o.<\/p>\n<p><a href=\"https:\/\/youtube.com\/playlist?list=PLK8wtzl810oXQ9uHxtnTGN3wtBGvYC9yo&amp;feature=shared\" target=\"_blank\" rel=\"noopener\">Todos os v\u00eddeos da Campanha Mission\u00e1ria 2023 podem ser acessados no canal das POM no Youtube. Asssita abaixo o primeiro v\u00eddeo.\u00a0<\/a><\/p>\n<div class=\"ast-oembed-container\"><iframe loading=\"lazy\" title=\"Campanha Mission\u00e1ria 2023 | 1\u00ba dia\" src=\"https:\/\/www.youtube.com\/embed\/Tucr-IFV3QA?list=PLK8wtzl810oXQ9uHxtnTGN3wtBGvYC9yo\" width=\"1200\" height=\"675\" frameborder=\"0\" allowfullscreen=\"allowfullscreen\" data-mce-fragment=\"1\"><\/iframe><\/div>\n<\/div>\n<\/div>\n","protected":false},"excerpt":{"rendered":"<p>Est\u00e3o dispon\u00edveis no site e canal do Youtube das POM a s\u00e9rie de v\u00eddeos com os testemunhos da Novena Mission\u00e1ria 2023. O material audiovisual foi produzido em parceria com a TV Aparecida e colabora com a anima\u00e7\u00e3o da Campanha Mission\u00e1ria, realizada ao longo do m\u00eas de outubro nas comunidades de todo o Brasil. Neste ano, [&hellip;]<\/p>\n","protected":false},"author":1,"featured_media":84483,"comment_status":"open","ping_status":"closed","sticky":false,"template":"","format":"standard","meta":{"footnotes":""},"categories":[7],"tags":[],"class_list":["post-84482","post","type-post","status-publish","format-standard","has-post-thumbnail","hentry","category-cnbb"],"_links":{"self":[{"href":"https:\/\/catolicanet.net\/wp-cnet\/wp-json\/wp\/v2\/posts\/84482","targetHints":{"allow":["GET"]}}],"collection":[{"href":"https:\/\/catolicanet.net\/wp-cnet\/wp-json\/wp\/v2\/posts"}],"about":[{"href":"https:\/\/catolicanet.net\/wp-cnet\/wp-json\/wp\/v2\/types\/post"}],"author":[{"embeddable":true,"href":"https:\/\/catolicanet.net\/wp-cnet\/wp-json\/wp\/v2\/users\/1"}],"replies":[{"embeddable":true,"href":"https:\/\/catolicanet.net\/wp-cnet\/wp-json\/wp\/v2\/comments?post=84482"}],"version-history":[{"count":1,"href":"https:\/\/catolicanet.net\/wp-cnet\/wp-json\/wp\/v2\/posts\/84482\/revisions"}],"predecessor-version":[{"id":84484,"href":"https:\/\/catolicanet.net\/wp-cnet\/wp-json\/wp\/v2\/posts\/84482\/revisions\/84484"}],"wp:featuredmedia":[{"embeddable":true,"href":"https:\/\/catolicanet.net\/wp-cnet\/wp-json\/wp\/v2\/media\/84483"}],"wp:attachment":[{"href":"https:\/\/catolicanet.net\/wp-cnet\/wp-json\/wp\/v2\/media?parent=84482"}],"wp:term":[{"taxonomy":"category","embeddable":true,"href":"https:\/\/catolicanet.net\/wp-cnet\/wp-json\/wp\/v2\/categories?post=84482"},{"taxonomy":"post_tag","embeddable":true,"href":"https:\/\/catolicanet.net\/wp-cnet\/wp-json\/wp\/v2\/tags?post=84482"}],"curies":[{"name":"wp","href":"https:\/\/api.w.org\/{rel}","templated":true}]}}