{"id":84443,"date":"2023-10-03T11:47:41","date_gmt":"2023-10-03T14:47:41","guid":{"rendered":"https:\/\/catolicanet.net\/wp-cnet\/?p=84443"},"modified":"2023-10-03T11:47:41","modified_gmt":"2023-10-03T14:47:41","slug":"a-alegria-do-senhor-e-a-nossa-forca","status":"publish","type":"post","link":"https:\/\/catolicanet.net\/wp-cnet\/a-alegria-do-senhor-e-a-nossa-forca\/","title":{"rendered":"A alegria do Senhor \u00e9 a nossa for\u00e7a"},"content":{"rendered":"<h2 class=\"subtitle\" style=\"text-align: justify;\">E sabe o que nos leva ao sofrimento?<\/h2>\n<p style=\"text-align: justify;\">No m\u00eas de outubro, al\u00e9m de celebrarmos a Padroeira do Brasil, nossa M\u00e3e Aparecida, celebramos j\u00e1 no in\u00edcio, o dia de Santa Teresinha do Menino Jesus, Padroeira das Miss\u00f5es e tamb\u00e9m os 18 anos da Obra Evangelizar \u00e9 Preciso. N\u00f3s sabemos da miss\u00e3o, a messe \u00e9 grande, tem muito a ser feito, por isso o Senhor conta comigo e com voc\u00ea, somos disc\u00edpulos Dele. Muitos est\u00e3o necessitados de Jesus e por isso Ele confia em n\u00f3s.<\/p>\n<p style=\"text-align: justify;\">\u00c0s vezes \u00e9 dentro da nossa pr\u00f3pria fam\u00edlia, \u00e0s vezes \u00e9 nosso vizinho de cima que faz barulho ou o vizinho de baixo, pode at\u00e9 ser aquele homem ranzinza e a mulher mal-humorada, o Senhor precisa que vamos em miss\u00e3o. Mas, falar o qu\u00ea? Anunciar que o Reino de Deus est\u00e1 entre n\u00f3s. Falar de Jesus, simples assim. Falar do Reino e desejar a paz.<\/p>\n<p style=\"text-align: justify;\">O cap\u00edtulo 8 do Livro de Neemias, fala do sacerdote Esdras, que provocou uma grande reforma, ele fez o povo tomar consci\u00eancia do quanto Deus ama os homens.\u00a0 Esdras veio muito antes de Jesus, portanto n\u00e3o o conheceu, mas fez uma proposta bastante ousada, reuniu os sacerdotes, proclamou a Lei do Senhor. N\u00e3o s\u00f3 proclamou, os Levitas explicaram, tiraram os v\u00e9us, fizeram com que o povo que estava ali, entendesse a Palavra. Interessante, quando o povo v\u00ea, descobre a Palavra, nela mergulha e compreende a Lei do Senhor.<\/p>\n<p style=\"text-align: justify;\">A compreens\u00e3o do amor de Deus provocou no povo uma como\u00e7\u00e3o. Quando perceberam o que Deus operava na vida deles, tiveram um sentimento de arrependimento. Esse \u00e9 o caminho. Caminho do an\u00fancio, da miss\u00e3o, fazer com que a pessoa compreenda quem \u00e9 Jesus. N\u00f3s n\u00e3o temos simplesmente a lei, n\u00f3s temos o pr\u00f3prio Deus encarnado, temos Jesus sacramentado na H\u00f3stia Santa. Temos a Palavra, o Verbo de Deus feito carne e toda a hist\u00f3ria desvendada diante de n\u00f3s.<\/p>\n<p style=\"text-align: justify;\">O pr\u00f3prio Deus, que tomou forma humana para nos falar do amor, para nos falar da reden\u00e7\u00e3o, para pagar o pre\u00e7o da nossa salva\u00e7\u00e3o, se faz presen\u00e7a viva e real e muitas vezes ficamos indiferentes a isso. Sem o arrependimento, a convers\u00e3o e mudan\u00e7a de vida.<\/p>\n<div id=\"aleteia-welcome\" style=\"text-align: justify;\"><\/div>\n<p style=\"text-align: justify;\">Voltando ao Livro de Neemias, o sacerdote, o profeta e os Levitas perceberam que o povo entrou num sentimento equivocado, a convers\u00e3o n\u00e3o leva a tristeza. Foi quando disseram palavras maravilhosas que ecoa para n\u00f3s: \u201cFicai tranquilos, hoje n\u00e3o \u00e9 dia de tristeza, \u00e9 dia de alegria, n\u00e3o fiquem tristes nem choreis. Ide para vossas casas comei carne gorda, tomei bebida doce, ficai tranquilos, n\u00e3o vos aflijais. N\u00e3o fiqueis tristes,\u00a0porque a alegria do Senhor ser\u00e1 a vossa for\u00e7a\u201d. (cf. Ne 8, 10-11).<\/p>\n<p style=\"text-align: justify;\">O encontro com Jesus, a alegria do Senhor, a Eucaristia, a vida sacramental s\u00e3o a nossa for\u00e7a. \u00c9 isso que nos sustenta na miss\u00e3o. Quem nos leva ao sofrimento, s\u00e3o as desilus\u00f5es, as curas que n\u00e3o acontecem no nosso interior devido \u00e0s marcas deixadas pelo pecado.<\/p>\n<p style=\"text-align: justify;\">Por isso, estejamos felizes, pois a nossa alegria e a nossa for\u00e7a v\u00eam do pr\u00f3prio Cristo!<\/p>\n","protected":false},"excerpt":{"rendered":"<p>E sabe o que nos leva ao sofrimento? No m\u00eas de outubro, al\u00e9m de celebrarmos a Padroeira do Brasil, nossa M\u00e3e Aparecida, celebramos j\u00e1 no in\u00edcio, o dia de Santa Teresinha do Menino Jesus, Padroeira das Miss\u00f5es e tamb\u00e9m os 18 anos da Obra Evangelizar \u00e9 Preciso. N\u00f3s sabemos da miss\u00e3o, a messe \u00e9 grande, [&hellip;]<\/p>\n","protected":false},"author":1,"featured_media":84444,"comment_status":"open","ping_status":"closed","sticky":false,"template":"","format":"standard","meta":{"footnotes":""},"categories":[4],"tags":[],"class_list":["post-84443","post","type-post","status-publish","format-standard","has-post-thumbnail","hentry","category-cotidiano"],"_links":{"self":[{"href":"https:\/\/catolicanet.net\/wp-cnet\/wp-json\/wp\/v2\/posts\/84443","targetHints":{"allow":["GET"]}}],"collection":[{"href":"https:\/\/catolicanet.net\/wp-cnet\/wp-json\/wp\/v2\/posts"}],"about":[{"href":"https:\/\/catolicanet.net\/wp-cnet\/wp-json\/wp\/v2\/types\/post"}],"author":[{"embeddable":true,"href":"https:\/\/catolicanet.net\/wp-cnet\/wp-json\/wp\/v2\/users\/1"}],"replies":[{"embeddable":true,"href":"https:\/\/catolicanet.net\/wp-cnet\/wp-json\/wp\/v2\/comments?post=84443"}],"version-history":[{"count":1,"href":"https:\/\/catolicanet.net\/wp-cnet\/wp-json\/wp\/v2\/posts\/84443\/revisions"}],"predecessor-version":[{"id":84445,"href":"https:\/\/catolicanet.net\/wp-cnet\/wp-json\/wp\/v2\/posts\/84443\/revisions\/84445"}],"wp:featuredmedia":[{"embeddable":true,"href":"https:\/\/catolicanet.net\/wp-cnet\/wp-json\/wp\/v2\/media\/84444"}],"wp:attachment":[{"href":"https:\/\/catolicanet.net\/wp-cnet\/wp-json\/wp\/v2\/media?parent=84443"}],"wp:term":[{"taxonomy":"category","embeddable":true,"href":"https:\/\/catolicanet.net\/wp-cnet\/wp-json\/wp\/v2\/categories?post=84443"},{"taxonomy":"post_tag","embeddable":true,"href":"https:\/\/catolicanet.net\/wp-cnet\/wp-json\/wp\/v2\/tags?post=84443"}],"curies":[{"name":"wp","href":"https:\/\/api.w.org\/{rel}","templated":true}]}}