{"id":84364,"date":"2023-10-02T10:38:12","date_gmt":"2023-10-02T13:38:12","guid":{"rendered":"https:\/\/catolicanet.net\/wp-cnet\/?p=84364"},"modified":"2023-10-02T10:38:12","modified_gmt":"2023-10-02T13:38:12","slug":"o-papa-o-mundo-e-poluido-pelas-aparencias-vivemos-uma-cultura-da-maquiagem","status":"publish","type":"post","link":"https:\/\/catolicanet.net\/wp-cnet\/o-papa-o-mundo-e-poluido-pelas-aparencias-vivemos-uma-cultura-da-maquiagem\/","title":{"rendered":"O Papa: o mundo \u00e9 polu\u00eddo pelas apar\u00eancias, vivemos uma cultura da maquiagem"},"content":{"rendered":"<p>O Papa com as Pequenas Irm\u00e3s de Jesus (Vatican Media)<\/p>\n<div class=\"article__subTitle\" style=\"text-align: justify;\">Isso \u00e9 belo, isso \u00e9 importante: o caminho do escondimento \u00e9 o caminho de Deus. Voc\u00eas n\u00e3o s\u00e3o irm\u00e3s para fazer publicidade: quanto mais escondidas, mais divinas. Continuem a cultiv\u00e1-lo, pois \u00e9 uma profecia poderosa para nosso tempo, polu\u00eddo pelo aparecer e pelas apar\u00eancias: disse o Papa \u00e0s Pequenas Irm\u00e3s de Jesus, por ocasi\u00e3o de seu XII Cap\u00edtulo Geral<\/div>\n<div class=\"title__separator\" style=\"text-align: justify;\"><\/div>\n<div class=\"article__text\">\n<p style=\"text-align: justify;\"><b>Raimundo de Lima \u2013 Vatican News<\/b><\/p>\n<div style=\"text-align: justify;\">\n<div class=\"article__embed article__embed--unwrap article__embed--dark\">\n<div class=\"article__innerTitle\">Ou\u00e7a a reportagem com a voz do Papa e compartilhe<\/div>\n<div>\n<!--[if lt IE 9]><script>document.createElement('audio');<\/script><![endif]-->\n<audio class=\"wp-audio-shortcode\" id=\"audio-84364-1\" preload=\"none\" style=\"width: 100%;\" controls=\"controls\"><source type=\"audio\/mpeg\" src=\"https:\/\/media.vaticannews.va\/media\/audio\/s1\/2023\/10\/02\/12\/137335314_F137335314.mp3?_=1\" \/><a href=\"https:\/\/media.vaticannews.va\/media\/audio\/s1\/2023\/10\/02\/12\/137335314_F137335314.mp3\">https:\/\/media.vaticannews.va\/media\/audio\/s1\/2023\/10\/02\/12\/137335314_F137335314.mp3<\/a><\/audio>\n<\/div>\n<\/div>\n<\/div>\n<p style=\"text-align: justify;\">O Santo Padre recebeu em audi\u00eancia na manh\u00e3 desta segunda-feira, 2 de outubro, na Sala do Consist\u00f3rio, no Vaticano, as Pequenas Irm\u00e3s de Jesus, por ocasi\u00e3o de seu Cap\u00edtulo Geral.<\/p>\n<p style=\"text-align: justify;\">No discurso que dirigiu \u00e0s religiosas, o Papa lembrou que elas est\u00e3o celebrando seu 12\u00ba Cap\u00edtulo Geral que, al\u00e9m de ser eletivo, \u00e9 uma ocasi\u00e3o importante para refletir juntos e amadurecer escolhas significativas.<\/p>\n<h2 style=\"text-align: justify;\">Na origem delas, a experi\u00eancia de S\u00e3o Charles de Foucauld<\/h2>\n<p style=\"text-align: justify;\">Francisco ressaltou que na origem delas h\u00e1 a experi\u00eancia carism\u00e1tica de S\u00e3o Charles de Foucauld, retomada, cerca de vinte anos ap\u00f3s sua morte, por Magdeleine Hutin e Anne Cadoret: uma forte experi\u00eancia de\u00a0<i>busca de Deus<\/i>, de\u00a0<i>testemunho do Evangelho<\/i>\u00a0e de\u00a0<i>amor pela vida escondida<\/i>.<\/p>\n<p style=\"text-align: justify;\">Essas me parecem ser tr\u00eas diretrizes \u00fateis sobre as quais refletir brevemente, tamb\u00e9m \u00e0 luz da narra\u00e7\u00e3o evang\u00e9lica que voc\u00eas escolheram como guia para o caminho capitular: o encontro de Jesus com a mulher samaritana, destacou o Pont\u00edfice, desenvolvendo a partir da\u00ed a sua reflex\u00e3o.<\/p>\n<h2 style=\"text-align: justify;\">A busca de Deus<\/h2>\n<p style=\"text-align: justify;\"><i>A primeira diretriz: \u00e9 a busca de Deus. \u00c9 a mais importante. O Mestre aguarda voc\u00eas no po\u00e7o de sua Palavra, \u00e1gua viva que sacia a sede de nossos desejos. \u00c9 belo cultivar a escuta d\u2019Ele, permanecendo a seus p\u00e9s em adora\u00e7\u00e3o, como fez o Irm\u00e3o Charles, que n\u00e3o conhecia nada mais doce do que as horas passadas diante do Tabern\u00e1culo, dizendo que &#8220;quanto mais se bebe dessa do\u00e7ura, mais se tem sede dela&#8221;.<\/i><\/p>\n<p style=\"text-align: justify;\">Como \u00e0 Samaritana, continuou Francisco, Jesus lhes oferece o seu amor, e cabe a voc\u00eas aceitar o desafio, deixando de lado as pesadas \u00e2nforas da autorreferencialidade e do habitual, das solu\u00e7\u00f5es previs\u00edveis e at\u00e9 mesmo de um certo pessimismo que o inimigo de Deus e do homem sempre tenta insinuar, especialmente naqueles que fizeram da pr\u00f3pria vida um dom.<\/p>\n<h2 style=\"text-align: justify;\">Testemunho do Evangelho<\/h2>\n<p style=\"text-align: justify;\"><i>Chegamos assim \u00e0 segunda diretriz, que as caracteriza desde o in\u00edcio: o testemunho do Evangelho &#8211; a primeira foi a busca de Deus, a segunda linha foi o testemunho do Evangelho -, o fazer dom dele aos outros com palavras, com obras de caridade e com a presen\u00e7a fraterna, orante e adoradora de suas pequenas comunidades internacionais.<\/i><\/p>\n<p style=\"text-align: justify;\">S\u00e3o Charles de Foucauld disse: &#8220;Todo o nosso ser deve gritar o Evangelho do alto dos telhados, gritar o Evangelho. Toda a nossa pessoa deve transpirar Jesus&#8230; toda a nossa vida deve gritar que pertencemos a Jesus, deve apresentar a imagem da vida evang\u00e9lica&#8221;, ressaltou o Pont\u00edfice.<\/p>\n<h2 style=\"text-align: justify;\">O amor pela vida escondida<\/h2>\n<p style=\"text-align: justify;\"><i>Chegamos, assim, \u00e0 terceira diretriz: o amor pela vida escondida. \u00c9 o caminho da Encarna\u00e7\u00e3o, o caminho de Nazar\u00e9, o caminho indicado por Deus ao despojar-se e se fazer pequeno para compartilhar a vida dos pequeninos. &#8220;Eu quero &#8211; dizia o pai &#8211; passar desconhecido sobre a terra como um viajante na noite, pobremente, laboriosamente, humildemente, docemente&#8230; imitando Jesus em tudo em sua vida em Nazar\u00e9 e, quando chegar a hora, em sua Via-Sacra e em sua morte&#8221;.<\/i><\/p>\n<p style=\"text-align: justify;\">O caminho do escondimento \u00e9 o caminho de Deus. Isso \u00e9 belo, isso \u00e9 importante: o caminho do escondimento \u00e9 o caminho de Deus. Voc\u00eas n\u00e3o s\u00e3o irm\u00e3s para fazer publicidade: quanto mais escondidas, mais divinas. Continuem a cultiv\u00e1-lo, pois \u00e9 uma profecia poderosa para nossa \u00e9poca, polu\u00edda pelo aparecer e pelas apar\u00eancias, exortou o Santo Padre.<\/p>\n<h2 style=\"text-align: justify;\">Amor a Cristo e aos pobres<\/h2>\n<p style=\"text-align: justify;\">Parece que, por causa do aparecer e das apar\u00eancias, vivemos uma cultura de maquiagem: todos usam maquiagem, \u00e9 normal que as mulheres o fa\u00e7am, mas todos, todos usam maquiagem, para parecerem melhores do que s\u00e3o, e isso n\u00e3o \u00e9 do Senhor, observou o Papa.<\/p>\n<p style=\"text-align: justify;\">Francisco concluiu seu discurso \u00e0s Pequenas Irm\u00e3s de Jesus lembrando que \u00e9 verdade que h\u00e1 tempos dif\u00edceis e problemas s\u00e9rios a enfrentar, como a escassez de voca\u00e7\u00f5es, o fechamento de algumas casas, o aumento da idade m\u00e9dia das religiosas, mas \u00e9 igualmente verdade que, fi\u00e9is \u00e0 inspira\u00e7\u00e3o do Irm\u00e3o Charles, elas s\u00e3o instrumentos preciosos para que Deus semeie no mundo pequenas p\u00e9rolas de ternura e de ternura evang\u00e9lica, que \u00e9 a especialidade delas. E o Senhor continuar\u00e1 a faz\u00ea-lo, na medida em que voc\u00eas se mantiverem simples e generosas, no amor a Cristo e aos pobres. Isso dar\u00e1 frutos no devido tempo, n\u00e3o duvidem disso, exortou por fim o Pont\u00edfice.<\/p>\n<div>\n<div class=\"article__embed article__embed--unwrap article__embed--photo\">\n<figure><picture><img decoding=\"async\" class=\"loaded\" src=\"https:\/\/www.vaticannews.va\/content\/dam\/vaticannews\/agenzie\/images\/srv\/2023\/10\/02\/2023-10-02-partecipanti-al-capitolo-generale-delle-piccole-sorel\/1696234988177.JPG\/_jcr_content\/renditions\/cq5dam.thumbnail.cropped.750.422.jpeg\" alt=\"O Papa Francisco com as Pequenas Irm\u00e3s de Jesus (Vatican Media)\" data-original=\"\/content\/dam\/vaticannews\/agenzie\/images\/srv\/2023\/10\/02\/2023-10-02-partecipanti-al-capitolo-generale-delle-piccole-sorel\/1696234988177.JPG\/_jcr_content\/renditions\/cq5dam.thumbnail.cropped.750.422.jpeg\" data-was-processed=\"true\" \/><\/picture><\/figure>\n<div class=\"photo_embed--Title\">O Papa Francisco com as Pequenas Irm\u00e3s de Jesus (Vatican Media)<\/div>\n<\/div>\n<\/div>\n<\/div>\n","protected":false},"excerpt":{"rendered":"<p>O Papa com as Pequenas Irm\u00e3s de Jesus (Vatican Media) Isso \u00e9 belo, isso \u00e9 importante: o caminho do escondimento \u00e9 o caminho de Deus. Voc\u00eas n\u00e3o s\u00e3o irm\u00e3s para fazer publicidade: quanto mais escondidas, mais divinas. Continuem a cultiv\u00e1-lo, pois \u00e9 uma profecia poderosa para nosso tempo, polu\u00eddo pelo aparecer e pelas apar\u00eancias: disse [&hellip;]<\/p>\n","protected":false},"author":1,"featured_media":84365,"comment_status":"open","ping_status":"closed","sticky":false,"template":"","format":"standard","meta":{"footnotes":""},"categories":[13,3],"tags":[],"class_list":["post-84364","post","type-post","status-publish","format-standard","has-post-thumbnail","hentry","category-featured","category-vaticano"],"_links":{"self":[{"href":"https:\/\/catolicanet.net\/wp-cnet\/wp-json\/wp\/v2\/posts\/84364","targetHints":{"allow":["GET"]}}],"collection":[{"href":"https:\/\/catolicanet.net\/wp-cnet\/wp-json\/wp\/v2\/posts"}],"about":[{"href":"https:\/\/catolicanet.net\/wp-cnet\/wp-json\/wp\/v2\/types\/post"}],"author":[{"embeddable":true,"href":"https:\/\/catolicanet.net\/wp-cnet\/wp-json\/wp\/v2\/users\/1"}],"replies":[{"embeddable":true,"href":"https:\/\/catolicanet.net\/wp-cnet\/wp-json\/wp\/v2\/comments?post=84364"}],"version-history":[{"count":1,"href":"https:\/\/catolicanet.net\/wp-cnet\/wp-json\/wp\/v2\/posts\/84364\/revisions"}],"predecessor-version":[{"id":84366,"href":"https:\/\/catolicanet.net\/wp-cnet\/wp-json\/wp\/v2\/posts\/84364\/revisions\/84366"}],"wp:featuredmedia":[{"embeddable":true,"href":"https:\/\/catolicanet.net\/wp-cnet\/wp-json\/wp\/v2\/media\/84365"}],"wp:attachment":[{"href":"https:\/\/catolicanet.net\/wp-cnet\/wp-json\/wp\/v2\/media?parent=84364"}],"wp:term":[{"taxonomy":"category","embeddable":true,"href":"https:\/\/catolicanet.net\/wp-cnet\/wp-json\/wp\/v2\/categories?post=84364"},{"taxonomy":"post_tag","embeddable":true,"href":"https:\/\/catolicanet.net\/wp-cnet\/wp-json\/wp\/v2\/tags?post=84364"}],"curies":[{"name":"wp","href":"https:\/\/api.w.org\/{rel}","templated":true}]}}