{"id":84332,"date":"2023-09-29T11:09:48","date_gmt":"2023-09-29T14:09:48","guid":{"rendered":"https:\/\/catolicanet.net\/wp-cnet\/?p=84332"},"modified":"2023-09-29T11:09:48","modified_gmt":"2023-09-29T14:09:48","slug":"video-oracao-para-protecao-dos-padres","status":"publish","type":"post","link":"https:\/\/catolicanet.net\/wp-cnet\/video-oracao-para-protecao-dos-padres\/","title":{"rendered":"[V\u00cdDEO] Ora\u00e7\u00e3o para prote\u00e7\u00e3o dos padres"},"content":{"rendered":"<h2 class=\"subtitle\" style=\"text-align: justify;\">Aprenda a ora\u00e7\u00e3o de S\u00e3o Pedro Juli\u00e3o Eymard, para pedirmos a Deus que envolva os sacerdotes com seu amor e os proteja em todas as circunst\u00e2ncias<\/h2>\n<p style=\"text-align: justify;\">Neste v\u00eddeo, voc\u00ea encontra uma ora\u00e7\u00e3o para pedir a Deus algo muito importante especialmente em nossos dias: a prote\u00e7\u00e3o dos padres. Reze pelos\u00a0padres\u00a0e pelas voca\u00e7\u00f5es.<\/p>\n<p><iframe loading=\"lazy\" title=\"Ora\u00e7\u00e3o para prote\u00e7\u00e3o dos padres \" frameborder=\"0\" width=\"696\" height=\"696\" src=\"https:\/\/geo.dailymotion.com\/player.html?video=x8o3nv1&#038;\" allowfullscreen allow=\"autoplay; fullscreen; picture-in-picture\"><\/iframe><\/p>\n","protected":false},"excerpt":{"rendered":"<p>Aprenda a ora\u00e7\u00e3o de S\u00e3o Pedro Juli\u00e3o Eymard, para pedirmos a Deus que envolva os sacerdotes com seu amor e os proteja em todas as circunst\u00e2ncias Neste v\u00eddeo, voc\u00ea encontra uma ora\u00e7\u00e3o para pedir a Deus algo muito importante especialmente em nossos dias: a prote\u00e7\u00e3o dos padres. Reze pelos\u00a0padres\u00a0e pelas voca\u00e7\u00f5es.<\/p>\n","protected":false},"author":1,"featured_media":84333,"comment_status":"open","ping_status":"closed","sticky":false,"template":"","format":"standard","meta":{"footnotes":""},"categories":[4],"tags":[],"class_list":["post-84332","post","type-post","status-publish","format-standard","has-post-thumbnail","hentry","category-cotidiano"],"_links":{"self":[{"href":"https:\/\/catolicanet.net\/wp-cnet\/wp-json\/wp\/v2\/posts\/84332","targetHints":{"allow":["GET"]}}],"collection":[{"href":"https:\/\/catolicanet.net\/wp-cnet\/wp-json\/wp\/v2\/posts"}],"about":[{"href":"https:\/\/catolicanet.net\/wp-cnet\/wp-json\/wp\/v2\/types\/post"}],"author":[{"embeddable":true,"href":"https:\/\/catolicanet.net\/wp-cnet\/wp-json\/wp\/v2\/users\/1"}],"replies":[{"embeddable":true,"href":"https:\/\/catolicanet.net\/wp-cnet\/wp-json\/wp\/v2\/comments?post=84332"}],"version-history":[{"count":1,"href":"https:\/\/catolicanet.net\/wp-cnet\/wp-json\/wp\/v2\/posts\/84332\/revisions"}],"predecessor-version":[{"id":84334,"href":"https:\/\/catolicanet.net\/wp-cnet\/wp-json\/wp\/v2\/posts\/84332\/revisions\/84334"}],"wp:featuredmedia":[{"embeddable":true,"href":"https:\/\/catolicanet.net\/wp-cnet\/wp-json\/wp\/v2\/media\/84333"}],"wp:attachment":[{"href":"https:\/\/catolicanet.net\/wp-cnet\/wp-json\/wp\/v2\/media?parent=84332"}],"wp:term":[{"taxonomy":"category","embeddable":true,"href":"https:\/\/catolicanet.net\/wp-cnet\/wp-json\/wp\/v2\/categories?post=84332"},{"taxonomy":"post_tag","embeddable":true,"href":"https:\/\/catolicanet.net\/wp-cnet\/wp-json\/wp\/v2\/tags?post=84332"}],"curies":[{"name":"wp","href":"https:\/\/api.w.org\/{rel}","templated":true}]}}