{"id":84308,"date":"2023-09-29T10:54:34","date_gmt":"2023-09-29T13:54:34","guid":{"rendered":"https:\/\/catolicanet.net\/wp-cnet\/?p=84308"},"modified":"2023-09-29T10:54:34","modified_gmt":"2023-09-29T13:54:34","slug":"celam-comissoes-de-liturgia-recordam-caminho-percorrido-pela-pastoral-liturgica-nos-60-anos-da-sacrosanctum-concilium","status":"publish","type":"post","link":"https:\/\/catolicanet.net\/wp-cnet\/celam-comissoes-de-liturgia-recordam-caminho-percorrido-pela-pastoral-liturgica-nos-60-anos-da-sacrosanctum-concilium\/","title":{"rendered":"CELAM: COMISS\u00d5ES DE LITURGIA RECORDAM CAMINHO PERCORRIDO PELA PASTORAL LIT\u00daRGICA NOS 60 ANOS DA SACROSANCTUM CONCILIUM"},"content":{"rendered":"<p style=\"text-align: justify;\">A Comiss\u00e3o Episcopal para a Liturgia da Confer\u00eancia Nacional dos Bispos do Brasil (CNBB) participou de reuni\u00e3o online promovida pelo Conselho Episcopal Latino Americano e Caribenho (Celam), nesta quinta-feira, 28 de setembro. O Encontro das Comiss\u00f5es Episcopais de Liturgia da Am\u00e9rica Latina e Caribe abriu as celebra\u00e7\u00f5es do 60\u00ba anivers\u00e1rio da promulga\u00e7\u00e3o da Constitui\u00e7\u00e3o\u00a0<em>Sacrosanctum Concilium<\/em>, documento do Conc\u00edlio Vaticano II que iniciou o caminho de reforma e renova\u00e7\u00e3o da liturgia.<\/p>\n<p style=\"text-align: justify;\">Durante o encontro virtual, os participantes recordaram\u00a0<a href=\"https:\/\/adn.celam.org\/comisiones-de-liturgia-de-america-latina-y-el-caribe-analizaron-el-camino-recorrido-de-esta-pastoral-a-60-anos-de-sacrosanctum-concilium\/\" target=\"_blank\" rel=\"noopener\">o caminho percorrido nesses anos, avaliando as oportunidades e o crescimento de uma pastoral inculturada<\/a>. Foi analisado esse percurso de seis d\u00e9cadas, marcado pela busca em promover a forma\u00e7\u00e3o lit\u00fargica nos Semin\u00e1rios e Casas de Forma\u00e7\u00e3o, bem como para todos os fi\u00e9is, segundo o assessor da Comiss\u00e3o para a Liturgia da CNBB, frei Lu\u00eds Felipe Marques.<\/p>\n<p style=\"text-align: justify;\">Tamb\u00e9m foram analisados as defici\u00eancias e os aspectos que faltam ser assumidos: \u201cO problema maior \u00e9 a resist\u00eancia em viver a comunh\u00e3o eclesial\u201d, observaram os participantes.<\/p>\n<blockquote><p>\u201c\u00c9 not\u00f3ria a influ\u00eancia da espiritualidade de diversos movimentos em nossas celebra\u00e7\u00f5es, bem como do retorno de elementos oriundos de uma eclesiologia pr\u00e9-conciliar: nos cantos que n\u00e3o correspondem ao mist\u00e9rio celebrado, nos gestos inadequados, na interpreta\u00e7\u00e3o fundamentalista da Palavra de Deus, nas vestes. Al\u00e9m do mais, falta uma boa defini\u00e7\u00e3o de pastoral lit\u00fargica, gerando um problema metodol\u00f3gico\u201d, pontua frei Felipe.<\/p><\/blockquote>\n<p style=\"text-align: justify;\">Para o bispo de Bonfim (BA) e presidente da Comiss\u00e3o Episcopal para a Liturgia da CNBB, dom Hernaldo Pinto Farias, o encontro \u00e9 importante para pensar a liturgia a partir da dimens\u00e3o latino-americana.<\/p>\n<blockquote><p>\u201cA amplid\u00e3o do Brasil nos coloca na necessidade de adaptar a liturgia \u00e0s muitas realidades. Al\u00e9m do mais, o encontro com o Celam e a partilha das dificuldades nos ajudam a procurar respostas concretas aos grupos que pensam a liturgia e a incultura\u00e7\u00e3o de modo equivocado. \u00c9 preciso continuar o di\u00e1logo e aproxima\u00e7\u00e3o com as \u2018diversas eclesiologias\u2019 com uma propositiva compreens\u00e3o de que \u2018a Liturgia \u00e9 o cimo para o qual se dirige a Igreja e, ao mesmo tempo, a fonte donde emana toda a sua for\u00e7a\u2019 (SC 10). Faz-se necess\u00e1rio uma forma\u00e7\u00e3o fundamentada na Sacrosanctum Conc\u00edlium e Desiderio Desideravi\u201d, comenta o bispo.<\/p><\/blockquote>\n<p style=\"text-align: justify;\"><img loading=\"lazy\" decoding=\"async\" class=\"aligncenter size-full wp-image-952832\" src=\"https:\/\/www.cnbb.org.br\/wp-content\/uploads\/2023\/09\/Comissoes-Liturgia-ALC-CELAM-2.jpeg\" sizes=\"auto, (max-width: 1024px) 100vw, 1024px\" srcset=\"https:\/\/www.cnbb.org.br\/wp-content\/uploads\/2023\/09\/Comissoes-Liturgia-ALC-CELAM-2.jpeg 1024w, https:\/\/www.cnbb.org.br\/wp-content\/uploads\/2023\/09\/Comissoes-Liturgia-ALC-CELAM-2-300x184.jpeg 300w, https:\/\/www.cnbb.org.br\/wp-content\/uploads\/2023\/09\/Comissoes-Liturgia-ALC-CELAM-2-768x471.jpeg 768w, https:\/\/www.cnbb.org.br\/wp-content\/uploads\/2023\/09\/Comissoes-Liturgia-ALC-CELAM-2-500x307.jpeg 500w\" alt=\"\" width=\"1024\" height=\"628\" \/><\/p>\n<p style=\"text-align: justify;\">Para frei Felipe, \u201c\u00e9 bonito ver o caminho de toda a Am\u00e9rica Latina\u201d. O aspecto comum de todas as confer\u00eancias est\u00e1 em torno a quest\u00e3o da forma\u00e7\u00e3o, observa, destacando que h\u00e1 elementos para \u201ccrescer, purificar e consolidar\u201d em todas as confer\u00eancias do continente.<\/p>\n<p style=\"text-align: justify;\">\u201cO tempo que vivemos \u00e9 prop\u00edcio. O povo de Deus demostra muito desejo pela forma\u00e7\u00e3o lit\u00fargica. No Brasil, a carta Apost\u00f3lica\u00a0<em>Desiderio Desideravi<\/em>, os 60 anos de\u00a0<em>Sacrosanctum Concilium<\/em>\u00a0e a chegada da III Edi\u00e7\u00e3o T\u00edpica do Missal Romano contribui bastante para avaliar o caminho percorrido, pensar as defici\u00eancias e refletir sobre o futuro\u201d, conclui o assessor.<\/p>\n<p style=\"text-align: justify;\">A assessora do Setor Espa\u00e7o Lit\u00fargico, Raquel Schneider, avalia que o encontro possibilitou, al\u00e9m da mem\u00f3ria do percurso feito nesses 60 anos em vista da implanta\u00e7\u00e3o da Reforma Lit\u00fargica, \u201cuma rica partilha das experi\u00eancias de cada pa\u00eds\u201d. \u201cConquistas e desafios foram apresentados, com muitos pontos comuns, entre eles, a necess\u00e1ria e urgente continuidade da forma\u00e7\u00e3o, as preocupa\u00e7\u00f5es com a incultura\u00e7\u00e3o, e, assim, tamb\u00e9m com a m\u00fasica lit\u00fargica e o espa\u00e7o lit\u00fargico\u201d, observou.<\/p>\n<p style=\"text-align: justify;\">Para o padre Jair Oliveira Costa, assessor Setor M\u00fasica Lit\u00fargica, o encontro foi \u201cuma oportunidade \u00edmpar de ter uma vis\u00e3o panor\u00e2mica da realidade da liturgia na Am\u00e9rica Latina. Muitos ganhos e muitos desafios em comum. Destaca a necessidade da forma\u00e7\u00e3o para toda a assembleia celebrante, e que a liturgia seja preocupa\u00e7\u00e3o de todo o Povo de Deus, n\u00e3o somente de cl\u00e9rigos e te\u00f3logos\u201d.<\/p>\n","protected":false},"excerpt":{"rendered":"<p>A Comiss\u00e3o Episcopal para a Liturgia da Confer\u00eancia Nacional dos Bispos do Brasil (CNBB) participou de reuni\u00e3o online promovida pelo Conselho Episcopal Latino Americano e Caribenho (Celam), nesta quinta-feira, 28 de setembro. O Encontro das Comiss\u00f5es Episcopais de Liturgia da Am\u00e9rica Latina e Caribe abriu as celebra\u00e7\u00f5es do 60\u00ba anivers\u00e1rio da promulga\u00e7\u00e3o da Constitui\u00e7\u00e3o\u00a0Sacrosanctum Concilium, [&hellip;]<\/p>\n","protected":false},"author":1,"featured_media":84309,"comment_status":"open","ping_status":"closed","sticky":false,"template":"","format":"standard","meta":{"footnotes":""},"categories":[7],"tags":[],"class_list":["post-84308","post","type-post","status-publish","format-standard","has-post-thumbnail","hentry","category-cnbb"],"_links":{"self":[{"href":"https:\/\/catolicanet.net\/wp-cnet\/wp-json\/wp\/v2\/posts\/84308","targetHints":{"allow":["GET"]}}],"collection":[{"href":"https:\/\/catolicanet.net\/wp-cnet\/wp-json\/wp\/v2\/posts"}],"about":[{"href":"https:\/\/catolicanet.net\/wp-cnet\/wp-json\/wp\/v2\/types\/post"}],"author":[{"embeddable":true,"href":"https:\/\/catolicanet.net\/wp-cnet\/wp-json\/wp\/v2\/users\/1"}],"replies":[{"embeddable":true,"href":"https:\/\/catolicanet.net\/wp-cnet\/wp-json\/wp\/v2\/comments?post=84308"}],"version-history":[{"count":1,"href":"https:\/\/catolicanet.net\/wp-cnet\/wp-json\/wp\/v2\/posts\/84308\/revisions"}],"predecessor-version":[{"id":84310,"href":"https:\/\/catolicanet.net\/wp-cnet\/wp-json\/wp\/v2\/posts\/84308\/revisions\/84310"}],"wp:featuredmedia":[{"embeddable":true,"href":"https:\/\/catolicanet.net\/wp-cnet\/wp-json\/wp\/v2\/media\/84309"}],"wp:attachment":[{"href":"https:\/\/catolicanet.net\/wp-cnet\/wp-json\/wp\/v2\/media?parent=84308"}],"wp:term":[{"taxonomy":"category","embeddable":true,"href":"https:\/\/catolicanet.net\/wp-cnet\/wp-json\/wp\/v2\/categories?post=84308"},{"taxonomy":"post_tag","embeddable":true,"href":"https:\/\/catolicanet.net\/wp-cnet\/wp-json\/wp\/v2\/tags?post=84308"}],"curies":[{"name":"wp","href":"https:\/\/api.w.org\/{rel}","templated":true}]}}