{"id":84300,"date":"2023-09-29T10:51:03","date_gmt":"2023-09-29T13:51:03","guid":{"rendered":"https:\/\/catolicanet.net\/wp-cnet\/?p=84300"},"modified":"2023-09-29T10:51:03","modified_gmt":"2023-09-29T13:51:03","slug":"dia-mundial-das-comunicacoes-sociais-2024-sera-sobre-inteligencia-artificial","status":"publish","type":"post","link":"https:\/\/catolicanet.net\/wp-cnet\/dia-mundial-das-comunicacoes-sociais-2024-sera-sobre-inteligencia-artificial\/","title":{"rendered":"DIA MUNDIAL DAS COMUNICA\u00c7\u00d5ES SOCIAIS 2024 SER\u00c1 SOBRE INTELIG\u00caNCIA ARTIFICIAL"},"content":{"rendered":"<p style=\"text-align: justify;\"><b>\u201cIntelig\u00eancia artificial e sabedoria do cora\u00e7\u00e3o:\u00a0<\/b><b>por uma comunica\u00e7\u00e3o plenamente humana\u201d.\u00a0<\/b>Este \u00e9 o tema escolhido pelo Papa Francisco para a celebra\u00e7\u00e3o do 58\u00ba Dia Mundial das Comunica\u00e7\u00f5es Sociais, que ser\u00e1 celebrado em 12 de maio de 2024. Tradicionalmente, o tema \u00e9 divulgado em 29 de setembro, festa lit\u00fargica dos Santos Arcanjos, na qual se celebra o padroeiro dos comunicadores, S\u00e3o Gabriel. A mensagem ser\u00e1 conhecida no pr\u00f3ximo 24 de janeiro, mem\u00f3ria de S\u00e3o Francisco de Sales.<\/p>\n<p style=\"text-align: justify;\">A justificativa da escolha, segundo o Boletim de Imprensa da Santa S\u00e9, \u00e9 que a evolu\u00e7\u00e3o dos sistemas de intelig\u00eancia artificial torna cada vez mais natural a comunica\u00e7\u00e3o atrav\u00e9s e com as m\u00e1quinas, de tal modo que se tornou cada vez mais dif\u00edcil distinguir o c\u00e1lculo do pensamento, a linguagem produzida por uma m\u00e1quina daquela gerada pelos seres humanos.<\/p>\n<p style=\"text-align: justify;\">\u201cComo todas as revolu\u00e7\u00f5es, tamb\u00e9m esta baseada na intelig\u00eancia artificial coloca novos desafios para que as m\u00e1quinas n\u00e3o contribuam para espalhar um sistema de desinforma\u00e7\u00e3o em larga escala e n\u00e3o aumentem a solid\u00e3o daqueles que j\u00e1 est\u00e3o s\u00f3s, privando-nos do calor que s\u00f3 a comunica\u00e7\u00e3o entre pessoas pode dar\u201d, contextualiza o comunicado.<\/p>\n<p style=\"text-align: justify;\">\u201c\u00c9 importante orientar a intelig\u00eancia artificial e os algoritmos, de modo que haja em todos n\u00f3s uma consci\u00eancia respons\u00e1vel no uso e no desenvolvimento dessas diferentes formas de comunica\u00e7\u00e3o, que acompanham as das redes sociais e da internet. A comunica\u00e7\u00e3o deve ser orientada para uma vida mais plena da pessoa humana\u201d, conclui.<\/p>\n<p style=\"text-align: justify;\">\n<p style=\"text-align: justify;\"><img loading=\"lazy\" decoding=\"async\" class=\"aligncenter\" src=\"https:\/\/www.cnbb.org.br\/wp-content\/uploads\/2023\/08\/Robotica.png\" alt=\"\" width=\"1224\" height=\"720\" \/><\/p>\n<h3 style=\"text-align: justify;\"><strong>Intelig\u00eancias artificiais e paz\u00a0<\/strong><\/h3>\n<p style=\"text-align: justify;\">Na mesma linha da reflex\u00e3o para o Dia Mundial das Comunica\u00e7\u00f5es Sociais ser\u00e1 o Dia Mundial da Paz de 2024, celebrado em 1\u00ba de janeiro. O tema escolhido foi\u00a0<strong>\u201cIntelig\u00eancias Artificiais e Paz\u201d<\/strong>. O argumento foi divulgado em 8 de agosto pelo Dicast\u00e9rio para o Servi\u00e7o do Desenvolvimento Humano Integral. O not\u00e1vel progresso feito no campo da intelig\u00eancia artificial tem um impacto cada vez mais profundo na atividade humana, na vida pessoal e social, na pol\u00edtica e na economia.<\/p>\n<p style=\"text-align: justify;\">Segundo o Dicast\u00e9rio, o Papa Francisco pede \u201cum di\u00e1logo aberto sobre o significado dessas novas tecnologias, dotadas de potencial disruptivo e de efeitos ambivalentes\u201d. O Pont\u00edfice ainda lembra a necessidade de se estar vigilante e de se trabalhar para garantir que \u201cuma l\u00f3gica de viol\u00eancia e de discrimina\u00e7\u00e3o\u201d n\u00e3o estejam vinculadas ao se produzir e se usar esses dispositivos, em detrimento dos mais fr\u00e1geis e exclu\u00eddos:<\/p>\n<blockquote><p>\u201cInjusti\u00e7a e desigualdades alimentam conflitos e antagonismos. A urg\u00eancia de orientar a concep\u00e7\u00e3o e o uso das intelig\u00eancias artificiais de forma respons\u00e1vel, para que estejam a servi\u00e7o da humanidade e da prote\u00e7\u00e3o da nossa casa comum, exige que a reflex\u00e3o \u00e9tica seja estendida no \u00e2mbito da educa\u00e7\u00e3o e do direito.\u201d<\/p><\/blockquote>\n<p style=\"text-align: justify;\">Ao divulgar a intelig\u00eancia artificial como tema de reflex\u00e3o para o Dia Mundial da Paz de 2024, o Dicast\u00e9rio para o Servi\u00e7o do Desenvolvimento Humano Integral ainda destaca a import\u00e2ncia de se \u201cproteger a dignidade da pessoa e o cuidado de uma fraternidade verdadeiramente aberta a toda a fam\u00edlia humana\u201d como condi\u00e7\u00f5es indispens\u00e1veis para que o desenvolvimento tecnol\u00f3gico contribua para a promo\u00e7\u00e3o da justi\u00e7a e da paz no mundo.<\/p>\n<pre>Pascom Brasil<\/pre>\n<pre>Foto de capa: koyu\u00a0de\u00a0Getty Images\/Canva Pro<\/pre>\n","protected":false},"excerpt":{"rendered":"<p>\u201cIntelig\u00eancia artificial e sabedoria do cora\u00e7\u00e3o:\u00a0por uma comunica\u00e7\u00e3o plenamente humana\u201d.\u00a0Este \u00e9 o tema escolhido pelo Papa Francisco para a celebra\u00e7\u00e3o do 58\u00ba Dia Mundial das Comunica\u00e7\u00f5es Sociais, que ser\u00e1 celebrado em 12 de maio de 2024. Tradicionalmente, o tema \u00e9 divulgado em 29 de setembro, festa lit\u00fargica dos Santos Arcanjos, na qual se celebra o [&hellip;]<\/p>\n","protected":false},"author":1,"featured_media":84301,"comment_status":"open","ping_status":"closed","sticky":false,"template":"","format":"standard","meta":{"footnotes":""},"categories":[7,13],"tags":[],"class_list":["post-84300","post","type-post","status-publish","format-standard","has-post-thumbnail","hentry","category-cnbb","category-featured"],"_links":{"self":[{"href":"https:\/\/catolicanet.net\/wp-cnet\/wp-json\/wp\/v2\/posts\/84300","targetHints":{"allow":["GET"]}}],"collection":[{"href":"https:\/\/catolicanet.net\/wp-cnet\/wp-json\/wp\/v2\/posts"}],"about":[{"href":"https:\/\/catolicanet.net\/wp-cnet\/wp-json\/wp\/v2\/types\/post"}],"author":[{"embeddable":true,"href":"https:\/\/catolicanet.net\/wp-cnet\/wp-json\/wp\/v2\/users\/1"}],"replies":[{"embeddable":true,"href":"https:\/\/catolicanet.net\/wp-cnet\/wp-json\/wp\/v2\/comments?post=84300"}],"version-history":[{"count":1,"href":"https:\/\/catolicanet.net\/wp-cnet\/wp-json\/wp\/v2\/posts\/84300\/revisions"}],"predecessor-version":[{"id":84302,"href":"https:\/\/catolicanet.net\/wp-cnet\/wp-json\/wp\/v2\/posts\/84300\/revisions\/84302"}],"wp:featuredmedia":[{"embeddable":true,"href":"https:\/\/catolicanet.net\/wp-cnet\/wp-json\/wp\/v2\/media\/84301"}],"wp:attachment":[{"href":"https:\/\/catolicanet.net\/wp-cnet\/wp-json\/wp\/v2\/media?parent=84300"}],"wp:term":[{"taxonomy":"category","embeddable":true,"href":"https:\/\/catolicanet.net\/wp-cnet\/wp-json\/wp\/v2\/categories?post=84300"},{"taxonomy":"post_tag","embeddable":true,"href":"https:\/\/catolicanet.net\/wp-cnet\/wp-json\/wp\/v2\/tags?post=84300"}],"curies":[{"name":"wp","href":"https:\/\/api.w.org\/{rel}","templated":true}]}}