{"id":84254,"date":"2023-09-28T10:26:46","date_gmt":"2023-09-28T13:26:46","guid":{"rendered":"https:\/\/catolicanet.net\/wp-cnet\/?p=84254"},"modified":"2023-09-28T13:27:34","modified_gmt":"2023-09-28T16:27:34","slug":"entrevista-interpretacao-em-libras-nos-videos-da-cnbb-sul-2","status":"publish","type":"post","link":"https:\/\/catolicanet.net\/wp-cnet\/entrevista-interpretacao-em-libras-nos-videos-da-cnbb-sul-2\/","title":{"rendered":"ENTREVISTA: INTERPRETA\u00c7\u00c3O EM LIBRAS NOS V\u00cdDEOS DA CNBB SUL 2"},"content":{"rendered":"<div class=\"elementor-element elementor-element-3a087bd2 elementor-widget elementor-widget-theme-post-content\" data-id=\"3a087bd2\" data-element_type=\"widget\" data-widget_type=\"theme-post-content.default\">\n<div class=\"elementor-widget-container\">\n<p style=\"text-align: justify;\">No dia 26 de setembro, foi comemorado o Dia Nacional do Surdo. A data recorda a inaugura\u00e7\u00e3o da primeira escola para Surdos no Brasil em 1857, com o nome de Instituto Nacional de Surdos Mudos do Rio de Janeiro, atual Instituto Nacional de Educa\u00e7\u00e3o de Surdos (INES).<\/p>\n<p style=\"text-align: justify;\">Com o objetivo de aproximar a comunidade surda, especialmemte os membros da Pastoral do Surdo do Paran\u00e1, o Regional Sul 2 da CNBB assumiu, em 2020, o compromisso de inserir interpreta\u00e7\u00e3o em Libras em seus v\u00eddeos. Desde ent\u00e3o, mais de 250 v\u00eddeos publicados est\u00e3o interpretados na L\u00edngua Brasileira de Sinais. Essa iniciativa tem dado certo gra\u00e7as aos int\u00e9rpretes cat\u00f3licos da Pastoral do Surdo, que se comprometeram e assumiram esse servi\u00e7o \u00e0 Igreja.<\/p>\n<p style=\"text-align: justify;\">No v\u00eddeo, a assessora de comunica\u00e7\u00e3o do Regional Sul 2 da CNBB, Karina de Carvalho, entrevista o coordenador regional dos Int\u00e9rpretes Cat\u00f3licos, Ant\u00f4nio Nilson Alves Viana. Ele pertence \u00e0 arquidiocese de Londrina (PR) e tem sido a ponte entre a assessoria de comunica\u00e7\u00e3o da CNBB Sul 2 e os int\u00e9rpretes.<\/p>\n<div class=\"ast-oembed-container\"><iframe loading=\"lazy\" title=\"Entrevista | Interpreta\u00e7\u00e3o em Libras nos v\u00eddeos da CNBB Sul 2\" src=\"https:\/\/www.youtube.com\/embed\/0YZyxzViffE?feature=oembed\" width=\"1200\" height=\"675\" frameborder=\"0\" allowfullscreen=\"allowfullscreen\" data-mce-fragment=\"1\"><\/iframe><\/div>\n<\/div>\n<\/div>\n","protected":false},"excerpt":{"rendered":"<p>No dia 26 de setembro, foi comemorado o Dia Nacional do Surdo. A data recorda a inaugura\u00e7\u00e3o da primeira escola para Surdos no Brasil em 1857, com o nome de Instituto Nacional de Surdos Mudos do Rio de Janeiro, atual Instituto Nacional de Educa\u00e7\u00e3o de Surdos (INES). Com o objetivo de aproximar a comunidade surda, [&hellip;]<\/p>\n","protected":false},"author":1,"featured_media":84255,"comment_status":"open","ping_status":"closed","sticky":false,"template":"","format":"standard","meta":{"footnotes":""},"categories":[7],"tags":[],"class_list":["post-84254","post","type-post","status-publish","format-standard","has-post-thumbnail","hentry","category-cnbb"],"_links":{"self":[{"href":"https:\/\/catolicanet.net\/wp-cnet\/wp-json\/wp\/v2\/posts\/84254","targetHints":{"allow":["GET"]}}],"collection":[{"href":"https:\/\/catolicanet.net\/wp-cnet\/wp-json\/wp\/v2\/posts"}],"about":[{"href":"https:\/\/catolicanet.net\/wp-cnet\/wp-json\/wp\/v2\/types\/post"}],"author":[{"embeddable":true,"href":"https:\/\/catolicanet.net\/wp-cnet\/wp-json\/wp\/v2\/users\/1"}],"replies":[{"embeddable":true,"href":"https:\/\/catolicanet.net\/wp-cnet\/wp-json\/wp\/v2\/comments?post=84254"}],"version-history":[{"count":1,"href":"https:\/\/catolicanet.net\/wp-cnet\/wp-json\/wp\/v2\/posts\/84254\/revisions"}],"predecessor-version":[{"id":84256,"href":"https:\/\/catolicanet.net\/wp-cnet\/wp-json\/wp\/v2\/posts\/84254\/revisions\/84256"}],"wp:featuredmedia":[{"embeddable":true,"href":"https:\/\/catolicanet.net\/wp-cnet\/wp-json\/wp\/v2\/media\/84255"}],"wp:attachment":[{"href":"https:\/\/catolicanet.net\/wp-cnet\/wp-json\/wp\/v2\/media?parent=84254"}],"wp:term":[{"taxonomy":"category","embeddable":true,"href":"https:\/\/catolicanet.net\/wp-cnet\/wp-json\/wp\/v2\/categories?post=84254"},{"taxonomy":"post_tag","embeddable":true,"href":"https:\/\/catolicanet.net\/wp-cnet\/wp-json\/wp\/v2\/tags?post=84254"}],"curies":[{"name":"wp","href":"https:\/\/api.w.org\/{rel}","templated":true}]}}