{"id":84242,"date":"2023-09-28T10:17:25","date_gmt":"2023-09-28T13:17:25","guid":{"rendered":"https:\/\/catolicanet.net\/wp-cnet\/?p=84242"},"modified":"2023-09-28T13:19:09","modified_gmt":"2023-09-28T16:19:09","slug":"papa-francisco-recebe-o-cantor-caetano-veloso","status":"publish","type":"post","link":"https:\/\/catolicanet.net\/wp-cnet\/papa-francisco-recebe-o-cantor-caetano-veloso\/","title":{"rendered":"Papa Francisco recebe o cantor Caetano Veloso"},"content":{"rendered":"<p style=\"text-align: justify;\">\u00a0 \u00a0 \u00a0 \u00a0 Caetano Veloso est\u00e1 em turn\u00ea pela Europa<\/p>\n<div class=\"article__subTitle\" style=\"text-align: justify;\">A audi\u00eancia ocorreu na manh\u00e3 desta quinta-feira, 28 de setembro, no Vaticano. O cantor estava acompanhado da esposa, Paula Lavigne.<\/div>\n<div class=\"title__separator\" style=\"text-align: justify;\"><\/div>\n<div class=\"article__text\">\n<p style=\"text-align: justify;\"><b>Vatican News<\/b><\/p>\n<p style=\"text-align: justify;\">Em turn\u00ea pela Europa com o espet\u00e1culo Meu Coco, Caetano Veloso recebeu a b\u00ean\u00e7\u00e3o do Papa Francisco.<\/p>\n<p style=\"text-align: justify;\">A audi\u00eancia ocorreu na manh\u00e3 desta quinta-feira, 28 de setembro, no Vaticano. O cantor estava acompanhado da esposa, Paula Lavigne.<\/p>\n<p style=\"text-align: justify;\">Em sua agenda, estava prevista uma \u00fanica apresenta\u00e7\u00e3o na It\u00e1lia, que foi feita ontem no &#8220;Parco della Musica&#8221;, em Roma.<\/p>\n<p style=\"text-align: justify;\">Caetano \u00e9 vencedor de 13 Latin Grammy e dois Grammy Award na categoria Best World Music Album.<\/p>\n<\/div>\n","protected":false},"excerpt":{"rendered":"<p>\u00a0 \u00a0 \u00a0 \u00a0 Caetano Veloso est\u00e1 em turn\u00ea pela Europa A audi\u00eancia ocorreu na manh\u00e3 desta quinta-feira, 28 de setembro, no Vaticano. O cantor estava acompanhado da esposa, Paula Lavigne. Vatican News Em turn\u00ea pela Europa com o espet\u00e1culo Meu Coco, Caetano Veloso recebeu a b\u00ean\u00e7\u00e3o do Papa Francisco. A audi\u00eancia ocorreu na manh\u00e3 [&hellip;]<\/p>\n","protected":false},"author":1,"featured_media":84243,"comment_status":"open","ping_status":"closed","sticky":false,"template":"","format":"standard","meta":{"footnotes":""},"categories":[3],"tags":[],"class_list":["post-84242","post","type-post","status-publish","format-standard","has-post-thumbnail","hentry","category-vaticano"],"_links":{"self":[{"href":"https:\/\/catolicanet.net\/wp-cnet\/wp-json\/wp\/v2\/posts\/84242","targetHints":{"allow":["GET"]}}],"collection":[{"href":"https:\/\/catolicanet.net\/wp-cnet\/wp-json\/wp\/v2\/posts"}],"about":[{"href":"https:\/\/catolicanet.net\/wp-cnet\/wp-json\/wp\/v2\/types\/post"}],"author":[{"embeddable":true,"href":"https:\/\/catolicanet.net\/wp-cnet\/wp-json\/wp\/v2\/users\/1"}],"replies":[{"embeddable":true,"href":"https:\/\/catolicanet.net\/wp-cnet\/wp-json\/wp\/v2\/comments?post=84242"}],"version-history":[{"count":1,"href":"https:\/\/catolicanet.net\/wp-cnet\/wp-json\/wp\/v2\/posts\/84242\/revisions"}],"predecessor-version":[{"id":84244,"href":"https:\/\/catolicanet.net\/wp-cnet\/wp-json\/wp\/v2\/posts\/84242\/revisions\/84244"}],"wp:featuredmedia":[{"embeddable":true,"href":"https:\/\/catolicanet.net\/wp-cnet\/wp-json\/wp\/v2\/media\/84243"}],"wp:attachment":[{"href":"https:\/\/catolicanet.net\/wp-cnet\/wp-json\/wp\/v2\/media?parent=84242"}],"wp:term":[{"taxonomy":"category","embeddable":true,"href":"https:\/\/catolicanet.net\/wp-cnet\/wp-json\/wp\/v2\/categories?post=84242"},{"taxonomy":"post_tag","embeddable":true,"href":"https:\/\/catolicanet.net\/wp-cnet\/wp-json\/wp\/v2\/tags?post=84242"}],"curies":[{"name":"wp","href":"https:\/\/api.w.org\/{rel}","templated":true}]}}