{"id":84238,"date":"2023-09-28T10:14:18","date_gmt":"2023-09-28T13:14:18","guid":{"rendered":"https:\/\/catolicanet.net\/wp-cnet\/?p=84238"},"modified":"2023-09-28T13:16:37","modified_gmt":"2023-09-28T16:16:37","slug":"mons-zenildo-nomeado-bispo-auxiliar-de-manaus-acolho-o-pedido-do-papa","status":"publish","type":"post","link":"https:\/\/catolicanet.net\/wp-cnet\/mons-zenildo-nomeado-bispo-auxiliar-de-manaus-acolho-o-pedido-do-papa\/","title":{"rendered":"Mons. Zenildo nomeado bispo auxiliar de Manaus: acolho o pedido do Papa"},"content":{"rendered":"<figure class=\"article__image\"><span class=\"didascalia_img\">Mons. Zenildo Lima\u00a0<\/span><\/figure>\n<div class=\"article__meta \" data-mediatype=\"\">\n<div class=\"article__subTitle\" style=\"text-align: justify;\">Mons. Zenildo Lima: \u201ca Igreja de Manaus pode esperar da minha pessoa a totalidade da minha disponibilidade\u201d.<\/div>\n<div class=\"title__separator\" style=\"text-align: justify;\"><\/div>\n<div class=\"article__text\">\n<p style=\"text-align: justify;\"><b>Padre Modino &#8211; CELAM<\/b><\/p>\n<p style=\"text-align: justify;\">Mons. Zenildo Lima da Silva foi nomeado pelo Papa Francisco bispo auxiliar da Arquidiocese de Manaus no dia 27 de setembro de 2023. Uma nomea\u00e7\u00e3o que se situa na perspectiva do Congresso Mission\u00e1rio Nacional, em cujo encerramento receber\u00e1 a ordena\u00e7\u00e3o episcopal. Ele v\u00ea seu minist\u00e9rio \u201cmuito vinculado com a identidade dessa Igreja de Manaus\u201d, onde ele tem vivido sempre sua f\u00e9.<\/p>\n<p style=\"text-align: justify;\">Uma nomea\u00e7\u00e3o fruto da \u201cmatura\u00e7\u00e3o de nossa identidade eclesial\u201d, uma Igreja ministerial que de diferentes modos assume a miss\u00e3o na Amaz\u00f4nia. Isso numa Igreja que est\u00e1 vivendo um grande processo sinodal, mas onde \u201ca indica\u00e7\u00e3o e o processo de escolha dos bispos na Igreja ainda n\u00e3o \u00e9 um processo que acontece dentro da sinodalidade que a gente esperava\u201d. Uma sinodalidade que acontece \u201ca medida que o minist\u00e9rio possa ser exercido abra\u00e7ando a din\u00e2mica de participa\u00e7\u00e3o que \u00e9 pr\u00f3prio dessa identidade sinodal\u201d.<\/p>\n<p style=\"text-align: justify;\">Um minist\u00e9rio episcopal com o qual ele quer \u201coferecer aquilo que pode, mas sempre de um modo novo, de uma exist\u00eancia batismal retomada a partir do minist\u00e9rio, exercer o que sempre faz, mas com uma autoridade, quer dizer uma qualifica\u00e7\u00e3o do servi\u00e7o\u201d. Um novo servi\u00e7o na Igreja de Manaus que \u201cagora \u00e9 uma abrang\u00eancia a uma totalidade da Igreja\u201d, insistindo em que essa Igreja de Manaus pode esperar dele \u201ca totalidade da minha disponibilidade\u201d.<\/p>\n<div style=\"text-align: justify;\">\n<div class=\"article__embed article__embed--unwrap article__embed--photo\">\n<figure><picture><img decoding=\"async\" class=\"loaded\" src=\"https:\/\/www.vaticannews.va\/content\/dam\/vaticannews\/multimedia\/2023\/09\/27\/Destaque-Portal-1aem.jpg\/_jcr_content\/renditions\/cq5dam.thumbnail.cropped.750.422.jpeg\" alt=\"Mons. Zenildo Lima da Silva foi nomeado pelo Papa Francisco bispo auxiliar da Arquidiocese de Manaus .\" data-original=\"\/content\/dam\/vaticannews\/multimedia\/2023\/09\/27\/Destaque-Portal-1aem.jpg\/_jcr_content\/renditions\/cq5dam.thumbnail.cropped.750.422.jpeg\" data-was-processed=\"true\" \/><\/picture><\/figure>\n<div class=\"photo_embed--Title\">Mons. Zenildo Lima da Silva foi nomeado pelo Papa Francisco bispo auxiliar da Arquidiocese de Manaus .<\/div>\n<\/div>\n<\/div>\n<p style=\"text-align: justify;\"><b>Nascido em Manaus, padre de Manaus, e agora a Igreja universal, pensando na Igreja de Manaus lhe encomenda uma nova miss\u00e3o: ser bispo auxiliar de Manaus. Como est\u00e1 vivendo isso?<\/b><\/p>\n<p style=\"text-align: justify;\"><i>Essa nomea\u00e7\u00e3o chega numa ocasi\u00e3o bastante oportuna para a gente situar esse acontecimento, que \u00e9 essa perspectiva do Congresso Mission\u00e1rio Nacional, da Igreja local para os confins do mundo. E a gente come\u00e7a essa reflex\u00e3o a partir da compreens\u00e3o da Igreja local. A sua pergunta insiste nesta localidade, nascido em Manaus, presb\u00edtero de Manaus e escolhido pela Igreja para servir a Igreja de Manaus.<\/i><\/p>\n<p style=\"text-align: justify;\"><i>\u00c9 o exerc\u00edcio de um minist\u00e9rio que vai se realizar na exist\u00eancia eclesial da Igreja que nesse ch\u00e3o de Manaus vive esta experi\u00eancia no seu ser e no seu agir. Acredito que o convite para esse minist\u00e9rio est\u00e1 muito vinculado com a identidade dessa Igreja de Manaus, com a autorrealiza\u00e7\u00e3o dessa Igreja de Manaus.<\/i><\/p>\n<p style=\"text-align: justify;\"><i>Eu experimento, acolho muito esse momento, como um momento da Igreja, n\u00e3o como um momento pessoal. N\u00e3o era algo para o que eu desenhava a minha vida, mas percebo que \u00e9 algo que vai formatando o desenho da identidade dessa Igreja. E foi nesse sentido, que me senti impelido a acolher esse pedido do Papa.<\/i><\/p>\n<p style=\"text-align: justify;\"><b>Fala de miss\u00e3o, o Amazonas \u00e9 um Estado que j\u00e1 recebeu muitos mission\u00e1rios, onde a maioria dos bispos at\u00e9 agora foram de outras regi\u00f5es do Brasil ou do exterior. O senhor n\u00e3o \u00e9 o primeiro bispo amazonense, e essas nomea\u00e7\u00f5es podem ser consideradas um amadurecimento das igrejas locais, que aos poucos vai assumindo mais minist\u00e9rios, inclusive o minist\u00e9rio episcopal, \u00bfpoder\u00edamos dizer que esse amadurecimento existe?<\/b><\/p>\n<p style=\"text-align: justify;\"><i>Mais uma vez eu recorro ao que a gente vive circunstancialmente, acabamos de celebrar a 50\u00aa Assembleia do nosso Regional Norte1. Na realiza\u00e7\u00e3o desta assembleia, n\u00f3s fomos identificando os marcos que j\u00e1 est\u00e3o fincados na caminhada desta Igreja e que lhe permite alargar a sua tenda, como foi a proposta desta assembleia, fazer mem\u00f3ria, se colocando a disposi\u00e7\u00e3o para a profecia, e sempre vislumbrando a esperan\u00e7a.<\/i><\/p>\n<p style=\"text-align: justify;\"><i>E um dos elementos que a gente constatou nesta assembleia foi justamente esse da matura\u00e7\u00e3o de nossa identidade eclesial e uma matura\u00e7\u00e3o que se v\u00ea atrav\u00e9s dos minist\u00e9rios, do resgate do diaconato permanente, ainda que haja muita coisa para ser pensada e refletida, do minist\u00e9rio presbiteral de aut\u00f3ctones, de pessoas que s\u00e3o nascidas aqui e convidadas a assumir as causas daqui. E nessa esteira do minist\u00e9rio presbiteral e do minist\u00e9rio episcopal, com mais um bispo daqui da regi\u00e3o, que de fato \u00e9 indicativo sim desta maturidade. Mas sobretudo pela grande corporeidade ministerial da nossa Igreja.<\/i><\/p>\n<p style=\"text-align: justify;\"><i>A nomea\u00e7\u00e3o de um bispo nascido na pr\u00f3pria regi\u00e3o, ela \u00e9 t\u00e3o significativa quanto o minist\u00e9rio de tantos crist\u00e3os leigos e leigas que s\u00e3o nascidos aqui, que assumem a evangeliza\u00e7\u00e3o. Essa matura\u00e7\u00e3o eclesial n\u00e3o \u00e9 porque se galgou um minist\u00e9rio mais raro, mas porque expressa que s\u00e3o os batizados que vivem a eclesialidad aqui, que assumem ministerialmente os servi\u00e7os da Igreja e do povo aqui.<\/i><\/p>\n<div style=\"text-align: justify;\">\n<div class=\"article__embed article__embed--unwrap article__embed--photo\">\n<figure><picture><img decoding=\"async\" class=\"loaded\" src=\"https:\/\/www.vaticannews.va\/content\/dam\/vaticannews\/multimedia\/2023\/08\/11\/PADRE-ZENILDO-CEAMA-2-1.jpg\/_jcr_content\/renditions\/cq5dam.thumbnail.cropped.750.422.jpeg\" alt=\"Mons. Zenildo\" data-original=\"\/content\/dam\/vaticannews\/multimedia\/2023\/08\/11\/PADRE-ZENILDO-CEAMA-2-1.jpg\/_jcr_content\/renditions\/cq5dam.thumbnail.cropped.750.422.jpeg\" data-was-processed=\"true\" \/><\/picture><\/figure>\n<div class=\"photo_embed--Title\">Mons. Zenildo<\/div>\n<\/div>\n<\/div>\n<p style=\"text-align: justify;\"><b>Uma nomea\u00e7\u00e3o que foi dada a conhecer poucos dias antes do in\u00edcio da primeira sess\u00e3o da assembleia sinodal do S\u00ednodo da Sinodalidade. O S\u00ednodo \u00e9 um processo, o senhor participou do S\u00ednodo para a Amaz\u00f4nia como auditor, que pode se esperar de um bispo neste tempo de sinodalidade?<\/b><\/p>\n<p style=\"text-align: justify;\"><i>Sempre s\u00e3o os acontecimentos de Igreja que v\u00e3o norteando a compreens\u00e3o dessa nomea\u00e7\u00e3o e desse convite do Papa para esse minist\u00e9rio. A indica\u00e7\u00e3o e o processo de escolha dos bispos na Igreja ainda n\u00e3o \u00e9 um processo que acontece dentro da sinodalidade que a gente esperava. A nomea\u00e7\u00e3o da minha pessoa, embora possa ser acolhida por muitos como um resultado desse processo sinodal de amadurecimento de Igreja com rosto amaz\u00f4nico, mas ele ainda obedeceu, ainda seguiu aqueles padr\u00f5es bastante r\u00edgidos que a Igreja tem enquanto a esse processo.<\/i><\/p>\n<p style=\"text-align: justify;\"><i>Mas n\u00e3o obstante isso,de fato n\u00f3s podemos falar de sinodalidade a medida que o minist\u00e9rio possa ser exercido abra\u00e7ando a din\u00e2mica de participa\u00e7\u00e3o que \u00e9 pr\u00f3prio dessa identidade sinodal. A minha pessoa, o meu nome, a minha hist\u00f3ria e a hist\u00f3ria do meu minist\u00e9rio, do servi\u00e7o pastoral, est\u00e1 muito ligado com a vida da Igreja de Manaus e a vida das igrejas do nosso Regional, com a aproxima\u00e7\u00e3o do trabalho dos crist\u00e3os leigos e leigas, com as pastorais espec\u00edficas das nossas igrejas, das nossas dioceses.<\/i><\/p>\n<p style=\"text-align: justify;\"><i>H\u00e1 uma concorr\u00eancia, no sentido que as coisas concorrem, as realidades, as experi\u00eancias pastorais concorrem para a nomea\u00e7\u00e3o de um nome daqui que seja vinculado a este processo participativo que caracteriza a nossa Igreja.<\/i><\/p>\n<p style=\"text-align: justify;\"><b>O senhor fala da Igreja de Manaus, evidentemente conhece muito bem a Igreja de Manaus, \u00e9 muito conhecido na Igreja de Manaus, o que lhe pede ao povo de Deus que caminha em Manaus e que lhe oferece em seu novo minist\u00e9rio a essa Igreja que lhe viu crescer e que o senhor j\u00e1 manifestou tantas vezes que a ama?<\/b><\/p>\n<p style=\"text-align: justify;\"><i>Quando eu tive a oportunidade de fazer um mestrado e depois me deram a proposta de um doutorado, que n\u00e3o realizei, a minha perspectiva seria escrever algo sobre a Igreja de Manaus. A minha realiza\u00e7\u00e3o batismal, eclesial, ministerial, se d\u00e1 na Igreja de Manaus. Quando eu recebi a comunica\u00e7\u00e3o para a possibilidade desse minist\u00e9rio episcopal, eu me perguntava o que eu vou fazer mais pela Igreja de Manaus, o que ainda tenho para oferecer para a Igreja de Manaus. Quase insistia, diante da comunica\u00e7\u00e3o, me deixa assim mesmo, j\u00e1 estou oferecendo aquilo que eu posso pela nossa Igreja.<\/i><\/p>\n<p style=\"text-align: justify;\"><i>E me foi advertido, oferecer aquilo que pode, mas sempre de um modo novo, de uma exist\u00eancia batismal retomada a partir do minist\u00e9rio, exercer o que sempre faz, mas com uma autoridade, quer dizer uma qualifica\u00e7\u00e3o do servi\u00e7o.<\/i><\/p>\n<p style=\"text-align: justify;\"><i>O que posso oferecer a Igreja de Manaus depois de tantos servi\u00e7os que j\u00e1 realizei com muito gosto nessa Arquidiocese, nas par\u00f3quias, nas pastorais espec\u00edficas, na anima\u00e7\u00e3o vocacional, na pastoral presbiteral, no semin\u00e1rio, no Instituto de Teologia, no secretariado do Regional. Essa nomea\u00e7\u00e3o, ela equilibra uma abrang\u00eancia, a gente sempre tem dedica\u00e7\u00f5es \u00e0 Igreja local a partir de recortes de responsabilidades que nos s\u00e3o conferidas. Agora \u00e9 uma abrang\u00eancia a uma totalidade da Igreja. A minha vida, ela agora est\u00e1 sendo exigida na sua totalidade para o servi\u00e7o da totalidade da Igreja de Manaus. Que que a Igreja de Manaus pode esperar da minha pessoa? A totalidade da minha disponibilidade.<\/i><\/p>\n<\/div>\n<\/div>\n","protected":false},"excerpt":{"rendered":"<p>Mons. Zenildo Lima\u00a0 Mons. Zenildo Lima: \u201ca Igreja de Manaus pode esperar da minha pessoa a totalidade da minha disponibilidade\u201d. Padre Modino &#8211; CELAM Mons. Zenildo Lima da Silva foi nomeado pelo Papa Francisco bispo auxiliar da Arquidiocese de Manaus no dia 27 de setembro de 2023. Uma nomea\u00e7\u00e3o que se situa na perspectiva do [&hellip;]<\/p>\n","protected":false},"author":1,"featured_media":84239,"comment_status":"open","ping_status":"closed","sticky":false,"template":"","format":"standard","meta":{"footnotes":""},"categories":[3],"tags":[],"class_list":["post-84238","post","type-post","status-publish","format-standard","has-post-thumbnail","hentry","category-vaticano"],"_links":{"self":[{"href":"https:\/\/catolicanet.net\/wp-cnet\/wp-json\/wp\/v2\/posts\/84238","targetHints":{"allow":["GET"]}}],"collection":[{"href":"https:\/\/catolicanet.net\/wp-cnet\/wp-json\/wp\/v2\/posts"}],"about":[{"href":"https:\/\/catolicanet.net\/wp-cnet\/wp-json\/wp\/v2\/types\/post"}],"author":[{"embeddable":true,"href":"https:\/\/catolicanet.net\/wp-cnet\/wp-json\/wp\/v2\/users\/1"}],"replies":[{"embeddable":true,"href":"https:\/\/catolicanet.net\/wp-cnet\/wp-json\/wp\/v2\/comments?post=84238"}],"version-history":[{"count":1,"href":"https:\/\/catolicanet.net\/wp-cnet\/wp-json\/wp\/v2\/posts\/84238\/revisions"}],"predecessor-version":[{"id":84240,"href":"https:\/\/catolicanet.net\/wp-cnet\/wp-json\/wp\/v2\/posts\/84238\/revisions\/84240"}],"wp:featuredmedia":[{"embeddable":true,"href":"https:\/\/catolicanet.net\/wp-cnet\/wp-json\/wp\/v2\/media\/84239"}],"wp:attachment":[{"href":"https:\/\/catolicanet.net\/wp-cnet\/wp-json\/wp\/v2\/media?parent=84238"}],"wp:term":[{"taxonomy":"category","embeddable":true,"href":"https:\/\/catolicanet.net\/wp-cnet\/wp-json\/wp\/v2\/categories?post=84238"},{"taxonomy":"post_tag","embeddable":true,"href":"https:\/\/catolicanet.net\/wp-cnet\/wp-json\/wp\/v2\/tags?post=84238"}],"curies":[{"name":"wp","href":"https:\/\/api.w.org\/{rel}","templated":true}]}}