{"id":84234,"date":"2023-09-28T10:10:28","date_gmt":"2023-09-28T13:10:28","guid":{"rendered":"https:\/\/catolicanet.net\/wp-cnet\/?p=84234"},"modified":"2023-09-28T13:13:40","modified_gmt":"2023-09-28T16:13:40","slug":"o-sinodo-historia-e-rostos-de-uma-instituicao","status":"publish","type":"post","link":"https:\/\/catolicanet.net\/wp-cnet\/o-sinodo-historia-e-rostos-de-uma-instituicao\/","title":{"rendered":"O S\u00ednodo, hist\u00f3ria e rostos de uma institui\u00e7\u00e3o"},"content":{"rendered":"<div class=\"mediaContent__inner \">\n<figure class=\"article__image\"><span class=\"didascalia_img\">Foto de arquivo: uma sess\u00e3o do S\u00ednodo dos Bispos (Vatican Media)<\/span><\/figure>\n<\/div>\n<article class=\"article \">\n<div class=\"article__meta audioInside\" data-mediatype=\"foto\">\n<div class=\"article__subTitle\" style=\"text-align: justify;\">No L&#8217;Osservatore Romano, um artigo repercorre a evolu\u00e7\u00e3o da assembleia dos bispos, desde a ideia inicial de Paulo VI, h\u00e1 cerca de 60 anos, \u00e0 nova concep\u00e7\u00e3o de Francisco, at\u00e9 a chegada da pr\u00f3xima assembleia em outubro<\/div>\n<div class=\"title__separator\" style=\"text-align: justify;\"><\/div>\n<div class=\"article__text\">\n<p style=\"text-align: justify;\"><b>por Giacomo Costa<\/b><\/p>\n<div style=\"text-align: justify;\">\n<div class=\"article__embed article__embed--unwrap article__embed--dark\">\n<div class=\"article__innerTitle\">Ou\u00e7a e compartilhe<\/div>\n<div>\n<!--[if lt IE 9]><script>document.createElement('audio');<\/script><![endif]-->\n<audio class=\"wp-audio-shortcode\" id=\"audio-84234-1\" preload=\"none\" style=\"width: 100%;\" controls=\"controls\"><source type=\"audio\/mpeg\" src=\"https:\/\/media.vaticannews.va\/media\/audio\/s1\/2023\/09\/27\/17\/137326114_F137326114.mp3?_=1\" \/><a href=\"https:\/\/media.vaticannews.va\/media\/audio\/s1\/2023\/09\/27\/17\/137326114_F137326114.mp3\">https:\/\/media.vaticannews.va\/media\/audio\/s1\/2023\/09\/27\/17\/137326114_F137326114.mp3<\/a><\/audio>\n<\/div>\n<\/div>\n<\/div>\n<p style=\"text-align: justify;\">O S\u00ednodo dos Bispos nasceu em 1965 por iniciativa de Paulo VI que, no &#8220;motu proprio&#8221; Apostolica sollicitudo, o definiu como &#8220;um conselho permanente de Bispos para a Igreja universal&#8221;. Assim, ele implementou uma solicita\u00e7\u00e3o formulada pelo Conc\u00edlio, que naquela \u00e9poca estava quase no fim, especialmente durante o debate sobre a colegialidade. Desde ent\u00e3o, Paulo VI estava ciente de que o S\u00ednodo mudaria com o tempo. De fato, no &#8220;motu proprio&#8221; ele escreveu: &#8220;Como toda institui\u00e7\u00e3o humana, com o passar do tempo ele ser\u00e1 aperfei\u00e7oado&#8221;.<\/p>\n<p style=\"text-align: justify;\">A evolu\u00e7\u00e3o do S\u00ednodo andou de m\u00e3os dadas com a recep\u00e7\u00e3o progressiva do Conc\u00edlio, em particular com a vis\u00e3o eclesiol\u00f3gica na qual est\u00e1 enraizada a rela\u00e7\u00e3o entre o povo de Deus, o col\u00e9gio dos bispos e o Bispo de Roma. O Papa Francisco d\u00e1 express\u00e3o a isso, refletindo sobre a dimens\u00e3o sinodal constitutiva da Igreja por ocasi\u00e3o do quinquag\u00e9simo anivers\u00e1rio da institui\u00e7\u00e3o do S\u00ednodo (2015): &#8220;Uma Igreja sinodal \u00e9 uma Igreja da escuta, [&#8230;] uma escuta m\u00fatua na qual cada um tem algo a aprender&#8221;. Povo fiel, Col\u00e9gio episcopal, Bispo de Roma: um ouvindo o outro; e todos ouvindo o Esp\u00edrito Santo&#8221;.<\/p>\n<p style=\"text-align: justify;\">Em 2018, a constitui\u00e7\u00e3o apost\u00f3lica Episcopalis communio prossegue na linha de aperfei\u00e7oar o S\u00ednodo: de um evento pontual &#8211; uma assembleia de bispos dedicada a tratar de uma quest\u00e3o &#8211; o transforma em um processo articulado em v\u00e1rias etapas, no qual toda a Igreja e todos na Igreja s\u00e3o convidados a participar. \u00c9 sobre essa base renovada que foi concebido o processo do S\u00ednodo 2021-2024, intitulado Por uma Igreja Sinodal. Comunh\u00e3o, participa\u00e7\u00e3o, miss\u00e3o. Isso explica sua articula\u00e7\u00e3o, que \u00e9 muito mais complexa do que a dos s\u00ednodos anteriores.<\/p>\n<p style=\"text-align: justify;\">Em primeiro lugar, esta previu uma longa fase de consulta e escuta do povo de Deus em todas as Igrejas do mundo, que ocorreu em v\u00e1rias etapas: come\u00e7ou em n\u00edvel local (paroquial e depois diocesano), depois passou para o das confer\u00eancias episcopais nacionais e terminou com o n\u00edvel continental. Nesse processo, a escuta se tornou uma oportunidade de encontro e de di\u00e1logo, dentro de cada Igreja local e entre elas, especialmente entre as que pertencem \u00e0 mesma regi\u00e3o, e tamb\u00e9m em n\u00edvel de Igreja universal, gra\u00e7as tamb\u00e9m aos est\u00edmulos do Documento preparat\u00f3rio e do Documento de trabalho para a etapa continental, elaborados pela Secretaria Geral do S\u00ednodo, em particular, com base nos elementos colhidos na escuta do povo de Deus.<\/p>\n<p style=\"text-align: justify;\">A din\u00e2mica eclesial em n\u00edvel continental, que esse s\u00ednodo enfatiza fortemente, tamb\u00e9m encontra inspira\u00e7\u00e3o no Conc\u00edlio, particularmente no decreto Ad gentes, que afirma no n. 22: &#8220;\u00c9, portanto, desej\u00e1vel, para n\u00e3o dizer sumamente conveniente, que as confer\u00eancias episcopais se re\u00fanam dentro de cada vasto territ\u00f3rio sociocultural, a fim de poderem realizar esse plano de adapta\u00e7\u00e3o em plena harmonia entre si e na uniformidade das decis\u00f5es&#8221;.<\/p>\n<p style=\"text-align: justify;\">A fase de discernimento, tarefa que cabe em primeiro lugar aos pastores, acentua tamb\u00e9m o seu car\u00e1ter processual, gra\u00e7as ao fato de que a xvi Assembleia Geral Ordin\u00e1ria do S\u00ednodo dos Bispos ser\u00e1 realizada em duas sess\u00f5es, intercaladas com um tempo para os devidos aprofundamentos e, sobretudo, para interpelar novamente o Povo de Deus. A maior articula\u00e7\u00e3o do processo n\u00e3o pode deixar de reverberar na composi\u00e7\u00e3o da assembleia sinodal. Ela mant\u00e9m seu car\u00e1ter episcopal fundamental, j\u00e1 que tr\u00eas quartos de seus membros s\u00e3o bispos. A eles se juntam sacerdotes e di\u00e1conos, religiosos e religiosas, leigos e leigas, escolhidos entre aqueles que se comprometeram mais intensamente com as v\u00e1rias etapas do processo sinodal. Sua tarefa \u00e9 justamente trazer o testemunho e a mem\u00f3ria da riqueza desse processo para a assembleia respons\u00e1vel pelo discernimento. Reconhecendo a import\u00e2ncia de seu servi\u00e7o, damos espa\u00e7o &#8211; nesta edi\u00e7\u00e3o da Religio &#8211; \u00e0s vozes de alguns deles.<\/p>\n<\/div>\n<\/div>\n<\/article>\n","protected":false},"excerpt":{"rendered":"<p>Foto de arquivo: uma sess\u00e3o do S\u00ednodo dos Bispos (Vatican Media) No L&#8217;Osservatore Romano, um artigo repercorre a evolu\u00e7\u00e3o da assembleia dos bispos, desde a ideia inicial de Paulo VI, h\u00e1 cerca de 60 anos, \u00e0 nova concep\u00e7\u00e3o de Francisco, at\u00e9 a chegada da pr\u00f3xima assembleia em outubro por Giacomo Costa Ou\u00e7a e compartilhe O [&hellip;]<\/p>\n","protected":false},"author":1,"featured_media":84235,"comment_status":"open","ping_status":"closed","sticky":false,"template":"","format":"standard","meta":{"footnotes":""},"categories":[3],"tags":[],"class_list":["post-84234","post","type-post","status-publish","format-standard","has-post-thumbnail","hentry","category-vaticano"],"_links":{"self":[{"href":"https:\/\/catolicanet.net\/wp-cnet\/wp-json\/wp\/v2\/posts\/84234","targetHints":{"allow":["GET"]}}],"collection":[{"href":"https:\/\/catolicanet.net\/wp-cnet\/wp-json\/wp\/v2\/posts"}],"about":[{"href":"https:\/\/catolicanet.net\/wp-cnet\/wp-json\/wp\/v2\/types\/post"}],"author":[{"embeddable":true,"href":"https:\/\/catolicanet.net\/wp-cnet\/wp-json\/wp\/v2\/users\/1"}],"replies":[{"embeddable":true,"href":"https:\/\/catolicanet.net\/wp-cnet\/wp-json\/wp\/v2\/comments?post=84234"}],"version-history":[{"count":1,"href":"https:\/\/catolicanet.net\/wp-cnet\/wp-json\/wp\/v2\/posts\/84234\/revisions"}],"predecessor-version":[{"id":84236,"href":"https:\/\/catolicanet.net\/wp-cnet\/wp-json\/wp\/v2\/posts\/84234\/revisions\/84236"}],"wp:featuredmedia":[{"embeddable":true,"href":"https:\/\/catolicanet.net\/wp-cnet\/wp-json\/wp\/v2\/media\/84235"}],"wp:attachment":[{"href":"https:\/\/catolicanet.net\/wp-cnet\/wp-json\/wp\/v2\/media?parent=84234"}],"wp:term":[{"taxonomy":"category","embeddable":true,"href":"https:\/\/catolicanet.net\/wp-cnet\/wp-json\/wp\/v2\/categories?post=84234"},{"taxonomy":"post_tag","embeddable":true,"href":"https:\/\/catolicanet.net\/wp-cnet\/wp-json\/wp\/v2\/tags?post=84234"}],"curies":[{"name":"wp","href":"https:\/\/api.w.org\/{rel}","templated":true}]}}