{"id":84151,"date":"2023-09-26T11:33:06","date_gmt":"2023-09-26T14:33:06","guid":{"rendered":"https:\/\/catolicanet.net\/wp-cnet\/?p=84151"},"modified":"2023-09-26T11:33:06","modified_gmt":"2023-09-26T14:33:06","slug":"o-papel-da-espiritualidade-no-tratamento-e-na-prevencao-da-dependencia-quimica","status":"publish","type":"post","link":"https:\/\/catolicanet.net\/wp-cnet\/o-papel-da-espiritualidade-no-tratamento-e-na-prevencao-da-dependencia-quimica\/","title":{"rendered":"O papel da espiritualidade no tratamento e na preven\u00e7\u00e3o da depend\u00eancia qu\u00edmica"},"content":{"rendered":"<h2 class=\"subtitle\" style=\"text-align: justify;\">\u00c9 importante ficar atento aos principais sinais de depend\u00eancia qu\u00edmica. Segundo publica\u00e7\u00e3o da Universidade John Hopkins, estes s\u00e3o os principais sinais:<\/h2>\n<p style=\"text-align: justify;\">Adepend\u00eancia qu\u00edmica \u00e9 definida pela Organiza\u00e7\u00e3o Mundial da Sa\u00fade como altera\u00e7\u00f5es comportamentais, fisiol\u00f3gicas e cognitivas que se desenvolvem ap\u00f3s o uso repetido de determinadas subst\u00e2ncias como o fumo, o \u00e1lcool, medicamentos ou drogas il\u00edcitas. Ou seja, a depend\u00eancia \u00e9 um termo que os m\u00e9dicos utilizam para descrever o uso continuado de certas subst\u00e2ncias quando surgem problemas relacionados ao seu uso.<\/p>\n<p style=\"text-align: justify;\">O Escrit\u00f3rio das Na\u00e7\u00f5es Unidas sobre Drogas e Crime (UNODC), em 2021, divulgou um relat\u00f3rio informando que mais de 36 milh\u00f5es de pessoas sofreram de transtornos associados ao uso de drogas. Este mesmo relat\u00f3rio informava que, entre 2010 e 2019, o n\u00famero de pessoas que usam drogas aumentou 22%. N\u00fameros que pioraram com a pandemia, em um aumento relatado de 42% do uso de cannabis (maconha) e do consumo abusivo (n\u00e3o medicinal) de medicamentos durante aquele per\u00edodo de isolamento social. Ora, a depend\u00eancia qu\u00edmica, como sabemos, gera graves problemas na vida do indiv\u00edduo e que podem se estender para os membros da fam\u00edlia desse dependente.<\/p>\n<p style=\"text-align: justify;\">Muitas vezes, o problema, em seus est\u00e1gios iniciais, n\u00e3o \u00e9 percebido pelo dependente e\/ou familiares que confundem o v\u00edcio com \u201ch\u00e1bitos sociais normais\u201d, como tomar todas as noites uma latinha de cerveja para relaxar ou, ainda, tomar comprimidos para melhorar a concentra\u00e7\u00e3o antes de estudar etc.<\/p>\n<p style=\"text-align: justify;\">Por isso, \u00e9 importante ficar atento aos principais sinais de depend\u00eancia qu\u00edmica. Segundo publica\u00e7\u00e3o da Universidade John Hopkins, estes s\u00e3o os principais sinais:<\/p>\n<ul style=\"text-align: justify;\">\n<li>Necessidade de quantidades cada vez maiores da subst\u00e2ncia para obter efeito (toler\u00e2ncia).<\/li>\n<li>Sintomas (como tremores, febre, dor de cabe\u00e7a etc.) que ocorrem a pessoa diminuir ou parar de usar a subst\u00e2ncia (abstin\u00eancia).<\/li>\n<li>Gastar muito tempo para obter, usar e se recuperar dos efeitos do uso de drogas<\/li>\n<li>Afastamento de atividades sociais e\/ou recreativas.<\/li>\n<li>Uso continuado da subst\u00e2ncia mesmo que a pessoa esteja ciente dos problemas f\u00edsicos, psicol\u00f3gicos e familiares ou sociais causados por este uso.<\/li>\n<\/ul>\n<p style=\"text-align: justify;\">Os fatores que levam algu\u00e9m a contrair a depend\u00eancia qu\u00edmica s\u00e3o vari\u00e1veis, incluindo press\u00f5es sociais, problemas psiqui\u00e1tricos, gen\u00e9tica, e, ainda, podemos incluir fatores culturais como o acesso facilitado ao \u00e1lcool e ao cigarro, tais como em situa\u00e7\u00f5es em que os pais oferecem bebidas alco\u00f3licas aos filhos adolescentes ou fumam na presen\u00e7a de crian\u00e7as.<\/p>\n<div id=\"aleteia-welcome\" style=\"text-align: justify;\"><\/div>\n<div id=\"article-native-inread\" class=\"adslot ay css-p8k4vw\" style=\"text-align: justify;\"><\/div>\n<p style=\"text-align: justify;\">Os sintomas da depend\u00eancia qu\u00edmica s\u00e3o muitos e, \u00e0s vezes, graves. Por isso, os pais, educadores e profissionais de sa\u00fade devem ficar atentos a sinais como perda de peso, olhos vermelhos, fadiga constante, mudan\u00e7a de comportamento, ansiedade e ins\u00f4nia. Caso seja confirmado um caso de depend\u00eancia qu\u00edmica, o tratamento h\u00e1 de ser indicado o mais r\u00e1pido poss\u00edvel.<\/p>\n<p style=\"text-align: justify;\">Existem muitas estrat\u00e9gias para prevenir e combater a depend\u00eancia qu\u00edmica e todas se baseiam sobretudo no acolhimento. Como foi descrito aqui, muitos s\u00e3o os fatores que levam \u00e0 depend\u00eancia qu\u00edmica e, por isso, o tratamento tamb\u00e9m \u00e9 complexo, exigindo uma equipe multiprofissional, formada por psic\u00f3logo, m\u00e9dico, assistente social etc. Em algumas situa\u00e7\u00f5es mais graves, uma interna\u00e7\u00e3o pode ser necess\u00e1ria.<\/p>\n<div id=\"article-desk-content-p6-ad\" class=\"adslot ay css-p8k4vw\" style=\"text-align: justify;\"><\/div>\n<p style=\"text-align: justify;\">Neste contexto de tratamento e preven\u00e7\u00e3o da depend\u00eancia qu\u00edmica, \u00e9 importante ressaltar a import\u00e2ncia da f\u00e9 e da espiritualidade, tanto na estrutura\u00e7\u00e3o dos servi\u00e7os de tratamento como componente auxiliar na terapia.<\/p>\n<p style=\"text-align: justify;\">Um estudo publicado, em 2019, pelo\u00a0<em>Journal of Religion and Health<\/em>\u00a0evidenciou que 73% dos programas de tratamento de depend\u00eancia, nos EUA, incluem um elemento baseado na espiritualidade, como observado nos famosos 12 passos desenvolvidos e popularizados pelos Alco\u00f3licos An\u00f4nimos (AA), sendo que os viciados com f\u00e9 se beneficiam destes elementos apresentando uma cura mais r\u00e1pida.<\/p>\n<p style=\"text-align: justify;\">E mais: um estudo publicado, em 2018, pelo\u00a0<em>Journal of Youth and Adolescence<\/em>\u00a0com investigadores da Universidade da Virg\u00ednia e da Escola de Sa\u00fade P\u00fablica Johns Hopkins, ao estudar mais de 27 mil estudantes do Ensino M\u00e9dio, conclu\u00edram que a espiritualidade est\u00e1 relacionada a um menor abuso de subst\u00e2ncias e a uma maior adapta\u00e7\u00e3o a situa\u00e7\u00f5es estressantes.<\/p>\n<p style=\"text-align: justify;\">Desta forma, \u00e9 f\u00e1cil concluir que a espiritualidade e a inclus\u00e3o dos jovens na vida religiosa deve ser uma preocupa\u00e7\u00e3o dos pais e \u2013 ainda mais \u2013 considerada um fator de preven\u00e7\u00e3o \u00e0 depend\u00eancia qu\u00edmica. Em contrapartida, o decl\u00ednio do n\u00famero de pessoas que se dizem pertencentes a uma religi\u00e3o, em breve, n\u00e3o ser\u00e1 apenas uma preocupa\u00e7\u00e3o das Igrejas, mas tamb\u00e9m se tornar\u00e1 uma preocupa\u00e7\u00e3o de sa\u00fade p\u00fablica.<\/p>\n","protected":false},"excerpt":{"rendered":"<p>\u00c9 importante ficar atento aos principais sinais de depend\u00eancia qu\u00edmica. Segundo publica\u00e7\u00e3o da Universidade John Hopkins, estes s\u00e3o os principais sinais: Adepend\u00eancia qu\u00edmica \u00e9 definida pela Organiza\u00e7\u00e3o Mundial da Sa\u00fade como altera\u00e7\u00f5es comportamentais, fisiol\u00f3gicas e cognitivas que se desenvolvem ap\u00f3s o uso repetido de determinadas subst\u00e2ncias como o fumo, o \u00e1lcool, medicamentos ou drogas il\u00edcitas. [&hellip;]<\/p>\n","protected":false},"author":1,"featured_media":84152,"comment_status":"open","ping_status":"closed","sticky":false,"template":"","format":"standard","meta":{"footnotes":""},"categories":[4,13],"tags":[],"class_list":["post-84151","post","type-post","status-publish","format-standard","has-post-thumbnail","hentry","category-cotidiano","category-featured"],"_links":{"self":[{"href":"https:\/\/catolicanet.net\/wp-cnet\/wp-json\/wp\/v2\/posts\/84151","targetHints":{"allow":["GET"]}}],"collection":[{"href":"https:\/\/catolicanet.net\/wp-cnet\/wp-json\/wp\/v2\/posts"}],"about":[{"href":"https:\/\/catolicanet.net\/wp-cnet\/wp-json\/wp\/v2\/types\/post"}],"author":[{"embeddable":true,"href":"https:\/\/catolicanet.net\/wp-cnet\/wp-json\/wp\/v2\/users\/1"}],"replies":[{"embeddable":true,"href":"https:\/\/catolicanet.net\/wp-cnet\/wp-json\/wp\/v2\/comments?post=84151"}],"version-history":[{"count":1,"href":"https:\/\/catolicanet.net\/wp-cnet\/wp-json\/wp\/v2\/posts\/84151\/revisions"}],"predecessor-version":[{"id":84153,"href":"https:\/\/catolicanet.net\/wp-cnet\/wp-json\/wp\/v2\/posts\/84151\/revisions\/84153"}],"wp:featuredmedia":[{"embeddable":true,"href":"https:\/\/catolicanet.net\/wp-cnet\/wp-json\/wp\/v2\/media\/84152"}],"wp:attachment":[{"href":"https:\/\/catolicanet.net\/wp-cnet\/wp-json\/wp\/v2\/media?parent=84151"}],"wp:term":[{"taxonomy":"category","embeddable":true,"href":"https:\/\/catolicanet.net\/wp-cnet\/wp-json\/wp\/v2\/categories?post=84151"},{"taxonomy":"post_tag","embeddable":true,"href":"https:\/\/catolicanet.net\/wp-cnet\/wp-json\/wp\/v2\/tags?post=84151"}],"curies":[{"name":"wp","href":"https:\/\/api.w.org\/{rel}","templated":true}]}}