{"id":84143,"date":"2023-09-26T11:28:38","date_gmt":"2023-09-26T14:28:38","guid":{"rendered":"https:\/\/catolicanet.net\/wp-cnet\/?p=84143"},"modified":"2023-09-26T11:28:38","modified_gmt":"2023-09-26T14:28:38","slug":"rumo-ao-jubileu-2025-publicados-os-temas-das-jornadas-mundiais-da-juventude-jmj-de-2023-e-de-2024","status":"publish","type":"post","link":"https:\/\/catolicanet.net\/wp-cnet\/rumo-ao-jubileu-2025-publicados-os-temas-das-jornadas-mundiais-da-juventude-jmj-de-2023-e-de-2024\/","title":{"rendered":"RUMO AO JUBILEU 2025: PUBLICADOS OS TEMAS DAS JORNADAS MUNDIAIS DA JUVENTUDE (JMJ) DE 2023 E DE 2024"},"content":{"rendered":"<p style=\"text-align: justify;\">O Dicast\u00e9rio para os Leigos, a Fam\u00edlia e a Vida, atrav\u00e9s de um comunicado, informou que o Papa Francisco escolheu os temas das duas Jornadas Mundiais da Juventude que ser\u00e3o celebradas nas Igrejas particulares em 2023 e 2024, por ocasi\u00e3o da solenidade de Cristo Rei. Essas duas celebra\u00e7\u00f5es, segundo o comunicado, cadenciam o caminho de prepara\u00e7\u00e3o para o Jubileu dos Jovens, no contexto do grande Jubileu de 2025 \u00abPeregrinos de esperan\u00e7a\u00bb:<\/p>\n<blockquote><p><strong>XXXVIII Jornada Mundial da Juventude, 2023: \u00abAlegres na esperan\u00e7a\u00bb (cf. Rm 12, 12);<\/strong><\/p>\n<p><strong>XXXIX Jornada Mundial da Juventude, 2024: \u00abAqueles que esperam no Senhor caminham sem se cansar\u00bb (cf. Is 40, 31).<\/strong><\/p><\/blockquote>\n<p style=\"text-align: justify;\"><img decoding=\"async\" class=\"aligncenter\" src=\"https:\/\/jovensconectados.org.br\/wp-content\/uploads\/2023\/09\/WhatsApp-Image-2023-09-26-at-08.49.44-450x450.jpeg\" \/><\/p>\n<p style=\"text-align: justify;\">\n<p style=\"text-align: justify;\">O comunicado do dicast\u00e9rio recorda a a constitui\u00e7\u00e3o pastoral\u00a0<em>Gaudium et spes<\/em>, a qual destaca que \u00abAs<em>\u00a0alegrias e as esperan\u00e7as, as tristezas e as ang\u00fastias dos homens de hoje, sobretudo dos pobres e de todos aqueles que sofrem, s\u00e3o tamb\u00e9m as alegrias e as esperan\u00e7as, as tristezas e as ang\u00fastias dos disc\u00edpulos de Cristo\u00bb.<\/em><\/p>\n<blockquote><p><em>\u201cNos tempos dif\u00edceis atuais, a Igreja deseja, como ent\u00e3o, reacender a esperan\u00e7a no mundo e, para o conseguir, confia de maneira particular nos jovens, protagonistas da hist\u00f3ria e \u00abmission\u00e1rios da alegria\u00bb\u201d,\u00a0<\/em>salienta o dicast\u00e9rio<em>.<\/em><\/p><\/blockquote>\n<p style=\"text-align: justify;\">Na exorta\u00e7\u00e3o apost\u00f3lica p\u00f3s-sinodal Christus vivit, o Papa Francisco indicava Cristo como \u201ca nossa esperan\u00e7a e a mais bela juventude deste mundo\u201d (n. 1). Agora, com os temas das duas pr\u00f3ximas JMJ, o pont\u00edfice convida os jovens a aprofundar o significado da esperan\u00e7a crist\u00e3 e a testemunhar alegremente que Cristo est\u00e1 vivo.<\/p>\n<p style=\"text-align: justify;\">Com informa\u00e7\u00f5es de:\u00a0<a href=\"http:\/\/www.laityfamilylife.va\/content\/laityfamilylife\/it\/news\/2023\/pubblicati-i-temi-delle-due-giornate-mondiali-della-gioventu-202.html\" target=\"_blank\" rel=\"noopener\">laityfamilylife.va.<\/a><\/p>\n","protected":false},"excerpt":{"rendered":"<p>O Dicast\u00e9rio para os Leigos, a Fam\u00edlia e a Vida, atrav\u00e9s de um comunicado, informou que o Papa Francisco escolheu os temas das duas Jornadas Mundiais da Juventude que ser\u00e3o celebradas nas Igrejas particulares em 2023 e 2024, por ocasi\u00e3o da solenidade de Cristo Rei. Essas duas celebra\u00e7\u00f5es, segundo o comunicado, cadenciam o caminho de [&hellip;]<\/p>\n","protected":false},"author":1,"featured_media":84144,"comment_status":"open","ping_status":"closed","sticky":false,"template":"","format":"standard","meta":{"footnotes":""},"categories":[7],"tags":[],"class_list":["post-84143","post","type-post","status-publish","format-standard","has-post-thumbnail","hentry","category-cnbb"],"_links":{"self":[{"href":"https:\/\/catolicanet.net\/wp-cnet\/wp-json\/wp\/v2\/posts\/84143","targetHints":{"allow":["GET"]}}],"collection":[{"href":"https:\/\/catolicanet.net\/wp-cnet\/wp-json\/wp\/v2\/posts"}],"about":[{"href":"https:\/\/catolicanet.net\/wp-cnet\/wp-json\/wp\/v2\/types\/post"}],"author":[{"embeddable":true,"href":"https:\/\/catolicanet.net\/wp-cnet\/wp-json\/wp\/v2\/users\/1"}],"replies":[{"embeddable":true,"href":"https:\/\/catolicanet.net\/wp-cnet\/wp-json\/wp\/v2\/comments?post=84143"}],"version-history":[{"count":1,"href":"https:\/\/catolicanet.net\/wp-cnet\/wp-json\/wp\/v2\/posts\/84143\/revisions"}],"predecessor-version":[{"id":84145,"href":"https:\/\/catolicanet.net\/wp-cnet\/wp-json\/wp\/v2\/posts\/84143\/revisions\/84145"}],"wp:featuredmedia":[{"embeddable":true,"href":"https:\/\/catolicanet.net\/wp-cnet\/wp-json\/wp\/v2\/media\/84144"}],"wp:attachment":[{"href":"https:\/\/catolicanet.net\/wp-cnet\/wp-json\/wp\/v2\/media?parent=84143"}],"wp:term":[{"taxonomy":"category","embeddable":true,"href":"https:\/\/catolicanet.net\/wp-cnet\/wp-json\/wp\/v2\/categories?post=84143"},{"taxonomy":"post_tag","embeddable":true,"href":"https:\/\/catolicanet.net\/wp-cnet\/wp-json\/wp\/v2\/tags?post=84143"}],"curies":[{"name":"wp","href":"https:\/\/api.w.org\/{rel}","templated":true}]}}