{"id":84130,"date":"2023-09-26T11:04:53","date_gmt":"2023-09-26T14:04:53","guid":{"rendered":"https:\/\/catolicanet.net\/wp-cnet\/?p=84130"},"modified":"2023-09-26T11:04:53","modified_gmt":"2023-09-26T14:04:53","slug":"construindo-pontes-um-encontro-sinodal-do-papa-francisco-com-estudantes-do-sul-da-asia","status":"publish","type":"post","link":"https:\/\/catolicanet.net\/wp-cnet\/construindo-pontes-um-encontro-sinodal-do-papa-francisco-com-estudantes-do-sul-da-asia\/","title":{"rendered":"&#8220;Construindo Pontes&#8221;: um encontro sinodal do Papa Francisco com estudantes do sul da \u00c1sia"},"content":{"rendered":"<figure class=\"article__image\"><span class=\"didascalia_img\">Cartaz da iniciativa \u201cConstruindo Pontes\u201d \u00a0<\/span><\/figure>\n<div class=\"article__meta \" data-mediatype=\"\">\n<div class=\"article__subTitle\" style=\"text-align: justify;\">Na tarde desta ter\u00e7a-feira, 26 de setembro, Francisco se encontrar\u00e1, por meio de uma plataforma online, com universit\u00e1rios do sul da \u00c1sia. A iniciativa, promovida pela Pontif\u00edcia Comiss\u00e3o para a Am\u00e9rica Latina e pela Universidade Loyola de Chicago, est\u00e1 em sua terceira edi\u00e7\u00e3o.<\/div>\n<div class=\"title__separator\" style=\"text-align: justify;\"><\/div>\n<div class=\"article__text\">\n<p style=\"text-align: justify;\"><b>Vatican News<br \/>\n<\/b><br \/>\nO encontro &#8220;Construindo Pontes&#8221;, organizado pela Universidade Loyola de Chicago e pela Pontif\u00edcia Comiss\u00e3o para a Am\u00e9rica Latina, ocorrer\u00e1 nesta ter\u00e7a-feira, 26 de setembro, e contar\u00e1 com a presen\u00e7a online do Papa. O objetivo desta terceira edi\u00e7\u00e3o \u00e9 promover um di\u00e1logo sobre os desafios significativos de nosso tempo. Francisco se reunir\u00e1 virtualmente com estudantes universit\u00e1rios do sul da \u00c1sia, que compartilhar\u00e3o ideias e projetos concretos visando transformar suas realidades sociais.<\/p>\n<p style=\"text-align: justify;\">O evento segue a proposta dos dois primeiros encontros realizados em 24 de fevereiro e 1\u00ba de novembro de 2022, respectivamente, entre Francisco e estudantes das Am\u00e9ricas e da \u00c1frica Subsaariana. Mais uma vez, a transmiss\u00e3o ao vivo estar\u00e1 dispon\u00edvel no\u00a0<a href=\"https:\/\/www.youtube.com\/watch?v=7yR_UovSCCM\" target=\"_blank\" rel=\"external nofollow noopener\">YouTube<\/a>\u00a0e ser\u00e1 acess\u00edvel em tr\u00eas idiomas: ingl\u00eas, espanhol e hindi,\u00a0\u00e0s 15h,\u00a0hora local\u00a0de Roma.<\/p>\n<h2 style=\"text-align: justify;\">Escuta, di\u00e1logo e discernimento<\/h2>\n<p style=\"text-align: justify;\">O encontro segue a proposta sinodal do Papa Francisco: &#8220;encontrar, escutar e discernir, para evitar cair em discuss\u00f5es in\u00fateis e improdutivas&#8221;. Seguindo este modelo, os estudantes do continente asi\u00e1tico, provenientes de diversas estruturas e faculdades da \u00e1rea geogr\u00e1fica em quest\u00e3o (Paquist\u00e3o, \u00cdndia e Nepal) e de diferentes \u00e1reas disciplinares, da Psicologia \u00e0 Ci\u00eancia da Computa\u00e7\u00e3o, da F\u00edsica \u00e0 Economia, foram divididos em doze grupos para aprofundar quest\u00f5es relevantes de suas realidades locais. Neste encontro de ter\u00e7a-feira, os representantes de cada grupo ser\u00e3o porta-vozes de seus colegas e dialogar\u00e3o com o Papa, apresentando suas ideias.<\/p>\n<h2 style=\"text-align: justify;\">Um encontro que une periferias distantes<\/h2>\n<p style=\"text-align: justify;\">&#8220;Construindo Pontes&#8221;, como o t\u00edtulo sugere, tem como objetivo unir as dist\u00e2ncias frequentemente existentes entre povos e culturas, superando-as por meio de trocas rec\u00edprocas de experi\u00eancias, sugest\u00f5es e compartilhamento de trabalho. O cerne do projeto \u00e9 um olhar atento para o futuro, com o intuito de estabelecer metas globais comuns, como a sustentabilidade ambiental, a justi\u00e7a econ\u00f4mica e o desenvolvimento humano integral. A abordagem virtual permite unir periferias distantes, facilitando o di\u00e1logo entre diferentes grupos marginalizados, marcados pelo desemprego, pobreza e viol\u00eancia, permitindo que aqueles que vivenciam essas realidades experimentem pela primeira vez espa\u00e7os de liberdade nos quais podem ser ouvidos e nos quais podem oferecer suas vis\u00f5es e esperan\u00e7as ao mundo.<\/p>\n<\/div>\n<\/div>\n","protected":false},"excerpt":{"rendered":"<p>Cartaz da iniciativa \u201cConstruindo Pontes\u201d \u00a0 Na tarde desta ter\u00e7a-feira, 26 de setembro, Francisco se encontrar\u00e1, por meio de uma plataforma online, com universit\u00e1rios do sul da \u00c1sia. A iniciativa, promovida pela Pontif\u00edcia Comiss\u00e3o para a Am\u00e9rica Latina e pela Universidade Loyola de Chicago, est\u00e1 em sua terceira edi\u00e7\u00e3o. Vatican News O encontro &#8220;Construindo Pontes&#8221;, [&hellip;]<\/p>\n","protected":false},"author":1,"featured_media":84131,"comment_status":"open","ping_status":"closed","sticky":false,"template":"","format":"standard","meta":{"footnotes":""},"categories":[3],"tags":[],"class_list":["post-84130","post","type-post","status-publish","format-standard","has-post-thumbnail","hentry","category-vaticano"],"_links":{"self":[{"href":"https:\/\/catolicanet.net\/wp-cnet\/wp-json\/wp\/v2\/posts\/84130","targetHints":{"allow":["GET"]}}],"collection":[{"href":"https:\/\/catolicanet.net\/wp-cnet\/wp-json\/wp\/v2\/posts"}],"about":[{"href":"https:\/\/catolicanet.net\/wp-cnet\/wp-json\/wp\/v2\/types\/post"}],"author":[{"embeddable":true,"href":"https:\/\/catolicanet.net\/wp-cnet\/wp-json\/wp\/v2\/users\/1"}],"replies":[{"embeddable":true,"href":"https:\/\/catolicanet.net\/wp-cnet\/wp-json\/wp\/v2\/comments?post=84130"}],"version-history":[{"count":1,"href":"https:\/\/catolicanet.net\/wp-cnet\/wp-json\/wp\/v2\/posts\/84130\/revisions"}],"predecessor-version":[{"id":84132,"href":"https:\/\/catolicanet.net\/wp-cnet\/wp-json\/wp\/v2\/posts\/84130\/revisions\/84132"}],"wp:featuredmedia":[{"embeddable":true,"href":"https:\/\/catolicanet.net\/wp-cnet\/wp-json\/wp\/v2\/media\/84131"}],"wp:attachment":[{"href":"https:\/\/catolicanet.net\/wp-cnet\/wp-json\/wp\/v2\/media?parent=84130"}],"wp:term":[{"taxonomy":"category","embeddable":true,"href":"https:\/\/catolicanet.net\/wp-cnet\/wp-json\/wp\/v2\/categories?post=84130"},{"taxonomy":"post_tag","embeddable":true,"href":"https:\/\/catolicanet.net\/wp-cnet\/wp-json\/wp\/v2\/tags?post=84130"}],"curies":[{"name":"wp","href":"https:\/\/api.w.org\/{rel}","templated":true}]}}