{"id":83991,"date":"2023-09-20T10:08:45","date_gmt":"2023-09-20T13:08:45","guid":{"rendered":"https:\/\/catolicanet.net\/wp-cnet\/?p=83991"},"modified":"2023-09-20T15:10:13","modified_gmt":"2023-09-20T18:10:13","slug":"papa-francisco-nomeia-padre-odair-miguel-gonsalves-dos-santos-como-bispo-auxiliar-da-arquidiocese-de-porto-alegre","status":"publish","type":"post","link":"https:\/\/catolicanet.net\/wp-cnet\/papa-francisco-nomeia-padre-odair-miguel-gonsalves-dos-santos-como-bispo-auxiliar-da-arquidiocese-de-porto-alegre\/","title":{"rendered":"PAPA FRANCISCO NOMEIA PADRE ODAIR MIGUEL GONSALVES DOS SANTOS COMO BISPO AUXILIAR DA ARQUIDIOCESE DE PORTO ALEGRE"},"content":{"rendered":"<p style=\"text-align: justify;\">O Papa Francisco nomeou, nesta quarta-feira, 20 de setembro, o padre Odair Miguel Gonsalves dos Santos como bispo auxiliar para a arquidiocese de Porto Alegre (RS). O sacerdote \u00e9 religioso da Congrega\u00e7\u00e3o da Miss\u00e3o Prov\u00edncia do Sul e exerce a fun\u00e7\u00e3o de provincial na Prov\u00edncia de Curitiba (PR), al\u00e9m de administrador da Par\u00f3quia S\u00e3o Vicente de Paulo, na capital do Paran\u00e1.<\/p>\n<h3 style=\"text-align: justify;\">Curr\u00edculo e trajet\u00f3ria eclesial<\/h3>\n<p style=\"text-align: justify;\">Nascido em 2 de setembro de 1965, padre Odair Miguel \u00e9 filho de Miguel Gon\u00e7alves dos Santos e Eunice dos Santos (in memoriam), tem dois irm\u00e3os: Ocimar Ant\u00f4nio Gon\u00e7alves dos Santos e Odete Aparecida dos Santos Ferreira.<\/p>\n<p style=\"text-align: justify;\">Em 1992, ingressou no Semin\u00e1rio Proped\u00eautico, em Colombo (PR), cursou Filosofia no Instituto Vicentino, entre os anos 1993 e 1995, tendo obtido a Licenciatura pela Universidade S\u00e3o Francisco, de S\u00e3o Paulo (SP), em 1997. No mesmo ano deu in\u00edcio aos estudos de Teologia na Pontif\u00edcia Faculdade de Teologia Nossa Senhora da Assun\u00e7\u00e3o, em S\u00e3o Paulo, graduando-se, em 2000, bacharel em Teologia. Sua ordena\u00e7\u00e3o presbiteral foi realizada em Irati (PR), no dia 16 de dezembro de 2000.<\/p>\n<p style=\"text-align: justify;\">Em 2001, foi nomeado diretor substituto do Semin\u00e1rio de Filosofia, em Curitiba (PR), em seguida nomeado promotor vocacional da Prov\u00edncia, fun\u00e7\u00e3o que exerceu entre 2001 e 2005, ano em que foi nomeado diretor das Filhas da Caridade da Prov\u00edncia de Curitiba e permaneceu no cargo por seis anos.<\/p>\n<p style=\"text-align: justify;\">Em Curitiba, padre Odair foi ainda conselheiro Provincial da Congrega\u00e7\u00e3o da Miss\u00e3o Prov\u00edncia do Sul, entre 2005 e 2008; assistente provincial da Congrega\u00e7\u00e3o de 2010 a 2013; p\u00e1roco da Par\u00f3quia Sant`Ana de 2011 a 2016. No mesmo ano foi nomeado provincial da Congrega\u00e7\u00e3o da Miss\u00e3o Prov\u00edncia de Curitiba, mandato que exerce at\u00e9 a presente, pois foi reeleito em 2019.<\/p>\n<p style=\"text-align: justify;\">De 2017 a 2022 foi presidente da CLAPVI \u2013 Confer\u00eancia LatinoAmericana das Prov\u00edncias Vicentinas. No fim do mandato foi nomeado administrador da Par\u00f3quia S\u00e3o Vicente de Paulo, onde exerce seu minist\u00e9rio atualmente, e em 25 de maio de 2023 foi nomeado assistente do Secret\u00e1rio Geral da Congrega\u00e7\u00e3o da Miss\u00e3o, em Roma.<\/p>\n<blockquote>\n<h3>Sauda\u00e7\u00e3o ao monsenhor Odair Miguel Gonsalves dos Santos<\/h3>\n<p><span style=\"font-family: Verdana, Geneva, sans-serif; font-size: 15px; text-align: justify; color: #222222;\">Estimado monsenhor Odair Miguel Gonsalves dos Santos,<\/span><\/p><\/blockquote>\n<p style=\"text-align: justify;\">Com alegria recebemos a not\u00edcia de sua nomea\u00e7\u00e3o como novo bispo auxiliar na arquidiocese de Porto Alegre (RS). Nesta oportunidade, o acolhemos como futuro membro desta Confer\u00eancia.<\/p>\n<p style=\"text-align: justify;\">Por ocasi\u00e3o de sua nomea\u00e7\u00e3o, recordamos as palavras do Papa Francisco, em recente viagem ao Congo, na qual disse na Festa da apresenta\u00e7\u00e3o do Senhor e Dia da Vida Consagrada que: \u201cDeus abre caminhos nos nossos desertos e n\u00f3s, ministros ordenados e pessoas consagradas, somos chamados a ser sinal desta promessa e realiz\u00e1-la na hist\u00f3ria do Povo santo de Deus\u201d. Francisco fez ainda um questionamento \u201ca que \u00e9 que somos chamados? A servir o povo como testemunhas do amor de Deus\u201d, completou.<\/p>\n<p style=\"text-align: justify;\">Gostar\u00edamos de lhe encorajar em sua nova miss\u00e3o e pedir-lhe como pastor desta Igreja Particular que tenha olhos para ver as necessidades dos irm\u00e3os e irm\u00e3s, que cuide dos desamparados e de todos os que sofrem, assim como pede em sua ora\u00e7\u00e3o nossa Santa M\u00e3e de Deus, padroeira da arquidiocese \u00e0 qual est\u00e1 sendo enviado.<\/p>\n<p style=\"text-align: justify;\">Rogamos a Santa M\u00e3e de Deus, para que tenha um aben\u00e7oado minist\u00e9rio.<\/p>\n<p style=\"text-align: justify;\">Em Cristo,<\/p>\n<p style=\"text-align: justify;\"><strong>Dom Jaime Spengler<\/strong><br \/>\nArcebispo de Porto Alegre (RS)<br \/>\nPresidente da CNBB<\/p>\n<p style=\"text-align: justify;\"><strong>Dom Jo\u00e3o Justino de Medeiros Silva<\/strong><br \/>\nArcebispo de Goi\u00e2nia (GO)<br \/>\nPrimeiro Vice-presidente da CNBB<\/p>\n<p style=\"text-align: justify;\"><strong>Dom Paulo Jackson N\u00f3brega de Sousa<\/strong><br \/>\nArcebispo de Olinda e Recife (PE)<br \/>\nSegundo Vice-presidente da CNBB<\/p>\n<p style=\"text-align: justify;\"><strong>Dom Ricardo Hoepers<\/strong><br \/>\nBispo auxiliar de Bras\u00edlia (DF)<br \/>\nSecret\u00e1rio-geral da CNBB<\/p>\n","protected":false},"excerpt":{"rendered":"<p>O Papa Francisco nomeou, nesta quarta-feira, 20 de setembro, o padre Odair Miguel Gonsalves dos Santos como bispo auxiliar para a arquidiocese de Porto Alegre (RS). O sacerdote \u00e9 religioso da Congrega\u00e7\u00e3o da Miss\u00e3o Prov\u00edncia do Sul e exerce a fun\u00e7\u00e3o de provincial na Prov\u00edncia de Curitiba (PR), al\u00e9m de administrador da Par\u00f3quia S\u00e3o Vicente [&hellip;]<\/p>\n","protected":false},"author":1,"featured_media":83992,"comment_status":"open","ping_status":"closed","sticky":false,"template":"","format":"standard","meta":{"footnotes":""},"categories":[7],"tags":[],"class_list":["post-83991","post","type-post","status-publish","format-standard","has-post-thumbnail","hentry","category-cnbb"],"_links":{"self":[{"href":"https:\/\/catolicanet.net\/wp-cnet\/wp-json\/wp\/v2\/posts\/83991","targetHints":{"allow":["GET"]}}],"collection":[{"href":"https:\/\/catolicanet.net\/wp-cnet\/wp-json\/wp\/v2\/posts"}],"about":[{"href":"https:\/\/catolicanet.net\/wp-cnet\/wp-json\/wp\/v2\/types\/post"}],"author":[{"embeddable":true,"href":"https:\/\/catolicanet.net\/wp-cnet\/wp-json\/wp\/v2\/users\/1"}],"replies":[{"embeddable":true,"href":"https:\/\/catolicanet.net\/wp-cnet\/wp-json\/wp\/v2\/comments?post=83991"}],"version-history":[{"count":1,"href":"https:\/\/catolicanet.net\/wp-cnet\/wp-json\/wp\/v2\/posts\/83991\/revisions"}],"predecessor-version":[{"id":83993,"href":"https:\/\/catolicanet.net\/wp-cnet\/wp-json\/wp\/v2\/posts\/83991\/revisions\/83993"}],"wp:featuredmedia":[{"embeddable":true,"href":"https:\/\/catolicanet.net\/wp-cnet\/wp-json\/wp\/v2\/media\/83992"}],"wp:attachment":[{"href":"https:\/\/catolicanet.net\/wp-cnet\/wp-json\/wp\/v2\/media?parent=83991"}],"wp:term":[{"taxonomy":"category","embeddable":true,"href":"https:\/\/catolicanet.net\/wp-cnet\/wp-json\/wp\/v2\/categories?post=83991"},{"taxonomy":"post_tag","embeddable":true,"href":"https:\/\/catolicanet.net\/wp-cnet\/wp-json\/wp\/v2\/tags?post=83991"}],"curies":[{"name":"wp","href":"https:\/\/api.w.org\/{rel}","templated":true}]}}