{"id":83975,"date":"2023-09-20T10:20:24","date_gmt":"2023-09-20T13:20:24","guid":{"rendered":"https:\/\/catolicanet.net\/wp-cnet\/?p=83975"},"modified":"2023-09-20T14:45:23","modified_gmt":"2023-09-20T17:45:23","slug":"papa-nao-esquecam-que-sao-os-pobres-que-nos-abrirao-a-porta-do-ceu","status":"publish","type":"post","link":"https:\/\/catolicanet.net\/wp-cnet\/papa-nao-esquecam-que-sao-os-pobres-que-nos-abrirao-a-porta-do-ceu\/","title":{"rendered":"Papa: n\u00e3o esque\u00e7am que s\u00e3o os pobres que nos abrir\u00e3o a porta do c\u00e9u"},"content":{"rendered":"<div class=\"article__subTitle\" style=\"text-align: justify;\">Francisco deu continuidade ao percurso de catequeses sobre a paix\u00e3o pela evangeliza\u00e7\u00e3o, concentrando-se, nesta quarta-feira (20), no testemunho de S\u00e3o Daniel Comboni, um ap\u00f3stolo repleto de zelo pela \u00c1frica e com um grande desejo de tornar os crist\u00e3os protagonistas da a\u00e7\u00e3o evangelizadora.<\/div>\n<div class=\"title__separator\" style=\"text-align: justify;\"><\/div>\n<div class=\"article__text\">\n<p style=\"text-align: justify;\"><b>Thulio Fonseca &#8211; Vatican News<\/b><\/p>\n<div style=\"text-align: justify;\">\n<div class=\"article__embed article__embed--unwrap article__embed--dark\">\n<div class=\"article__innerTitle\">Ou\u00e7a com a voz do Papa compartilhe:<\/div>\n<div>\n<!--[if lt IE 9]><script>document.createElement('audio');<\/script><![endif]-->\n<audio class=\"wp-audio-shortcode\" id=\"audio-83975-1\" preload=\"none\" style=\"width: 100%;\" controls=\"controls\"><source type=\"audio\/mpeg\" src=\"https:\/\/media.vaticannews.va\/media\/audio\/s1\/2023\/09\/20\/14\/137313964_F137313964.mp3?_=1\" \/><a href=\"https:\/\/media.vaticannews.va\/media\/audio\/s1\/2023\/09\/20\/14\/137313964_F137313964.mp3\">https:\/\/media.vaticannews.va\/media\/audio\/s1\/2023\/09\/20\/14\/137313964_F137313964.mp3<\/a><\/audio>\n<\/div>\n<\/div>\n<\/div>\n<p style=\"text-align: justify;\">Na audi\u00eancia geral desta quarta-feira, 20 de setembro, o Papa Francisco recebeu os fi\u00e9is na Pra\u00e7a S\u00e3o Pedro, e durante a catequese, deu continuidade ao ciclo de reflex\u00f5es sobre a paix\u00e3o pela evangeliza\u00e7\u00e3o. O Santo Padre apresentou o testemunho de S\u00e3o Daniel Comboni, que desenvolveu seu apostolado na \u00c1frica.<\/p>\n<p style=\"text-align: justify;\">Francisco iniciou destacando que S\u00e3o Daniel continuamente lutava contra o horror da escravid\u00e3o, da qual era testemunha. \u201cA escravid\u00e3o \u201ccoisifica\u201d o homem, cujo valor se reduz a ser \u00fatil a algu\u00e9m ou a alguma coisa. Mas Jesus, Deus feito homem, elevou a dignidade de cada ser humano e desmascarou a falsidade da escravid\u00e3o. Comboni, \u00e0 luz de Cristo, tomou consci\u00eancia do mal da escravatura\u201d sublinhou o Papa, \u201ce compreendeu, al\u00e9m disso, que a escravid\u00e3o social est\u00e1 enraizada em uma escravid\u00e3o mais profunda, a do cora\u00e7\u00e3o, a do pecado, da qual o Senhor nos liberta\u201d.<\/p>\n<h2 style=\"text-align: justify;\"><b>O apelo continuo contra a explora\u00e7\u00e3o\u00a0<\/b><\/h2>\n<p style=\"text-align: justify;\">O Pont\u00edfice afirmou que os crist\u00e3os s\u00e3o chamados a combater contra todas as formas de escravid\u00e3o, e ressaltou: \u201ca escravid\u00e3o, tal como o colonialismo, n\u00e3o \u00e9 uma recorda\u00e7\u00e3o do passado.\u201d O Papa tamb\u00e9m sublinhou a atualidade deste tema, e disse que a \u00c1frica t\u00e3o amada por Comboni, ainda hoje \u00e9 dilacerada por muitos conflitos pol\u00edticos e econ\u00f4micos, que n\u00e3o deixam de ser tipos de escravid\u00e3o.<\/p>\n<p style=\"text-align: justify;\">Francisco renovou o seu apelo, como havia feito em Kinshasa, no inicio deste ano: \u201cBasta de sufocar a \u00c1frica: n\u00e3o \u00e9 uma mina a ser explorada ou um solo a ser saqueado\u201d.<\/p>\n<h2 style=\"text-align: justify;\">Os protagonistas da evangeliza\u00e7\u00e3o<\/h2>\n<p style=\"text-align: justify;\">Ao aprofundar na hist\u00f3ria de S\u00e3o Daniel, o Papa recordou que o mission\u00e1rio, depois de passar um per\u00edodo inicial na \u00c1frica, teve que deixar aquela terra por motivos de sa\u00fade: \u201cMuitos mission\u00e1rios morriam ap\u00f3s contra\u00edrem doen\u00e7as, aliado \u00e0 falta de conhecimento da situa\u00e7\u00e3o local. Contudo, se outros abandonavam a \u00c1frica, Comboni n\u00e3o o fez\u201d. Depois de um tempo de discernimento, sentiu que o Senhor o inspirava com um novo caminho de evangeliza\u00e7\u00e3o, que ele sintetizou nestas palavras: \u201cSalvar a \u00c1frica com a \u00c1frica\u201d.<\/p>\n<p style=\"text-align: justify;\">Para Francisco esta \u00e9 uma intui\u00e7\u00e3o poderosa, que contribuiu para renovar o compromisso mission\u00e1rio: as pessoas evangelizadas n\u00e3o eram apenas \u201cobjetos\u201d, mas \u201csujeitos\u201d da miss\u00e3o, e S\u00e3o Daniel desejava tornar todos os crist\u00e3os protagonistas da a\u00e7\u00e3o evangelizadora, e assim com este esp\u00edrito, destacou o Papa, \u201cpensou e agiu de forma integral, envolvendo o clero local e promovendo o servi\u00e7o leigo dos catequistas, que s\u00e3o um tesouro da Igreja: os catequistas s\u00e3o aqueles que v\u00e3o adiante na evangeliza\u00e7\u00e3o\u201d, sublinhou Francisco.<\/p>\n<div style=\"text-align: justify;\">\n<div class=\"article__embed article__embed--border embed_style\">\n<blockquote><p>\u201cQu\u00e3o importante \u00e9, ainda hoje, fazer progredir a f\u00e9 e o desenvolvimento humano a partir de contextos de miss\u00e3o, em vez de transplantar modelos externos ou limitar-se a um est\u00e9ril assistencialismo! Nem modelos externos nem assistencialismo. Extrair da cultura dos povos o caminho para a evangeliza\u00e7\u00e3o. Evangelizar a cultura e inculturar o Evangelho andam juntos.\u201d<\/p><\/blockquote>\n<\/div>\n<\/div>\n<h2 style=\"text-align: justify;\">A paix\u00e3o mission\u00e1ria<\/h2>\n<p style=\"text-align: justify;\">O Papa afirmou que a miss\u00e3o de Comboni, todavia, n\u00e3o foi fruto de seu esfor\u00e7o humano, mas foi movido pela sua coragem e motivado somente por valores importantes, como a liberdade, a justi\u00e7a e a paz; o seu zelo nasceu da alegria do Evangelho, inspirava-se no amor de Cristo e levava ao amor por Cristo.<\/p>\n<p style=\"text-align: justify;\"><i>\u201cA fonte da capacidade mission\u00e1ria, para Comboni, \u00e9, portanto, a caridade, em particular o zelo em fazer pr\u00f3prios os sofrimentos dos outros, em senti-los na pr\u00f3pria pele e em saber alivi\u00e1-los, como bons cireneus da humanidade.\u201d<\/i><\/p>\n<p style=\"text-align: justify;\">Sobre a miss\u00e3o de S\u00e3o Daniel, o Santo Padre disse que sua paix\u00e3o pela evangeliza\u00e7\u00e3o nunca o levou a agir como solista, mas sempre em comunh\u00e3o, e alertou para o drama do Clericalismo, onde se formam sujeitos de \u201cpesco\u00e7o torto\u201d, cheios de ego\u00edsmo e de si mesmos, que n\u00e3o cuida como se deve da salva\u00e7\u00e3o e convers\u00e3o das almas.<\/p>\n<h2 style=\"text-align: justify;\">Os crucificados dos dias atuais<\/h2>\n<p style=\"text-align: justify;\">Francisco afirmou que Comboni \u00e9 testemunha do amor do Bom Pastor, que vai procurar quem est\u00e1 perdido e d\u00e1 a vida pelo rebanho. \u201cSeu zelo foi en\u00e9rgico e prof\u00e9tico em opor-se \u00e0 indiferen\u00e7a e \u00e0 exclus\u00e3o. Nas suas cartas recordava com tristeza a sua amada Igreja, que durante demasiado tempo se esqueceu de \u00c1frica\u201d, lembrou o Santo Padre.<\/p>\n<p style=\"text-align: justify;\">O Papa tamb\u00e9m destacou que o sonho de S\u00e3o Daniel era ver uma Igreja que fa\u00e7a causa comum com os crucificados da hist\u00f3ria, para experimentar com eles a ressurrei\u00e7\u00e3o.<\/p>\n<div style=\"text-align: justify;\">\n<div class=\"article__embed article__embed--border embed_style\">\n<blockquote><p>\u201cNeste momento, eu lhe dou uma sugest\u00e3o. Pensem nos crucificados da hist\u00f3ria de hoje: homens, mulheres, crian\u00e7as, idosos que s\u00e3o crucificados por hist\u00f3rias de injusti\u00e7a e domina\u00e7\u00e3o. Vamos pensar neles e rezar por eles.\u201d<\/p><\/blockquote>\n<\/div>\n<\/div>\n<h2 style=\"text-align: justify;\">Um testemunho vindo do Brasil<\/h2>\n<p style=\"text-align: justify;\">\u201cAntes de vir para c\u00e1, tive uma reuni\u00e3o com legisladores brasileiros que trabalham para os pobres, que tentam promover os pobres com assist\u00eancia e justi\u00e7a social. E eles n\u00e3o se esquecem dos pobres: eles trabalham para os pobres\u201d, contou Francisco, ao concluir a catequese ao dizer da import\u00e2ncia do testemunho que escutou do trabalho que este grupo faz pelos mais necessitados, e fez um convite: \u201cn\u00e3o se esque\u00e7am dos pobres, porque ser\u00e3o eles que abrir\u00e3o a porta do c\u00e9u&#8221;.<\/p>\n<p style=\"text-align: justify;\">Os brasileiros que encontraram com o Papa Francisco vieram ao Vaticano para entregarem ao Papa o pr\u00eamio Zilda Arns. A audi\u00eancia privada durou cerca de trinta minutos e aconteceu na antesala da Sala Paulo VI. O grupo \u00e9 composto por sete Deputados Federais que fazem parte da Comiss\u00e3o em Defesa dos Direitos da Pessoa Idosa (Cidoso): Aliel Machado Bark, Jos\u00e9 Dias de Castro Neto, Reimont Luiz Otoni Santa Barbara, Fl\u00e1via Carreiro Albuquerque Morais, Simone Aparecida Curraladas dos Santos, Leandre dal Ponte e Jos\u00e9 Haroldo Figueiredo Campo.<\/p>\n<p style=\"text-align: justify;\">O pr\u00eamio Zilda Arns \u00e9 uma forma de reconhecimento \u00e0s pessoas e institui\u00e7\u00f5es que contribu\u00edram ou t\u00eam contribu\u00eddo ativamente na defesa dos direitos das pessoas idosas. O pr\u00eamio consiste em um diploma de men\u00e7\u00e3o honrosa, concedido anualmente a at\u00e9 cinco homenageados.<\/p>\n<div>\n<div class=\"article__embed article__embed--unwrap article__embed--dark\">\n<div class=\"embed-container\" style=\"text-align: justify;\"><iframe id=\"660047684\" title=\"Audi\u00eancia Geral 20 de setembro de 2023 Papa Francisco\" src=\"https:\/\/www.youtube.com\/embed\/I4a7zjnanXY?wmode=opaque&amp;rel=0&amp;autohide=1&amp;showinfo=0&amp;wmode=transparent&amp;modestbranding=1&amp;enablejsapi=1&amp;origin=https:\/\/www.vaticannews.va&amp;start=&amp;end=\" allowfullscreen=\"allowfullscreen\" data-gtm-yt-inspected-13=\"true\" data-gtm-yt-inspected-7781034_9=\"true\" data-gtm-yt-inspected-8=\"true\" data-mce-fragment=\"1\"><\/iframe><\/div>\n<div class=\"article__innerTitle\" style=\"text-align: justify;\">Audi\u00eancia Geral 20 de setembro de 2023 Papa Francisco<\/div>\n<\/div>\n<\/div>\n<\/div>\n","protected":false},"excerpt":{"rendered":"<p>Francisco deu continuidade ao percurso de catequeses sobre a paix\u00e3o pela evangeliza\u00e7\u00e3o, concentrando-se, nesta quarta-feira (20), no testemunho de S\u00e3o Daniel Comboni, um ap\u00f3stolo repleto de zelo pela \u00c1frica e com um grande desejo de tornar os crist\u00e3os protagonistas da a\u00e7\u00e3o evangelizadora. Thulio Fonseca &#8211; Vatican News Ou\u00e7a com a voz do Papa compartilhe: Na [&hellip;]<\/p>\n","protected":false},"author":1,"featured_media":83976,"comment_status":"open","ping_status":"closed","sticky":false,"template":"","format":"standard","meta":{"footnotes":""},"categories":[13,3],"tags":[],"class_list":["post-83975","post","type-post","status-publish","format-standard","has-post-thumbnail","hentry","category-featured","category-vaticano"],"_links":{"self":[{"href":"https:\/\/catolicanet.net\/wp-cnet\/wp-json\/wp\/v2\/posts\/83975","targetHints":{"allow":["GET"]}}],"collection":[{"href":"https:\/\/catolicanet.net\/wp-cnet\/wp-json\/wp\/v2\/posts"}],"about":[{"href":"https:\/\/catolicanet.net\/wp-cnet\/wp-json\/wp\/v2\/types\/post"}],"author":[{"embeddable":true,"href":"https:\/\/catolicanet.net\/wp-cnet\/wp-json\/wp\/v2\/users\/1"}],"replies":[{"embeddable":true,"href":"https:\/\/catolicanet.net\/wp-cnet\/wp-json\/wp\/v2\/comments?post=83975"}],"version-history":[{"count":1,"href":"https:\/\/catolicanet.net\/wp-cnet\/wp-json\/wp\/v2\/posts\/83975\/revisions"}],"predecessor-version":[{"id":83977,"href":"https:\/\/catolicanet.net\/wp-cnet\/wp-json\/wp\/v2\/posts\/83975\/revisions\/83977"}],"wp:featuredmedia":[{"embeddable":true,"href":"https:\/\/catolicanet.net\/wp-cnet\/wp-json\/wp\/v2\/media\/83976"}],"wp:attachment":[{"href":"https:\/\/catolicanet.net\/wp-cnet\/wp-json\/wp\/v2\/media?parent=83975"}],"wp:term":[{"taxonomy":"category","embeddable":true,"href":"https:\/\/catolicanet.net\/wp-cnet\/wp-json\/wp\/v2\/categories?post=83975"},{"taxonomy":"post_tag","embeddable":true,"href":"https:\/\/catolicanet.net\/wp-cnet\/wp-json\/wp\/v2\/tags?post=83975"}],"curies":[{"name":"wp","href":"https:\/\/api.w.org\/{rel}","templated":true}]}}