{"id":83925,"date":"2023-09-18T10:31:46","date_gmt":"2023-09-18T13:31:46","guid":{"rendered":"https:\/\/catolicanet.net\/wp-cnet\/?p=83925"},"modified":"2023-09-18T10:31:46","modified_gmt":"2023-09-18T13:31:46","slug":"minha-biblioteca-catolica-lanca-movimento-nacional-de-consagracao-a-nossa-senhora","status":"publish","type":"post","link":"https:\/\/catolicanet.net\/wp-cnet\/minha-biblioteca-catolica-lanca-movimento-nacional-de-consagracao-a-nossa-senhora\/","title":{"rendered":"Minha Biblioteca Cat\u00f3lica lan\u00e7a movimento nacional de consagra\u00e7\u00e3o a Nossa Senhora"},"content":{"rendered":"<p style=\"text-align: center; margin: 0cm 0cm .0001pt 1.0cm;\" align=\"center\"><i><span style=\"font-family: 'Arial','sans-serif'; color: black;\">Ser\u00e1 um m\u00eas de ora\u00e7\u00f5es preparat\u00f3rias, encerrando em 12 de outubro, que marca o Dia de Nossa Senhora Aparecida<\/span><\/i><span style=\"font-family: 'Arial','sans-serif';\"><br \/>\n<\/span><\/p>\n<p style=\"margin: 0cm; margin-bottom: .0001pt; text-align: justify; max-width: 799px;\"><span style=\"font-size: 11.0pt; font-family: 'Arial','sans-serif'; color: black;\">\u201cN\u00e3o existe devo\u00e7\u00e3o mais perfeita, nem mais agrad\u00e1vel a Jesus Cristo, do que aquela que nos leva a amar sua m\u00e3e.\u201d A defini\u00e7\u00e3o \u00e9 de S\u00e3o Lu\u00eds Maria Grignion de Montfort, reconhecido por escrever o \u201cTratado da Verdadeira Devo\u00e7\u00e3o \u00e0 Sant\u00edssima Virgem\u201d. E \u00e9 com base nesse verdadeiro tesouro espiritual da Igreja que a Minha Biblioteca Cat\u00f3lica est\u00e1 lan\u00e7ando uma campanha nacional de consagra\u00e7\u00e3o \u00e0 m\u00e3e do salvador da humanidade.<\/span><\/p>\n<p style=\"margin: 0cm; margin-bottom: .0001pt; text-align: justify; max-width: 799px;\"><span style=\"font-family: 'Arial','sans-serif';\">\u00a0<\/span><\/p>\n<p style=\"margin: 0cm; margin-bottom: .0001pt; text-align: justify; max-width: 799px;\"><span style=\"font-size: 11.0pt; font-family: 'Arial','sans-serif'; color: black;\">Ao todo, ser\u00e3o 30 dias de prepara\u00e7\u00e3o, que culminar\u00e3o em uma data muito especial para o povo brasileiro: 12 de outubro, Dia de Nossa Senhora Aparecida.\u00a0<\/span><span style=\"font-family: 'Arial','sans-serif';\"><a style=\"max-width: 100%;\" href=\"https:\/\/s2309.imxsnd16.com\/link.php?code=bDpodHRwcyUzQSUyRiUyRmNsdWJlLmJpYmxpb3RlY2FjYXRvbGljYS5jb20uYnIlMkZjb252aXRlLWNvbnNhZ3Jlc2U6Mjc1MTAyMDk2OTphbmEuY2FwZWxsYXJpQGNyaXRlcmlvLmNvbS5icjowMzU1Y2Y6NTc=\" target=\"_blank\" rel=\"noopener\"><span style=\"font-size: 11.0pt;\">Uma p\u00e1gina foi criada<\/span><\/a><\/span><span style=\"font-size: 11.0pt; font-family: 'Arial','sans-serif'; color: black;\">\u00a0pelo clube de assinatura de livros compilando as principais informa\u00e7\u00f5es da iniciativa, chamada de \u201cConsagre-se\u201d. O \u201cguia\u201d dessa jornada ser\u00e1 uma das maiores refer\u00eancias do pa\u00eds no assunto, o\u00a0<\/span><span style=\"font-family: 'Arial','sans-serif';\"><a style=\"max-width: 100%;\" href=\"https:\/\/s2309.imxsnd16.com\/link.php?code=bDpodHRwcyUzQSUyRiUyRnd3dy5pbnN0YWdyYW0uY29tJTJGcGFkcmVmcmFuY2lzY29hbWFyYWwlMkY6Mjc1MTAyMDk2OTphbmEuY2FwZWxsYXJpQGNyaXRlcmlvLmNvbS5icjozNjI0ZGQ6NTc=\" target=\"_blank\" rel=\"noopener\"><span style=\"font-size: 11.0pt;\">padre Francisco Amaral<\/span><\/a><\/span><span style=\"font-size: 11.0pt; font-family: 'Arial','sans-serif'; color: black;\">, que gravar\u00e1 uma s\u00e9rie de v\u00eddeos para instruir os fi\u00e9is.<\/span><span style=\"font-family: 'Arial','sans-serif';\"><br \/>\n<\/span><\/p>\n<p style=\"margin: 0cm; margin-bottom: .0001pt; text-align: justify; max-width: 799px;\"><span style=\"font-size: 11.0pt; font-family: 'Arial','sans-serif'; color: black;\">\u201cA Virgem Maria \u00e9 o pr\u00f3prio caminho que Deus escolheu. Como podemos querer que Jesus seja gerado em n\u00f3s, sem um ventre materno que o gere? Consagrar-se a ela \u00e9 estar no \u00fatero espiritual de Nossa Senhora, para que ela gere o Cristo em n\u00f3s. Assim, quanto mais marianos n\u00f3s formos, mais de Jesus Cristo n\u00f3s seremos\u201d, reflete o sacerdote da arquidiocese de Cuiab\u00e1, no Mato Grosso. Ele \u00e9 autor dos livros \u201cSou todo teu, Maria: uma gera\u00e7\u00e3o consagrada \u00e0 Imaculada\u201d e \u201cSegredos da Virgem Maria\u201d, sendo conhecido tamb\u00e9m por seu minist\u00e9rio de evangeliza\u00e7\u00e3o nas m\u00eddias sociais.<\/span><\/p>\n<p style=\"margin: 0cm; margin-bottom: .0001pt; text-align: justify; max-width: 799px;\"><span style=\"font-family: 'Arial','sans-serif';\">\u00a0<\/span><\/p>\n<p style=\"margin: 0cm; margin-bottom: .0001pt; text-align: justify; max-width: 799px;\"><span style=\"font-size: 11.0pt; font-family: 'Arial','sans-serif'; color: black;\">O padre conta que decidiu fazer parte da campanha por ser um movimento in\u00e9dito no Brasil. \u201cNos \u00faltimos anos, muitas pessoas se consagraram por moda, sem compreender o que a consagra\u00e7\u00e3o, o que acabou criando uma imagem distorcida dela. Abracei essa campanha porque nosso pa\u00eds precisa ser consagrado a Nossa Senhora. Teremos uma forma\u00e7\u00e3o com um acompanhamento organizado, contando com o alcance e o destaque da Minha Biblioteca Cat\u00f3lica. Essa \u00e9 uma provid\u00eancia de Deus para que a consagra\u00e7\u00e3o seja conhecida em sua ess\u00eancia\u201d, acrescenta o vig\u00e1rio da Par\u00f3quia S\u00e3o Jo\u00e3o Bosco.<\/span><\/p>\n<p style=\"margin: 0cm; margin-bottom: .0001pt; text-align: justify; max-width: 799px;\"><span style=\"font-family: 'Arial','sans-serif';\">\u00a0<\/span><\/p>\n<p style=\"margin: 0cm; margin-bottom: .0001pt; text-align: justify; max-width: 799px;\"><strong><span style=\"font-size: 11.0pt; font-family: 'Arial','sans-serif'; color: black;\">\u201cO Brasil precisa dessa a\u00e7\u00e3o\u201d<\/span><\/strong><span style=\"font-family: 'Arial','sans-serif';\"><br \/>\n<\/span><\/p>\n<p style=\"margin: 0cm; margin-bottom: .0001pt; text-align: justify; max-width: 799px;\"><span style=\"font-size: 11.0pt; font-family: 'Arial','sans-serif'; color: black;\">O prop\u00f3sito da iniciativa \u00e9 oferecer um caminho f\u00e1cil, curto, perfeito e seguro para a santidade \u2014 tudo isso a partir da devo\u00e7\u00e3o estruturada por S\u00e3o Lu\u00eds de Montfort. Matheus Bazzo, fundador do clube, contextualiza que o objetivo dessa a\u00e7\u00e3o est\u00e1 conectado diretamente com a miss\u00e3o da empresa: manifestar os tesouros da tradi\u00e7\u00e3o cat\u00f3lica atrav\u00e9s da melhor e mais bela experi\u00eancia para as fam\u00edlias brasileiras.<\/span><\/p>\n<p style=\"margin: 0cm; margin-bottom: .0001pt; text-align: justify; max-width: 799px;\"><span style=\"font-family: 'Arial','sans-serif';\">\u00a0<\/span><\/p>\n<p style=\"margin: 0cm; margin-bottom: .0001pt; text-align: justify; max-width: 799px;\"><span style=\"font-size: 11.0pt; font-family: 'Arial','sans-serif'; color: black;\">\u201cA Igreja, os papas, os santos e a piedade popular recorrem a todo instante a Nossa Senhora para, por meio dela, ir at\u00e9 o Senhor. Por isso, n\u00f3s estamos iniciando uma grande campanha de consagra\u00e7\u00e3o do Brasil \u00e0 Virgem Maria, por meio da nossa pr\u00f3pria consagra\u00e7\u00e3o pessoal\u201d, detalha Bazzo, que tamb\u00e9m criou a plataforma de streaming Lumine e o app de medita\u00e7\u00e3o Peregrino.<\/span><\/p>\n<p style=\"margin: 0cm; margin-bottom: .0001pt; text-align: justify; max-width: 799px;\"><span style=\"font-family: 'Arial','sans-serif';\">\u00a0<\/span><\/p>\n<p style=\"margin: 0cm; margin-bottom: .0001pt; text-align: justify; max-width: 799px;\"><span style=\"font-size: 11.0pt; font-family: 'Arial','sans-serif'; color: black;\">De uma forma n\u00e3o planejada, segundo ele, \u201cConsagre-se\u201d se tornou uma continuidade da campanha de ora\u00e7\u00e3o \u201cCora\u00e7\u00f5es ao Alto\u201d, promovida recentemente pela Minha Biblioteca Cat\u00f3lica. \u201cNossa Senhora \u00e9 a grande intercessora. \u00c9 atrav\u00e9s dela que muitas das nossas ora\u00e7\u00f5es chegam ao pai. Por isso, \u00e9 justo e necess\u00e1rio que avancemos um pr\u00f3ximo passo na f\u00e9, consagrando-nos a ela. A forma como os cat\u00f3licos se engajaram em \u2018Cora\u00e7\u00f5es ao Alto\u2019 nos inspirou a ir al\u00e9m. O Brasil precisa dessa a\u00e7\u00e3o\u201d, pontua Bazzo.<\/span><\/p>\n<p style=\"margin: 0cm; margin-bottom: .0001pt; text-align: justify; max-width: 799px;\"><span style=\"font-family: 'Arial','sans-serif';\">\u00a0<\/span><\/p>\n<p style=\"margin: 0cm; margin-bottom: .0001pt; text-align: justify; max-width: 799px;\"><span style=\"font-size: 11.0pt; font-family: 'Arial','sans-serif'; color: black;\">Assim como na mobiliza\u00e7\u00e3o anterior, diversas personalidades far\u00e3o parte dessa nova iniciativa, compartilhando sua jornada de consagra\u00e7\u00e3o nas redes sociais. Entre os nomes est\u00e3o o cantor\u00a0<\/span><span style=\"font-family: 'Arial','sans-serif';\"><a style=\"max-width: 100%;\" href=\"https:\/\/s2309.imxsnd16.com\/link.php?code=bDpodHRwcyUzQSUyRiUyRnd3dy5pbnN0YWdyYW0uY29tJTJGcCUyRkNydkw0U1VyN21QJTJGJTNGaGwlM0RwdDoyNzUxMDIwOTY5OmFuYS5jYXBlbGxhcmlAY3JpdGVyaW8uY29tLmJyOjFkNmU5NDo1Nw==\" target=\"_blank\" rel=\"noopener\"><span style=\"font-size: 11.0pt;\">Dunga<\/span><\/a><\/span><span style=\"font-size: 11.0pt; font-family: 'Arial','sans-serif'; color: black;\">, a cantora\u00a0<\/span><span style=\"font-family: 'Arial','sans-serif';\"><a style=\"max-width: 100%;\" href=\"https:\/\/s2309.imxsnd16.com\/link.php?code=bDpodHRwcyUzQSUyRiUyRnd3dy5pbnN0YWdyYW0uY29tJTJGY2VsaW5hYm9yZ2VzJTJGOjI3NTEwMjA5Njk6YW5hLmNhcGVsbGFyaUBjcml0ZXJpby5jb20uYnI6ZTIyNmFlOjU3\" target=\"_blank\" rel=\"noopener\"><span style=\"font-size: 11.0pt;\">Celina Borges<\/span><\/a><\/span><span style=\"font-size: 11.0pt; font-family: 'Arial','sans-serif'; color: black;\">\u00a0e as mission\u00e1rias\u00a0<\/span><span style=\"font-family: 'Arial','sans-serif';\"><a style=\"max-width: 100%;\" href=\"https:\/\/s2309.imxsnd16.com\/link.php?code=bDpodHRwcyUzQSUyRiUyRnd3dy5pbnN0YWdyYW0uY29tJTJGYXpldmVkb3RoYXluYWslMkY6Mjc1MTAyMDk2OTphbmEuY2FwZWxsYXJpQGNyaXRlcmlvLmNvbS5icjpkNmI1MWI6NTc=\" target=\"_blank\" rel=\"noopener\"><span style=\"font-size: 11.0pt;\">Thayna Azevedo<\/span><\/a><\/span><span style=\"font-size: 11.0pt; font-family: 'Arial','sans-serif'; color: black;\">\u00a0e\u00a0<\/span><span style=\"font-family: 'Arial','sans-serif';\"><a style=\"max-width: 100%;\" href=\"https:\/\/s2309.imxsnd16.com\/link.php?code=bDpodHRwcyUzQSUyRiUyRnd3dy5pbnN0YWdyYW0uY29tJTJGcHJpY29sb2RlZGV1cyUyRjoyNzUxMDIwOTY5OmFuYS5jYXBlbGxhcmlAY3JpdGVyaW8uY29tLmJyOmVjMWYxNjo1Nw==\" target=\"_blank\" rel=\"noopener\"><span style=\"font-size: 11.0pt;\">Priscila Camargo<\/span><\/a><\/span><span style=\"font-size: 11.0pt; font-family: 'Arial','sans-serif'; color: black;\">.<\/span><\/p>\n<p style=\"margin: 0cm; margin-bottom: .0001pt; text-align: justify; max-width: 799px;\"><span style=\"font-family: 'Arial','sans-serif';\">\u00a0<\/span><\/p>\n<p style=\"text-align: justify; max-width: 799px; margin: 0cm 0cm .0001pt 36.0pt;\"><strong><span style=\"font-size: 11.0pt; font-family: 'Arial','sans-serif'; color: black;\">O livro de cabeceira de S\u00e3o Jo\u00e3o Paulo II<\/span><\/strong><\/p>\n<p style=\"margin: 0cm; margin-bottom: .0001pt; text-align: justify; max-width: 799px;\"><span style=\"font-family: 'Arial','sans-serif';\">\u00a0<\/span><\/p>\n<p style=\"margin: 0cm; margin-bottom: .0001pt; text-align: justify; max-width: 799px;\"><span style=\"font-size: 11.0pt; font-family: 'Arial','sans-serif'; color: black;\">O padre Francisco Amaral destaca que o \u201cTratado\u201d era o livro de cabeceira de Jo\u00e3o Paulo II. Tanto que, em raz\u00e3o disso, o papa assumiu como lema de seu pontificado \u201cTotus Tuus\u201d. Ou seja, \u201cTodo teu\u201d, referindo-se a Maria. A obra ensina \u2014 de uma forma pr\u00e1tica, did\u00e1tica e acess\u00edvel \u2014 como viver essa consagra\u00e7\u00e3o.<\/span><\/p>\n<p style=\"margin: 0cm; margin-bottom: .0001pt; text-align: justify; max-width: 799px;\"><span style=\"font-size: 11.0pt; font-family: 'Arial','sans-serif'; color: black;\">Para realizar plenamente esse ato de devo\u00e7\u00e3o a Nossa Senhora, \u00e9 importante que cada um fa\u00e7a a leitura do m\u00e9todo. Buscando ampliar o alcance da obra e facilitar seu acesso, \u00e9 a primeira vez que a Minha Biblioteca Cat\u00f3lica decidiu\u00a0<\/span><span style=\"font-family: 'Arial','sans-serif';\"><a style=\"max-width: 100%;\" href=\"https:\/\/s2309.imxsnd16.com\/link.php?code=bDpodHRwcyUzQSUyRiUyRmNsdWJlLmJpYmxpb3RlY2FjYXRvbGljYS5jb20uYnIlMkZjb25zYWdyZXNlJTIzYl8yNzgwMjBfMV8xNjkwODA3NzE2NjRjN2FkYTRiYjcwODoyNzUxMDIwOTY5OmFuYS5jYXBlbGxhcmlAY3JpdGVyaW8uY29tLmJyOjRmYWJjODo1Nw==\" target=\"_blank\" rel=\"noopener\"><span style=\"font-size: 11.0pt;\">abrir as vendas de um livro para n\u00e3o assinantes<\/span><\/a><\/span><span style=\"font-size: 11.0pt; font-family: 'Arial','sans-serif'; color: black;\">. Por\u00e9m, o clube deixa claro que os fi\u00e9is podem adquirir e utilizar outra edi\u00e7\u00e3o, de acordo com sua prefer\u00eancia.<\/span><\/p>\n<p style=\"margin: 0cm; margin-bottom: .0001pt; text-align: center; max-width: 799px;\" align=\"center\"><span style=\"font-family: 'Arial','sans-serif';\">\u00a0<\/span><\/p>\n<p style=\"margin: 0cm; margin-bottom: .0001pt; text-align: justify; max-width: 799px;\"><strong><span style=\"font-size: 11.0pt; font-family: 'Arial','sans-serif'; color: black;\">Confira o cronograma completo da consagra\u00e7\u00e3o<\/span><\/strong><\/p>\n<p style=\"margin: 0cm; margin-bottom: .0001pt; text-align: justify; max-width: 799px;\"><span style=\"font-family: 'Arial','sans-serif';\">\u00a0<\/span><\/p>\n<p style=\"margin: 0cm; margin-bottom: .0001pt; text-align: justify; max-width: 799px;\"><span style=\"font-size: 11.0pt; font-family: 'Arial','sans-serif'; color: black;\">Ser\u00e3o 30 dias de jornada, que se dividir\u00e3o nos seguintes per\u00edodos:<\/span><span style=\"font-family: 'Arial','sans-serif';\"><br \/>\n<\/span><\/p>\n<p style=\"text-align: justify; max-width: 799px; margin: 0cm 0cm .0001pt 36.0pt;\"><strong><span style=\"font-size: 11.0pt; font-family: 'Arial','sans-serif';\">Agosto:<\/span><\/strong><span style=\"font-size: 11.0pt; font-family: 'Arial','sans-serif';\">\u00a0leitura do \u201cTratado da Verdadeira Devo\u00e7\u00e3o \u00e0 Sant\u00edssima Virgem\u201d, de S\u00e3o Lu\u00eds Maria Grignion de Monfort. Prepara\u00e7\u00e3o para iniciar as ora\u00e7\u00f5es.<\/span><\/p>\n<p style=\"text-align: justify; max-width: 799px; margin: 0cm 0cm .0001pt 36.0pt;\"><strong><span style=\"font-size: 11.0pt; font-family: 'Arial','sans-serif';\">12 a 23 de setembro:<\/span><\/strong><span style=\"font-size: 11.0pt; font-family: 'Arial','sans-serif';\">\u00a0exerc\u00edcios espirituais preparat\u00f3rios \u00e0 consagra\u00e7\u00e3o solene, conforme o m\u00e9todo de S\u00e3o Lu\u00eds Maria Grignion de Montfort. S\u00e3o 12 dias preliminares.<\/span><\/p>\n<p style=\"text-align: justify; max-width: 799px; margin: 0cm 0cm .0001pt 36.0pt;\"><strong><span style=\"font-size: 11.0pt; font-family: 'Arial','sans-serif';\">24 a 29 de setembro:<\/span><\/strong><span style=\"font-size: 11.0pt; font-family: 'Arial','sans-serif';\">\u00a0ora\u00e7\u00f5es da primeira semana.<\/span><\/p>\n<p style=\"text-align: justify; max-width: 799px; margin: 0cm 0cm .0001pt 36.0pt;\"><strong><span style=\"font-size: 11.0pt; font-family: 'Arial','sans-serif';\">30 de setembro a 5 de outubro:<\/span><\/strong><span style=\"font-size: 11.0pt; font-family: 'Arial','sans-serif';\">\u00a0ora\u00e7\u00f5es da segunda semana.<\/span><\/p>\n<p style=\"text-align: justify; max-width: 799px; margin: 0cm 0cm .0001pt 36.0pt;\"><strong><span style=\"font-size: 11.0pt; font-family: 'Arial','sans-serif';\">6 a 11 de outubro:<\/span><\/strong><span style=\"font-size: 11.0pt; font-family: 'Arial','sans-serif';\">\u00a0ora\u00e7\u00f5es da terceira semana.<\/span><span style=\"font-family: 'Arial','sans-serif';\"><br \/>\n<\/span><strong><span style=\"font-size: 11.0pt; font-family: 'Arial','sans-serif';\">12 de outubro: ato de consagra\u00e7\u00e3o no dia de Nossa Senhora Aparecida.<\/span><\/strong><\/p>\n","protected":false},"excerpt":{"rendered":"<p>Ser\u00e1 um m\u00eas de ora\u00e7\u00f5es preparat\u00f3rias, encerrando em 12 de outubro, que marca o Dia de Nossa Senhora Aparecida \u201cN\u00e3o existe devo\u00e7\u00e3o mais perfeita, nem mais agrad\u00e1vel a Jesus Cristo, do que aquela que nos leva a amar sua m\u00e3e.\u201d A defini\u00e7\u00e3o \u00e9 de S\u00e3o Lu\u00eds Maria Grignion de Montfort, reconhecido por escrever o \u201cTratado [&hellip;]<\/p>\n","protected":false},"author":1,"featured_media":83926,"comment_status":"open","ping_status":"closed","sticky":false,"template":"","format":"standard","meta":{"footnotes":""},"categories":[4],"tags":[],"class_list":["post-83925","post","type-post","status-publish","format-standard","has-post-thumbnail","hentry","category-cotidiano"],"_links":{"self":[{"href":"https:\/\/catolicanet.net\/wp-cnet\/wp-json\/wp\/v2\/posts\/83925","targetHints":{"allow":["GET"]}}],"collection":[{"href":"https:\/\/catolicanet.net\/wp-cnet\/wp-json\/wp\/v2\/posts"}],"about":[{"href":"https:\/\/catolicanet.net\/wp-cnet\/wp-json\/wp\/v2\/types\/post"}],"author":[{"embeddable":true,"href":"https:\/\/catolicanet.net\/wp-cnet\/wp-json\/wp\/v2\/users\/1"}],"replies":[{"embeddable":true,"href":"https:\/\/catolicanet.net\/wp-cnet\/wp-json\/wp\/v2\/comments?post=83925"}],"version-history":[{"count":1,"href":"https:\/\/catolicanet.net\/wp-cnet\/wp-json\/wp\/v2\/posts\/83925\/revisions"}],"predecessor-version":[{"id":83927,"href":"https:\/\/catolicanet.net\/wp-cnet\/wp-json\/wp\/v2\/posts\/83925\/revisions\/83927"}],"wp:featuredmedia":[{"embeddable":true,"href":"https:\/\/catolicanet.net\/wp-cnet\/wp-json\/wp\/v2\/media\/83926"}],"wp:attachment":[{"href":"https:\/\/catolicanet.net\/wp-cnet\/wp-json\/wp\/v2\/media?parent=83925"}],"wp:term":[{"taxonomy":"category","embeddable":true,"href":"https:\/\/catolicanet.net\/wp-cnet\/wp-json\/wp\/v2\/categories?post=83925"},{"taxonomy":"post_tag","embeddable":true,"href":"https:\/\/catolicanet.net\/wp-cnet\/wp-json\/wp\/v2\/tags?post=83925"}],"curies":[{"name":"wp","href":"https:\/\/api.w.org\/{rel}","templated":true}]}}