{"id":83921,"date":"2023-09-18T10:25:42","date_gmt":"2023-09-18T13:25:42","guid":{"rendered":"https:\/\/catolicanet.net\/wp-cnet\/?p=83921"},"modified":"2023-09-18T10:25:42","modified_gmt":"2023-09-18T13:25:42","slug":"movimento-comunhao-e-libertacao-convida-para-uma-mesa-redonda-sobre-o-senso-religioso","status":"publish","type":"post","link":"https:\/\/catolicanet.net\/wp-cnet\/movimento-comunhao-e-libertacao-convida-para-uma-mesa-redonda-sobre-o-senso-religioso\/","title":{"rendered":"Movimento Comunh\u00e3o e Liberta\u00e7\u00e3o convida para uma mesa redonda sobre O senso religioso"},"content":{"rendered":"<p style=\"text-align: justify;\">O Movimento Comunh\u00e3o e Liberta\u00e7\u00e3o convida para uma mesa redonda sobre\u00a0<em>O senso religioso<\/em>. Este \u00e9 o primeiro volume de um\u00a0<em>PerCurso<\/em>, uma s\u00e9rie de livros nos quais Dom Giussani (1922-2005), sacerdote italiano considerado um dos grandes te\u00f3logos, fil\u00f3sofos e educadores da nossa \u00e9poca, resume o seu itiner\u00e1rio de pensamento e experi\u00eancia. Nesse primeiro volume o autor identifica no senso religioso a pr\u00f3pria ess\u00eancia da racionalidade e a raiz da consci\u00eancia humana. Para ele, o senso religioso se coloca no n\u00edvel da experi\u00eancia elementar de todo homem, l\u00e1 onde o eu se faz perguntas acerca do significado da vida e da realidade.<\/p>\n<p>O evento ser\u00e1 realizado presencialmente na segunda-feira,\u00a0<strong>dia 18 de setembro, \u00e0s 18h30<\/strong>, no Rio de Janeiro, com a participa\u00e7\u00e3o de D. Filippo Santoro e Dra. \u00c2ngela Gandra.<\/p>\n<p><strong>Dom Filippo Santoro<\/strong>\u00a0&#8211; Graduou-se em Filosofia pela Universidade Cat\u00f3lica do Sagrado Cora\u00e7\u00e3o de Mil\u00e3o, em Teologia pela Pontif\u00edcia Universidade Gregoriana, Roma e doutourou-se em Teologia Dogm\u00e1tica, pela PUG Roma e Filosofia em Mil\u00e3o. Em 1996 foi nomeado Bispo auxiliar da Arquidiocese de S\u00e3o Sebasti\u00e3o do Rio de Janeiro e em 2004 tornou-se Bispo da Diocese de Petr\u00f3polis. Em 21 de novembro de 2012 foi elevado a Arcebispo metropolita de Taranto onde permaneceu at\u00e9 julho de 2023. Em 2012 foi nomeado pelo Papa Bento XVI como Padre Sinodal da 13\u00aa Assembleia Geral Ordin\u00e1ria do S\u00ednodo dos Bispos a se realizar no Vaticano, em outubro do mesmo ano.<\/p>\n<p><strong>Dra. \u00c2ngela Martins Gandra<\/strong>\u00a0&#8211; Gerente Jur\u00eddica da Federa\u00e7\u00e3o de Agricultura de S\u00e3o Paulo e Presidente do Conselho Jur\u00eddico da FAESP, S\u00f3cia da Granda Martins Advogados Associados, \u00e9 P\u00f3s-doutoranda e Professora da Universidade Mackenzie. Possui t\u00edtulo de Doutora em Filosofia do Direito e \u00e9 Bacharel em Direito pela USP. Al\u00e9m disso, \u00e9 Presidente do Instituto Ives Granda de Direito, Filosofia e Economia, Professora Visitante e Pesquisadora na Harvard University, e possui diploma Advanced Management da IESE Business School. Tamb\u00e9m \u00e9 Membro da Academia Brasileira de Filosofia, da Academia Paulista de Letras Jur\u00eddicas e do Conselho Superior de Direito da FECOMERCIO. Ela tamb\u00e9m atuou como Ex-Secret\u00e1ria Nacional da Fam\u00edlia no Minist\u00e9rio da Mulher, da Fam\u00edlia e dos Direitos Humanos.<\/p>\n<p>O moderador ser\u00e1\u00a0<strong>Jos\u00e9 Roberto Cosmo<\/strong>, soci\u00f3logo.<\/p>\n<p>As vagas s\u00e3o limitadas e \u00e9 necess\u00e1ria inscri\u00e7\u00e3o pr\u00e9via por este formul\u00e1rio:<br \/>\n<a href=\"https:\/\/docs.google.com\/forms\/d\/e\/1FAIpQLSfiVkg30otkRDWhmYoau1-RDRQEGQNEeRI2TxfRWbdlDhnQ-g\/viewform\">https:\/\/docs.google.com\/forms\/d\/e\/1FAIpQLSfiVkg30otkRDWhmYoau1-RDRQEGQNEeRI2TxfRWbdlDhnQ-g\/viewform<\/a><\/p>\n<p><strong>Endere\u00e7o do evento:<\/strong><br \/>\nCentro Cultural da Funda\u00e7\u00e3o Get\u00falio Vargas &#8211; FGV<br \/>\nPraia de Botafogo, 186 &#8211; Botafogo &#8211; RJ<br \/>\nOutras informa\u00e7\u00f5es:\u00a0<a href=\"mailto:mailto:sensoreligioso2023@gmail.com\"><strong>sensoreligioso2023@gmail.com<\/strong><\/a><\/p>\n","protected":false},"excerpt":{"rendered":"<p>O Movimento Comunh\u00e3o e Liberta\u00e7\u00e3o convida para uma mesa redonda sobre\u00a0O senso religioso. Este \u00e9 o primeiro volume de um\u00a0PerCurso, uma s\u00e9rie de livros nos quais Dom Giussani (1922-2005), sacerdote italiano considerado um dos grandes te\u00f3logos, fil\u00f3sofos e educadores da nossa \u00e9poca, resume o seu itiner\u00e1rio de pensamento e experi\u00eancia. Nesse primeiro volume o autor [&hellip;]<\/p>\n","protected":false},"author":1,"featured_media":83922,"comment_status":"open","ping_status":"closed","sticky":false,"template":"","format":"standard","meta":{"footnotes":""},"categories":[4],"tags":[],"class_list":["post-83921","post","type-post","status-publish","format-standard","has-post-thumbnail","hentry","category-cotidiano"],"_links":{"self":[{"href":"https:\/\/catolicanet.net\/wp-cnet\/wp-json\/wp\/v2\/posts\/83921","targetHints":{"allow":["GET"]}}],"collection":[{"href":"https:\/\/catolicanet.net\/wp-cnet\/wp-json\/wp\/v2\/posts"}],"about":[{"href":"https:\/\/catolicanet.net\/wp-cnet\/wp-json\/wp\/v2\/types\/post"}],"author":[{"embeddable":true,"href":"https:\/\/catolicanet.net\/wp-cnet\/wp-json\/wp\/v2\/users\/1"}],"replies":[{"embeddable":true,"href":"https:\/\/catolicanet.net\/wp-cnet\/wp-json\/wp\/v2\/comments?post=83921"}],"version-history":[{"count":1,"href":"https:\/\/catolicanet.net\/wp-cnet\/wp-json\/wp\/v2\/posts\/83921\/revisions"}],"predecessor-version":[{"id":83923,"href":"https:\/\/catolicanet.net\/wp-cnet\/wp-json\/wp\/v2\/posts\/83921\/revisions\/83923"}],"wp:featuredmedia":[{"embeddable":true,"href":"https:\/\/catolicanet.net\/wp-cnet\/wp-json\/wp\/v2\/media\/83922"}],"wp:attachment":[{"href":"https:\/\/catolicanet.net\/wp-cnet\/wp-json\/wp\/v2\/media?parent=83921"}],"wp:term":[{"taxonomy":"category","embeddable":true,"href":"https:\/\/catolicanet.net\/wp-cnet\/wp-json\/wp\/v2\/categories?post=83921"},{"taxonomy":"post_tag","embeddable":true,"href":"https:\/\/catolicanet.net\/wp-cnet\/wp-json\/wp\/v2\/tags?post=83921"}],"curies":[{"name":"wp","href":"https:\/\/api.w.org\/{rel}","templated":true}]}}