{"id":83907,"date":"2023-09-14T10:15:13","date_gmt":"2023-09-14T13:15:13","guid":{"rendered":"https:\/\/catolicanet.net\/wp-cnet\/?p=83907"},"modified":"2023-09-18T10:16:30","modified_gmt":"2023-09-18T13:16:30","slug":"nossa-senhora-das-dores-11","status":"publish","type":"post","link":"https:\/\/catolicanet.net\/wp-cnet\/nossa-senhora-das-dores-11\/","title":{"rendered":"Nossa Senhora das Dores"},"content":{"rendered":"<p style=\"text-align: justify;\">Neste dia 15 de setembro, nos reunimos para refletir sobre a profunda devo\u00e7\u00e3o a Nossa Senhora das Dores, uma devo\u00e7\u00e3o que nos une \u00e0 Virgem Maria de maneira especial em seus momentos de sofrimento e afli\u00e7\u00e3o. A imagem da Virgem Maria ao p\u00e9 da Cruz, compartilhando as dores de seu Filho Jesus, nos lembra da realidade das dificuldades e dores em nossas pr\u00f3prias vidas, mas tamb\u00e9m nos oferece um exemplo de fortaleza, f\u00e9 e esperan\u00e7a.<\/p>\n<p style=\"text-align: justify;\">A passagem do Evangelho de Lucas nos oferece um vislumbre da profecia sobre Maria: <em>\u201cE uma espada transpassar\u00e1 a tua pr\u00f3pria alma, para que se revelem os pensamentos de muitos cora\u00e7\u00f5es\u201d (Lucas 2,35)<\/em>. Aqui, Sime\u00e3o prev\u00ea as dores que Maria enfrentaria ao longo de sua jornada como m\u00e3e de Jesus. Maria, desde o in\u00edcio, soube que sua miss\u00e3o divina estava intimamente ligada \u00e0 dor e ao sacrif\u00edcio.<\/p>\n<p style=\"text-align: justify;\">Contudo, as dores de Maria n\u00e3o foram apenas f\u00edsicas, mas tamb\u00e9m emocionais e espirituais. No momento da Anuncia\u00e7\u00e3o, ela abra\u00e7ou humildemente o chamado de Deus, mas isso veio com a preocupa\u00e7\u00e3o pelas incertezas que enfrentaria. Ao fugir para o Egito para proteger o menino Jesus, Maria compartilhou a ansiedade de uma m\u00e3e preocupada com o destino de seu filho.<\/p>\n<p style=\"text-align: justify;\">Maria, a M\u00e3e de Jesus, carregou a Cruz da dor de maneira \u00fanica. Ela sabia que seu Filho tinha uma miss\u00e3o divina. Ao longo de sua vida, Maria testemunhou as alegrias e os desafios da maternidade, mas foi na base da Cruz que ela experimentou uma dor incompar\u00e1vel. A crucifica\u00e7\u00e3o de Jesus foi uma experi\u00eancia que nenhum pai ou m\u00e3e deveria passar, mas Maria permaneceu firme, compartilhando em sil\u00eancio as dores do seu Filho e da humanidade.<\/p>\n<p style=\"text-align: justify;\">Nossa Senhora das Dores nos ensina a import\u00e2ncia de encontrar consolo em meio \u00e0s nossas pr\u00f3prias dores e dificuldades. Ela nos mostra que, mesmo quando a vida nos traz sofrimento, n\u00e3o estamos sozinhos. Assim como Maria permaneceu ao lado de Jesus na Cruz, tamb\u00e9m podemos confiar que ela est\u00e1 conosco em nossos momentos de afli\u00e7\u00e3o. Ela entende nossas l\u00e1grimas, nossas preocupa\u00e7\u00f5es e nossos medos, e nos oferece seu amor materno e intercess\u00e3o junto a Deus.<\/p>\n<p style=\"text-align: justify;\">A devo\u00e7\u00e3o a Nossa Senhora das Dores nos convida a olhar para o exemplo de Maria e a encontrar significado em nosso pr\u00f3prio sofrimento. Assim como a Cruz de Jesus se transformou em um s\u00edmbolo de salva\u00e7\u00e3o, nossas cruzes e dores podem ser fontes de transforma\u00e7\u00e3o espiritual. Ao unir nossos sofrimentos aos de Cristo, temos a oportunidade de crescer em f\u00e9, empatia e compaix\u00e3o.<\/p>\n<p style=\"text-align: justify;\">Al\u00e9m disso, a devo\u00e7\u00e3o a Nossa Senhora das Dores nos lembra que n\u00e3o estamos limitados \u00e0 dor, mas que a esperan\u00e7a pode nascer mesmo nas situa\u00e7\u00f5es mais dif\u00edceis. Maria experimentou a alegria da ressurrei\u00e7\u00e3o de seu Filho, e essa mesma esperan\u00e7a nos \u00e9 oferecida. Quando confiamos em Deus, mesmo em meio ao sofrimento, sabemos que Ele \u00e9 capaz de transformar nossa dor em alegria e nossa tristeza em esperan\u00e7a.<\/p>\n<p style=\"text-align: justify;\">Queridos irm\u00e3os e irm\u00e3s, ao contemplarmos Nossa Senhora das Dores, somos convidados a trazer nossas pr\u00f3prias dores diante de Deus, confiantes de que Ele est\u00e1 sempre conosco. Maria nos ensina a encontrar consolo, for\u00e7a e esperan\u00e7a na presen\u00e7a amorosa de Deus, mesmo quando a vida nos desafia. Que possamos seguir o exemplo de Nossa Senhora das Dores, encontrando significado em nossas dores e permitindo que elas nos aproximem do cora\u00e7\u00e3o de Deus.<\/p>\n<p style=\"text-align: justify;\">Que Nossa Senhora das Dores interceda por n\u00f3s, para que possamos enfrentar nossos desafios com f\u00e9 e coragem, sabendo que Deus \u00e9 nosso ref\u00fagio e nossa fortaleza.<\/p>\n<p style=\"text-align: justify;\">Sauda\u00e7\u00f5es em Cristo!<\/p>\n","protected":false},"excerpt":{"rendered":"<p>Neste dia 15 de setembro, nos reunimos para refletir sobre a profunda devo\u00e7\u00e3o a Nossa Senhora das Dores, uma devo\u00e7\u00e3o que nos une \u00e0 Virgem Maria de maneira especial em seus momentos de sofrimento e afli\u00e7\u00e3o. A imagem da Virgem Maria ao p\u00e9 da Cruz, compartilhando as dores de seu Filho Jesus, nos lembra da [&hellip;]<\/p>\n","protected":false},"author":10,"featured_media":55817,"comment_status":"open","ping_status":"closed","sticky":false,"template":"","format":"standard","meta":{"footnotes":""},"categories":[9],"tags":[],"class_list":["post-83907","post","type-post","status-publish","format-standard","has-post-thumbnail","hentry","category-artigos"],"_links":{"self":[{"href":"https:\/\/catolicanet.net\/wp-cnet\/wp-json\/wp\/v2\/posts\/83907","targetHints":{"allow":["GET"]}}],"collection":[{"href":"https:\/\/catolicanet.net\/wp-cnet\/wp-json\/wp\/v2\/posts"}],"about":[{"href":"https:\/\/catolicanet.net\/wp-cnet\/wp-json\/wp\/v2\/types\/post"}],"author":[{"embeddable":true,"href":"https:\/\/catolicanet.net\/wp-cnet\/wp-json\/wp\/v2\/users\/10"}],"replies":[{"embeddable":true,"href":"https:\/\/catolicanet.net\/wp-cnet\/wp-json\/wp\/v2\/comments?post=83907"}],"version-history":[{"count":1,"href":"https:\/\/catolicanet.net\/wp-cnet\/wp-json\/wp\/v2\/posts\/83907\/revisions"}],"predecessor-version":[{"id":83908,"href":"https:\/\/catolicanet.net\/wp-cnet\/wp-json\/wp\/v2\/posts\/83907\/revisions\/83908"}],"wp:featuredmedia":[{"embeddable":true,"href":"https:\/\/catolicanet.net\/wp-cnet\/wp-json\/wp\/v2\/media\/55817"}],"wp:attachment":[{"href":"https:\/\/catolicanet.net\/wp-cnet\/wp-json\/wp\/v2\/media?parent=83907"}],"wp:term":[{"taxonomy":"category","embeddable":true,"href":"https:\/\/catolicanet.net\/wp-cnet\/wp-json\/wp\/v2\/categories?post=83907"},{"taxonomy":"post_tag","embeddable":true,"href":"https:\/\/catolicanet.net\/wp-cnet\/wp-json\/wp\/v2\/tags?post=83907"}],"curies":[{"name":"wp","href":"https:\/\/api.w.org\/{rel}","templated":true}]}}