{"id":83871,"date":"2023-09-13T10:05:11","date_gmt":"2023-09-13T13:05:11","guid":{"rendered":"https:\/\/catolicanet.net\/wp-cnet\/?p=83871"},"modified":"2023-09-13T14:07:20","modified_gmt":"2023-09-13T17:07:20","slug":"secretario-geral-da-cnbb-recebe-visita-institucional-do-reitor-da-puc-rio-padre-anderson-antonio-pedroso","status":"publish","type":"post","link":"https:\/\/catolicanet.net\/wp-cnet\/secretario-geral-da-cnbb-recebe-visita-institucional-do-reitor-da-puc-rio-padre-anderson-antonio-pedroso\/","title":{"rendered":"SECRET\u00c1RIO-GERAL DA CNBB RECEBE VISITA INSTITUCIONAL DO REITOR DA PUC-RIO, PADRE ANDERSON ANTONIO PEDROSO"},"content":{"rendered":"<p style=\"text-align: justify;\"><span data-contrast=\"auto\">O bispo auxiliar de Bras\u00edlia e secret\u00e1rio-geral da Confer\u00eancia Nacional dos Bispos do Brasil (CNBB), dom Ricardo Hoepers, recebeu na manh\u00e3 desta quarta-feira, 13 de setembro, o reitor da Pontif\u00edcia Universidade Cat\u00f3lica do Rio de Janeiro (PUC-Rio), padre Anderson Antonio Pedroso, S.J. A visita institucional foi oportunidade para o professor colocar a universidade a servi\u00e7o da Confer\u00eancia e conhecer a estrutura da entidade.\u00a0<\/span><span data-ccp-props=\"{&quot;134233117&quot;:false,&quot;134233118&quot;:false,&quot;201341983&quot;:0,&quot;335551550&quot;:1,&quot;335551620&quot;:1,&quot;335559685&quot;:0,&quot;335559737&quot;:0,&quot;335559738&quot;:0,&quot;335559739&quot;:160,&quot;335559740&quot;:259}\">\u00a0<\/span><\/p>\n<p style=\"text-align: justify;\"><span data-contrast=\"auto\"><img loading=\"lazy\" decoding=\"async\" class=\" wp-image-951848 alignright\" src=\"https:\/\/www.cnbb.org.br\/wp-content\/uploads\/2023\/09\/Reitor-PUC-Rio-14-portal.jpg\" sizes=\"auto, (max-width: 320px) 100vw, 320px\" srcset=\"https:\/\/www.cnbb.org.br\/wp-content\/uploads\/2023\/09\/Reitor-PUC-Rio-14-portal.jpg 960w, https:\/\/www.cnbb.org.br\/wp-content\/uploads\/2023\/09\/Reitor-PUC-Rio-14-portal-300x200.jpg 300w, https:\/\/www.cnbb.org.br\/wp-content\/uploads\/2023\/09\/Reitor-PUC-Rio-14-portal-768x512.jpg 768w, https:\/\/www.cnbb.org.br\/wp-content\/uploads\/2023\/09\/Reitor-PUC-Rio-14-portal-500x333.jpg 500w\" alt=\"\" width=\"320\" height=\"213\" \/>\u201cEm primeiro lugar, \u00e9 um prazer imenso estar aqui, \u00e9 a primeira vez que eu venho. Estamos visitando o lugar de servi\u00e7o ao episcopado e \u00e0 Igreja, ent\u00e3o \u00e9 uma alegria muito grande\u201d, disse o padre jesu\u00edta Anderson Antonio, destacando que\u00a0<\/span><span data-contrast=\"auto\">a conversa com o secret\u00e1rio-geral foi uma oportunidade de colocar a universidade a servi\u00e7o da Confer\u00eancia.<\/span><\/p>\n<blockquote><p><span data-contrast=\"auto\">\u201cEu creio que a voca\u00e7\u00e3o de uma Universidade Pontif\u00edcia \u00e9 sempre aquela de ajudar a Igreja nessa fronteira que \u00e9 a educa\u00e7\u00e3o, que \u00e9 a cultura. Colocar \u00e0 disposi\u00e7\u00e3o a universidade para que a Igreja sinta essa comunh\u00e3o que n\u00f3s temos e o desejo de ajud\u00e1-la na miss\u00e3o de servir o nosso povo brasileiro\u201d.\u00a0<\/span><span data-ccp-props=\"{&quot;201341983&quot;:0,&quot;335559739&quot;:160,&quot;335559740&quot;:259}\">\u00a0<\/span><\/p><\/blockquote>\n<p style=\"text-align: justify;\"><span data-contrast=\"auto\">Padre Anderson destacou que a universidade est\u00e1 localizada na cidade do Rio de Janeiro, mas, ao mesmo tempo, \u00e9 projetada para a na\u00e7\u00e3o. \u201cEu gosto de dizer que a PUC faz parte de um projeto de pa\u00eds, ao mesmo tempo que n\u00f3s estamos localizados e comprometidos com a realidade local, o nosso olhar \u00e9 voltado para todo o pa\u00eds, atrav\u00e9s do ensino, da pesquisa e da extens\u00e3o\u201d.\u00a0<\/span><span data-ccp-props=\"{&quot;201341983&quot;:0,&quot;335559739&quot;:160,&quot;335559740&quot;:259}\">\u00a0<\/span><\/p>\n<p style=\"text-align: justify;\"><span data-contrast=\"auto\">Outro ponto destacado do sentido da visita \u00e9 a possibilidade de conhecer a estrutura da Confer\u00eancia Episcopal: \u201ccompreender melhor as pontes que podem ser feitas, as parcerias, conhecer tamb\u00e9m os servi\u00e7os da CNBB, como est\u00e1 organizada, no sentido de conhecimento mais profundo da estrutura da CNBB\u201d, explicou.\u00a0<\/span><span data-ccp-props=\"{&quot;201341983&quot;:0,&quot;335559739&quot;:160,&quot;335559740&quot;:259}\">\u00a0<\/span><\/p>\n<p style=\"text-align: justify;\"><span data-contrast=\"auto\">Nesse sentido, ele percebe a oportunidade de ampliar os horizontes das parcerias que j\u00e1 s\u00e3o realizadas entre a Confer\u00eancia e a universidade. \u201cEu vejo que h\u00e1 uma hist\u00f3ria de n\u00e3o s\u00f3 a PUC, mas todas as universidades cat\u00f3licas, que se colocam sempre abertas a servir, ajudar. E, no nosso caso, sim, a presen\u00e7a de algumas pessoas, pesquisadores ou professores e especialistas que atuam nessa assessoria nas comiss\u00f5es \u00e9 uma forma de confirmar isso e eu diria at\u00e9 de aprofundar\u201d.<\/span><span data-ccp-props=\"{&quot;201341983&quot;:0,&quot;335559739&quot;:160,&quot;335559740&quot;:259}\">\u00a0<\/span><\/p>\n<p style=\"text-align: justify;\"><span data-contrast=\"auto\">No contexto de mudan\u00e7as pelas quais o mundo passa, padre Anderson observa que a universidade precisa se transformar. \u00c9 nesse sentido que a parceria com a CNBB possibilita a \u201coportunidade de quebrar barreiras e nos unir, criar converg\u00eancia com algumas pautas\u201d. Para ele, como a CNBB tem o olhar sobre todo o pa\u00eds, \u00e9 um lugar de onde se pode \u201cenxergar melhor e tomar decis\u00f5es melhores\u201d.<\/span><span data-ccp-props=\"{&quot;201341983&quot;:0,&quot;335559739&quot;:160,&quot;335559740&quot;:259}\">\u00a0<\/span><\/p>\n<blockquote><p><span data-contrast=\"auto\">\u201cEu acho que essa vis\u00e3o da universidade em sa\u00edda \u00e9 muito importante: sai para buscar conhecimento da realidade e depois oferece ajuda\u201d, sublinhou.<\/span><\/p><\/blockquote>\n<p style=\"text-align: justify;\">Acompanhou o secret\u00e1rio-geral da CNBB na recep\u00e7\u00e3o ao reitor da PUC-Rio, o assessor de imprensa da CNBB, padre Arnaldo Rodrigues.<\/p>\n<figure id=\"attachment_951846\" class=\"wp-caption aligncenter\" aria-describedby=\"caption-attachment-951846\"><img loading=\"lazy\" decoding=\"async\" class=\"wp-image-951846 size-full\" src=\"https:\/\/www.cnbb.org.br\/wp-content\/uploads\/2023\/09\/Reitor-PUC-Rio-7-portal.jpg\" sizes=\"auto, (max-width: 960px) 100vw, 960px\" srcset=\"https:\/\/www.cnbb.org.br\/wp-content\/uploads\/2023\/09\/Reitor-PUC-Rio-7-portal.jpg 960w, https:\/\/www.cnbb.org.br\/wp-content\/uploads\/2023\/09\/Reitor-PUC-Rio-7-portal-300x200.jpg 300w, https:\/\/www.cnbb.org.br\/wp-content\/uploads\/2023\/09\/Reitor-PUC-Rio-7-portal-768x512.jpg 768w, https:\/\/www.cnbb.org.br\/wp-content\/uploads\/2023\/09\/Reitor-PUC-Rio-7-portal-500x333.jpg 500w\" alt=\"\" width=\"960\" height=\"640\" \/><figcaption id=\"caption-attachment-951846\" class=\"wp-caption-text\">Padre Arnaldo Rodrigues, dom Ricardo Hoepers e padre Anderson Antonio | Foto: Luiz Lopes Jr\/CNBB<\/figcaption><\/figure>\n","protected":false},"excerpt":{"rendered":"<p>O bispo auxiliar de Bras\u00edlia e secret\u00e1rio-geral da Confer\u00eancia Nacional dos Bispos do Brasil (CNBB), dom Ricardo Hoepers, recebeu na manh\u00e3 desta quarta-feira, 13 de setembro, o reitor da Pontif\u00edcia Universidade Cat\u00f3lica do Rio de Janeiro (PUC-Rio), padre Anderson Antonio Pedroso, S.J. A visita institucional foi oportunidade para o professor colocar a universidade a servi\u00e7o [&hellip;]<\/p>\n","protected":false},"author":1,"featured_media":83872,"comment_status":"open","ping_status":"closed","sticky":false,"template":"","format":"standard","meta":{"footnotes":""},"categories":[7],"tags":[],"class_list":["post-83871","post","type-post","status-publish","format-standard","has-post-thumbnail","hentry","category-cnbb"],"_links":{"self":[{"href":"https:\/\/catolicanet.net\/wp-cnet\/wp-json\/wp\/v2\/posts\/83871","targetHints":{"allow":["GET"]}}],"collection":[{"href":"https:\/\/catolicanet.net\/wp-cnet\/wp-json\/wp\/v2\/posts"}],"about":[{"href":"https:\/\/catolicanet.net\/wp-cnet\/wp-json\/wp\/v2\/types\/post"}],"author":[{"embeddable":true,"href":"https:\/\/catolicanet.net\/wp-cnet\/wp-json\/wp\/v2\/users\/1"}],"replies":[{"embeddable":true,"href":"https:\/\/catolicanet.net\/wp-cnet\/wp-json\/wp\/v2\/comments?post=83871"}],"version-history":[{"count":1,"href":"https:\/\/catolicanet.net\/wp-cnet\/wp-json\/wp\/v2\/posts\/83871\/revisions"}],"predecessor-version":[{"id":83873,"href":"https:\/\/catolicanet.net\/wp-cnet\/wp-json\/wp\/v2\/posts\/83871\/revisions\/83873"}],"wp:featuredmedia":[{"embeddable":true,"href":"https:\/\/catolicanet.net\/wp-cnet\/wp-json\/wp\/v2\/media\/83872"}],"wp:attachment":[{"href":"https:\/\/catolicanet.net\/wp-cnet\/wp-json\/wp\/v2\/media?parent=83871"}],"wp:term":[{"taxonomy":"category","embeddable":true,"href":"https:\/\/catolicanet.net\/wp-cnet\/wp-json\/wp\/v2\/categories?post=83871"},{"taxonomy":"post_tag","embeddable":true,"href":"https:\/\/catolicanet.net\/wp-cnet\/wp-json\/wp\/v2\/tags?post=83871"}],"curies":[{"name":"wp","href":"https:\/\/api.w.org\/{rel}","templated":true}]}}