{"id":83851,"date":"2023-09-13T13:54:24","date_gmt":"2023-09-13T16:54:24","guid":{"rendered":"https:\/\/catolicanet.net\/wp-cnet\/?p=83851"},"modified":"2023-09-13T13:54:24","modified_gmt":"2023-09-13T16:54:24","slug":"que-o-senhor-lhes-de-forcas-afirmou-o-papa-ao-se-recordar-da-libia-e-do-marrocos","status":"publish","type":"post","link":"https:\/\/catolicanet.net\/wp-cnet\/que-o-senhor-lhes-de-forcas-afirmou-o-papa-ao-se-recordar-da-libia-e-do-marrocos\/","title":{"rendered":"Que o Senhor lhes d\u00ea for\u00e7as, afirmou o Papa, ao se recordar da L\u00edbia e do Marrocos"},"content":{"rendered":"<figure class=\"article__image\"><span class=\"didascalia_img\">Audi\u00eancia Geral com o Papa Francisco, nesta quarta-feira, 13\/09 \u00a0 (VATICAN MEDIA Divisione Foto)<\/span><\/figure>\n<div class=\"article__meta audioInside\" data-mediatype=\"\">\n<div class=\"article__subTitle\" style=\"text-align: justify;\">O Papa Francisco, em seu apelo final durante a catequese desta quarta-feira (13\/09), manifestou seu pesar pelas trag\u00e9dias recentes que atingiram a L\u00edbia e o Marrocos.<\/div>\n<div class=\"title__separator\" style=\"text-align: justify;\"><\/div>\n<div class=\"article__text\">\n<p style=\"text-align: justify;\"><b>Thulio Fonseca &#8211; Vatican News<\/b><\/p>\n<div style=\"text-align: justify;\">\n<div class=\"article__embed article__embed--unwrap article__embed--dark\">\n<div class=\"article__innerTitle\">Ou\u00e7a e compartilhe:<\/div>\n<div>\n<!--[if lt IE 9]><script>document.createElement('audio');<\/script><![endif]-->\n<audio class=\"wp-audio-shortcode\" id=\"audio-83851-1\" preload=\"none\" style=\"width: 100%;\" controls=\"controls\"><source type=\"audio\/mpeg\" src=\"https:\/\/media.vaticannews.va\/media\/audio\/s1\/2023\/09\/13\/11\/137305708_F137305708.mp3?_=1\" \/><a href=\"https:\/\/media.vaticannews.va\/media\/audio\/s1\/2023\/09\/13\/11\/137305708_F137305708.mp3\">https:\/\/media.vaticannews.va\/media\/audio\/s1\/2023\/09\/13\/11\/137305708_F137305708.mp3<\/a><\/audio>\n<\/div>\n<\/div>\n<\/div>\n<p style=\"text-align: justify;\">No final da audi\u00eancia geral, Francisco expressou sua proximidade \u00e0s v\u00edtimas e a toda a popula\u00e7\u00e3o da L\u00edbia e do Marrocos, ao recordar os desastres sofridos nos \u00faltimos dias por esses pa\u00edses, dos quais j\u00e1 havia manifestado seu pesar anteriormente. O Papa refor\u00e7ou, sobretudo, o pedido de ora\u00e7\u00f5es pelas duras realidades enfrentadas nessas na\u00e7\u00f5es.<\/p>\n<h2 style=\"text-align: justify;\">A busca por milhares de pessoas desaparecidas na L\u00edbia continua<\/h2>\n<p style=\"text-align: justify;\">Ao se recordar da L\u00edbia, o Santo Padre disse que seus pensamentos est\u00e3o voltados para aquele povo &#8220;duramente atingido por violentas chuvas que causaram enchentes e inunda\u00e7\u00f5es, resultando em in\u00fameras mortes e ferimentos, al\u00e9m de grandes danos.&#8221;<\/p>\n<p style=\"text-align: justify;\">O Papa, ao fazer seu apelo, sublinhou: &#8220;convido-os a se unirem a mim em minhas ora\u00e7\u00f5es por aqueles que perderam suas vidas, por suas fam\u00edlias e por aqueles que ficaram desabrigados. Que nossa solidariedade com esses irm\u00e3os e irm\u00e3s, provados por uma calamidade t\u00e3o devastadora, n\u00e3o falhe.&#8221;<\/p>\n<p style=\"text-align: justify;\">Os n\u00fameros do desastre na costa do pa\u00eds ainda seguem imprecisos, com pelo menos 5 mil mortos. A passagem do furac\u00e3o Daniel e a ruptura das barreiras na cidade de Derna a fizeram praticamente submergir quando o furac\u00e3o atingiu o pa\u00eds no domingo (10\/09). Estima-se que cerca de 10.000 pessoas estejam desaparecidas. Acredita-se que muitas tenham sido levadas pelo mar, e as buscas pelas v\u00edtimas s\u00e3o incessantes.<\/p>\n<p style=\"text-align: justify;\">O Pont\u00edfice havia dirigido suas palavras ao pa\u00eds norte-africano atrav\u00e9s de um telegrama, divulgado na ter\u00e7a-feira (12\/09), assinado pelo secret\u00e1rio de Estado, cardeal Pietro Parolin, e direcionado ao n\u00fancio apost\u00f3lico dom Savio Hon Tai-Fai. No texto, o Papa afirma que recebeu &#8220;com profunda tristeza a not\u00edcia da imensa perda de vidas humanas e na ocasi\u00e3o, expressou tamb\u00e9m &#8220;uma sincera proximidade espiritual aos feridos, aos que temem pelos seus entes queridos desaparecidos e \u00e0s equipes de emerg\u00eancia que prestam socorro e assist\u00eancia&#8221;.<\/p>\n<h2 style=\"text-align: justify;\">No Marrocos, mais de 300 mil pessoas foram afetadas<\/h2>\n<p style=\"text-align: justify;\">Francisco se recordou tamb\u00e9m do terremoto que atingiu o Marrocos: &#8220;meus pensamentos se voltam novamente para o nobre povo marroquino que sofreu esses tremores de terra, esses terremotos. Oremos pelo Marrocos, oremos por seus habitantes. Que o Senhor lhes d\u00ea for\u00e7as para superar esse terr\u00edvel incidente que passou por sua terra&#8221;.<\/p>\n<p style=\"text-align: justify;\">O n\u00famero de mortos pelo terremoto da sexta-feira (08\/09) no Marrocos \u00e9 de aproximadamente 3 mil, e estima-se que cerca de 5,5 mil pessoas foram feridas. De acordo com a Organiza\u00e7\u00e3o Mundial da Sa\u00fade (OMS), mais de 300 mil pessoas foram afetadas pelo terremoto, definido como o mais mortal no Marrocos desde 1960.<\/p>\n<p style=\"text-align: justify;\">Durante a ora\u00e7\u00e3o do Angelus no \u00faltimo domingo (10\/09), o Papa expressou sua proximidade ao povo do Marrocos: &#8220;rezo pelos feridos, por aqueles que perderam a vida &#8211; tantos! &#8211; e por seus familiares. Agrade\u00e7o aos socorristas e a todos os que est\u00e3o trabalhando para aliviar o sofrimento das pessoas; que a ajuda concreta de todos possa apoiar a popula\u00e7\u00e3o neste momento tr\u00e1gico. Estamos pr\u00f3ximos ao povo do Marrocos&#8221;.<\/p>\n<h2 style=\"text-align: justify;\">A mente e o cora\u00e7\u00e3o do Papa est\u00e3o sempre voltados para a Ucr\u00e2nia<\/h2>\n<p style=\"text-align: justify;\">Em suas palavras finais, o Santo Padre recordou ainda a Ucr\u00e2nia e pediu novamente ora\u00e7\u00f5es pela paz e por este martirizado pa\u00eds: &#8220;continuemos a orar pela paz no mundo, especialmente na martirizada Ucr\u00e2nia, cujo sofrimento est\u00e1 sempre presente em nossas mentes e em nossos cora\u00e7\u00f5es.&#8221;<\/p>\n<\/div>\n<\/div>\n","protected":false},"excerpt":{"rendered":"<p>Audi\u00eancia Geral com o Papa Francisco, nesta quarta-feira, 13\/09 \u00a0 (VATICAN MEDIA Divisione Foto) O Papa Francisco, em seu apelo final durante a catequese desta quarta-feira (13\/09), manifestou seu pesar pelas trag\u00e9dias recentes que atingiram a L\u00edbia e o Marrocos. Thulio Fonseca &#8211; Vatican News Ou\u00e7a e compartilhe: No final da audi\u00eancia geral, Francisco expressou [&hellip;]<\/p>\n","protected":false},"author":1,"featured_media":83852,"comment_status":"open","ping_status":"closed","sticky":false,"template":"","format":"standard","meta":{"footnotes":""},"categories":[3],"tags":[],"class_list":["post-83851","post","type-post","status-publish","format-standard","has-post-thumbnail","hentry","category-vaticano"],"_links":{"self":[{"href":"https:\/\/catolicanet.net\/wp-cnet\/wp-json\/wp\/v2\/posts\/83851","targetHints":{"allow":["GET"]}}],"collection":[{"href":"https:\/\/catolicanet.net\/wp-cnet\/wp-json\/wp\/v2\/posts"}],"about":[{"href":"https:\/\/catolicanet.net\/wp-cnet\/wp-json\/wp\/v2\/types\/post"}],"author":[{"embeddable":true,"href":"https:\/\/catolicanet.net\/wp-cnet\/wp-json\/wp\/v2\/users\/1"}],"replies":[{"embeddable":true,"href":"https:\/\/catolicanet.net\/wp-cnet\/wp-json\/wp\/v2\/comments?post=83851"}],"version-history":[{"count":1,"href":"https:\/\/catolicanet.net\/wp-cnet\/wp-json\/wp\/v2\/posts\/83851\/revisions"}],"predecessor-version":[{"id":83853,"href":"https:\/\/catolicanet.net\/wp-cnet\/wp-json\/wp\/v2\/posts\/83851\/revisions\/83853"}],"wp:featuredmedia":[{"embeddable":true,"href":"https:\/\/catolicanet.net\/wp-cnet\/wp-json\/wp\/v2\/media\/83852"}],"wp:attachment":[{"href":"https:\/\/catolicanet.net\/wp-cnet\/wp-json\/wp\/v2\/media?parent=83851"}],"wp:term":[{"taxonomy":"category","embeddable":true,"href":"https:\/\/catolicanet.net\/wp-cnet\/wp-json\/wp\/v2\/categories?post=83851"},{"taxonomy":"post_tag","embeddable":true,"href":"https:\/\/catolicanet.net\/wp-cnet\/wp-json\/wp\/v2\/tags?post=83851"}],"curies":[{"name":"wp","href":"https:\/\/api.w.org\/{rel}","templated":true}]}}