{"id":83812,"date":"2023-09-12T11:19:03","date_gmt":"2023-09-12T14:19:03","guid":{"rendered":"https:\/\/catolicanet.net\/wp-cnet\/?p=83812"},"modified":"2023-09-12T11:19:03","modified_gmt":"2023-09-12T14:19:03","slug":"video-voce-sabia-que-o-diabo-tem-medo-da-virgem-maria","status":"publish","type":"post","link":"https:\/\/catolicanet.net\/wp-cnet\/video-voce-sabia-que-o-diabo-tem-medo-da-virgem-maria\/","title":{"rendered":"[V\u00cdDEO] Voc\u00ea sabia que o diabo tem medo da Virgem Maria?"},"content":{"rendered":"<h2 class=\"subtitle\">Ter um relacionamento pr\u00f3ximo a Sant\u00edssima Virgem Maria \u00e9 uma das formas mais seguras de combater o diabo. Assista ao v\u00eddeo para descobrir a import\u00e2ncia de estar pr\u00f3ximo de Nossa Senhora &#xfe0f;<\/h2>\n<p><iframe loading=\"lazy\" title=\"Voc\u00ea sabia que o diabo tem medo da Virgem Maria?\" frameborder=\"0\" width=\"696\" height=\"696\" src=\"https:\/\/geo.dailymotion.com\/player.html?video=x8nmswn&#038;\" allowfullscreen allow=\"autoplay; fullscreen; picture-in-picture\"><\/iframe><\/p>\n","protected":false},"excerpt":{"rendered":"<p>Ter um relacionamento pr\u00f3ximo a Sant\u00edssima Virgem Maria \u00e9 uma das formas mais seguras de combater o diabo. Assista ao v\u00eddeo para descobrir a import\u00e2ncia de estar pr\u00f3ximo de Nossa Senhora &#xfe0f;<\/p>\n","protected":false},"author":1,"featured_media":83813,"comment_status":"open","ping_status":"closed","sticky":false,"template":"","format":"standard","meta":{"footnotes":""},"categories":[4],"tags":[],"class_list":["post-83812","post","type-post","status-publish","format-standard","has-post-thumbnail","hentry","category-cotidiano"],"_links":{"self":[{"href":"https:\/\/catolicanet.net\/wp-cnet\/wp-json\/wp\/v2\/posts\/83812","targetHints":{"allow":["GET"]}}],"collection":[{"href":"https:\/\/catolicanet.net\/wp-cnet\/wp-json\/wp\/v2\/posts"}],"about":[{"href":"https:\/\/catolicanet.net\/wp-cnet\/wp-json\/wp\/v2\/types\/post"}],"author":[{"embeddable":true,"href":"https:\/\/catolicanet.net\/wp-cnet\/wp-json\/wp\/v2\/users\/1"}],"replies":[{"embeddable":true,"href":"https:\/\/catolicanet.net\/wp-cnet\/wp-json\/wp\/v2\/comments?post=83812"}],"version-history":[{"count":1,"href":"https:\/\/catolicanet.net\/wp-cnet\/wp-json\/wp\/v2\/posts\/83812\/revisions"}],"predecessor-version":[{"id":83814,"href":"https:\/\/catolicanet.net\/wp-cnet\/wp-json\/wp\/v2\/posts\/83812\/revisions\/83814"}],"wp:featuredmedia":[{"embeddable":true,"href":"https:\/\/catolicanet.net\/wp-cnet\/wp-json\/wp\/v2\/media\/83813"}],"wp:attachment":[{"href":"https:\/\/catolicanet.net\/wp-cnet\/wp-json\/wp\/v2\/media?parent=83812"}],"wp:term":[{"taxonomy":"category","embeddable":true,"href":"https:\/\/catolicanet.net\/wp-cnet\/wp-json\/wp\/v2\/categories?post=83812"},{"taxonomy":"post_tag","embeddable":true,"href":"https:\/\/catolicanet.net\/wp-cnet\/wp-json\/wp\/v2\/tags?post=83812"}],"curies":[{"name":"wp","href":"https:\/\/api.w.org\/{rel}","templated":true}]}}