{"id":83792,"date":"2023-09-12T11:05:33","date_gmt":"2023-09-12T14:05:33","guid":{"rendered":"https:\/\/catolicanet.net\/wp-cnet\/?p=83792"},"modified":"2023-09-12T11:05:33","modified_gmt":"2023-09-12T14:05:33","slug":"seminario-biblico-sobre-o-mes-da-biblia-2023-apresenta-experiencias-de-circulos-biblicos-pelo-pais","status":"publish","type":"post","link":"https:\/\/catolicanet.net\/wp-cnet\/seminario-biblico-sobre-o-mes-da-biblia-2023-apresenta-experiencias-de-circulos-biblicos-pelo-pais\/","title":{"rendered":"SEMIN\u00c1RIO B\u00cdBLICO SOBRE O M\u00caS DA B\u00cdBLIA 2023 APRESENTA EXPERI\u00caNCIAS DE C\u00cdRCULOS B\u00cdBLICOS PELO PA\u00cdS"},"content":{"rendered":"<p style=\"text-align: justify;\">De 11 a 13 de setembro, \u00e0s 19h30, de forma online, a Comiss\u00e3o para a Anima\u00e7\u00e3o B\u00edblico-Catequ\u00e9tica da Confer\u00eancia Nacional dos Bispos do Brasil (CNBB) realizar\u00e1 o Semin\u00e1rio B\u00edblico sobre o M\u00eas da B\u00edblia 2023. A forma\u00e7\u00e3o al\u00e9m de apresentar os subs\u00eddios do M\u00eas da B\u00edblia divulgar\u00e1 algumas experi\u00eancias de c\u00edrculos b\u00edblicos pelo pa\u00eds. O semin\u00e1rio ter\u00e1 a media\u00e7\u00e3o dos assessores da Comiss\u00e3o, padre Wagner Carvalho e Mariana Ven\u00e2ncio, e ser\u00e1 transmitido nas\u00a0<a title=\"\" href=\"https:\/\/www.youtube.com\/watch?v=HYN2fx199jk\" target=\"_blank\" rel=\"noopener\" data-rel=\"lightbox-video-0\">redes sociais da CNBB<\/a>.<\/p>\n<p style=\"text-align: justify;\">O primeiro dia da forma\u00e7\u00e3o, 11, contar\u00e1 com uma palavra de acolhida do presidente da Comiss\u00e3o, dom Leomar Ant\u00f4nio Brustolin e, na sequ\u00eancia, a irm\u00e3<span data-contrast=\"auto\">\u00a0Maria Aparecida Barboza<\/span><span data-ccp-props=\"{&quot;201341983&quot;:0,&quot;335559740&quot;:259}\">\u00a0falar\u00e1 sobre os passos pedag\u00f3gicos para uma anima\u00e7\u00e3o b<\/span><span data-contrast=\"auto\">\u00edblica da vida e\u202fda\u202fpastoral.<\/span><\/p>\n<div class=\"ast-oembed-container\" style=\"text-align: justify;\"><iframe loading=\"lazy\" title=\"Semin\u00e1rio B\u00edblico - M\u00eas da B\u00edblia | Live 1\" src=\"https:\/\/www.youtube.com\/embed\/HYN2fx199jk?feature=oembed\" width=\"1200\" height=\"675\" frameborder=\"0\" allowfullscreen=\"allowfullscreen\" data-mce-fragment=\"1\"><\/iframe><\/div>\n<p style=\"text-align: justify;\">\n<p style=\"text-align: justify;\">O segundo dia do semin\u00e1rio, 12, ser\u00e1 dedicado \u00e0s<span data-contrast=\"auto\">\u00a0experi\u00eancias de c\u00edrculos b\u00edblicos pelo pa\u00eds.\u00a0<\/span><span data-ccp-props=\"{&quot;201341983&quot;:0,&quot;335559740&quot;:259}\">\u00a0<\/span><\/p>\n<div class=\"ast-oembed-container\" style=\"text-align: justify;\"><iframe loading=\"lazy\" title=\"Semin\u00e1rio B\u00edblico - M\u00eas da B\u00edblia | Live 2\" src=\"https:\/\/www.youtube.com\/embed\/V2_Xa28kD_c?feature=oembed\" width=\"1200\" height=\"675\" frameborder=\"0\" allowfullscreen=\"allowfullscreen\" data-mce-fragment=\"1\"><\/iframe><\/div>\n<p style=\"text-align: justify;\">\n<p style=\"text-align: justify;\">E o \u00faltimo dia, 13, ter\u00e1 uma apresenta\u00e7\u00e3o das irm\u00e3s\u00a0<span data-contrast=\"auto\">M\u00e1rcia Eloi e Luciene Gon\u00e7alves\u00a0<\/span>sobre o livro b\u00edblico escolhido para aprofundamento do M\u00eas da B\u00edblia \u2013 a Carta aos Ef\u00e9sios. As duas s\u00e3o autoras do texto-base deste ano.<\/p>\n<div class=\"ast-oembed-container\" style=\"text-align: justify;\"><iframe loading=\"lazy\" title=\"Semin\u00e1rio B\u00edblico - M\u00eas da B\u00edblia | Live 3\" src=\"https:\/\/www.youtube.com\/embed\/KhJOcFDN5jY?feature=oembed\" width=\"1200\" height=\"675\" frameborder=\"0\" allowfullscreen=\"allowfullscreen\" data-mce-fragment=\"1\"><\/iframe><\/div>\n<h3 style=\"text-align: justify;\"><strong>M\u00eas da B\u00edblia 2023<\/strong><\/h3>\n<figure id=\"attachment_944232\" class=\"wp-caption alignright\" style=\"text-align: justify;\" aria-describedby=\"caption-attachment-944232\"><img loading=\"lazy\" decoding=\"async\" class=\"wp-image-944232 size-medium\" src=\"https:\/\/www.cnbb.org.br\/wp-content\/uploads\/2023\/05\/Mes-da-Biblia-2023-270x300.png\" sizes=\"auto, (max-width: 270px) 100vw, 270px\" srcset=\"https:\/\/www.cnbb.org.br\/wp-content\/uploads\/2023\/05\/Mes-da-Biblia-2023-270x300.png 270w, https:\/\/www.cnbb.org.br\/wp-content\/uploads\/2023\/05\/Mes-da-Biblia-2023.png 330w\" alt=\"\" width=\"270\" height=\"300\" \/><figcaption id=\"caption-attachment-944232\" class=\"wp-caption-text\">Texto-base do M\u00eas da B\u00edblia 2023 sobre a Carta aos Ef\u00e9sios<\/figcaption><\/figure>\n<p style=\"text-align: justify;\">O M\u00eas da B\u00edblia, celebrado em setembro, \u00e9 um convite especial para todas as pessoas que gostam de estudar a Palavra de Deus.<\/p>\n<p style=\"text-align: justify;\">Em 2023, o Livro b\u00edblico escolhido para aprofundamento \u00e9 a Carta aos Ef\u00e9sios, com a inspira\u00e7\u00e3o: \u201cVestir-se da nova humanidade! (cf. Ef 4,24)\u201d.<\/p>\n<p style=\"text-align: justify;\">O subs\u00eddio procura explorar o sentido da unidade do Corpo de Cristo, que significa a viv\u00eancia como filhos e filhas reconciliados com Deus, e assumir, no cotidiano, a vida nova experimentada no Batismo individualmente e em comunidade.<\/p>\n<h3 style=\"text-align: justify;\"><strong>Onde encontrar:<\/strong><\/h3>\n<p style=\"text-align: justify;\">O texto-base para o M\u00eas da B\u00edblia 2023 pode ser adquirido no site da\u00a0<a href=\"https:\/\/www.edicoescnbb.com.br\/sagrada-escritura\/mes-da-biblia\/mes-da-biblia-2023-carta-aos-efesios\" target=\"_blank\" rel=\"noopener\">Edi\u00e7\u00f5es CNBB.<\/a><\/p>\n","protected":false},"excerpt":{"rendered":"<p>De 11 a 13 de setembro, \u00e0s 19h30, de forma online, a Comiss\u00e3o para a Anima\u00e7\u00e3o B\u00edblico-Catequ\u00e9tica da Confer\u00eancia Nacional dos Bispos do Brasil (CNBB) realizar\u00e1 o Semin\u00e1rio B\u00edblico sobre o M\u00eas da B\u00edblia 2023. A forma\u00e7\u00e3o al\u00e9m de apresentar os subs\u00eddios do M\u00eas da B\u00edblia divulgar\u00e1 algumas experi\u00eancias de c\u00edrculos b\u00edblicos pelo pa\u00eds. O [&hellip;]<\/p>\n","protected":false},"author":1,"featured_media":83793,"comment_status":"open","ping_status":"closed","sticky":false,"template":"","format":"standard","meta":{"footnotes":""},"categories":[7,13],"tags":[],"class_list":["post-83792","post","type-post","status-publish","format-standard","has-post-thumbnail","hentry","category-cnbb","category-featured"],"_links":{"self":[{"href":"https:\/\/catolicanet.net\/wp-cnet\/wp-json\/wp\/v2\/posts\/83792","targetHints":{"allow":["GET"]}}],"collection":[{"href":"https:\/\/catolicanet.net\/wp-cnet\/wp-json\/wp\/v2\/posts"}],"about":[{"href":"https:\/\/catolicanet.net\/wp-cnet\/wp-json\/wp\/v2\/types\/post"}],"author":[{"embeddable":true,"href":"https:\/\/catolicanet.net\/wp-cnet\/wp-json\/wp\/v2\/users\/1"}],"replies":[{"embeddable":true,"href":"https:\/\/catolicanet.net\/wp-cnet\/wp-json\/wp\/v2\/comments?post=83792"}],"version-history":[{"count":1,"href":"https:\/\/catolicanet.net\/wp-cnet\/wp-json\/wp\/v2\/posts\/83792\/revisions"}],"predecessor-version":[{"id":83794,"href":"https:\/\/catolicanet.net\/wp-cnet\/wp-json\/wp\/v2\/posts\/83792\/revisions\/83794"}],"wp:featuredmedia":[{"embeddable":true,"href":"https:\/\/catolicanet.net\/wp-cnet\/wp-json\/wp\/v2\/media\/83793"}],"wp:attachment":[{"href":"https:\/\/catolicanet.net\/wp-cnet\/wp-json\/wp\/v2\/media?parent=83792"}],"wp:term":[{"taxonomy":"category","embeddable":true,"href":"https:\/\/catolicanet.net\/wp-cnet\/wp-json\/wp\/v2\/categories?post=83792"},{"taxonomy":"post_tag","embeddable":true,"href":"https:\/\/catolicanet.net\/wp-cnet\/wp-json\/wp\/v2\/tags?post=83792"}],"curies":[{"name":"wp","href":"https:\/\/api.w.org\/{rel}","templated":true}]}}