{"id":83788,"date":"2023-09-12T11:01:18","date_gmt":"2023-09-12T14:01:18","guid":{"rendered":"https:\/\/catolicanet.net\/wp-cnet\/?p=83788"},"modified":"2023-09-12T11:01:18","modified_gmt":"2023-09-12T14:01:18","slug":"o-valor-da-cruz-no-seguimento-a-jesus","status":"publish","type":"post","link":"https:\/\/catolicanet.net\/wp-cnet\/o-valor-da-cruz-no-seguimento-a-jesus\/","title":{"rendered":"O valor da cruz no seguimento a Jesus"},"content":{"rendered":"<figure class=\"article__image\" style=\"text-align: justify;\"><span class=\"didascalia_img\">UKRAINE-RUSSIA-CONFLICT-WAR\u00a0 (AFP or licensors)<\/span><\/figure>\n<div class=\"article__meta \" data-mediatype=\"\">\n<div class=\"article__subTitle\" style=\"text-align: justify;\">&#8220;A cruz \u00e9 sinal de vida e de salva\u00e7\u00e3o, porque Jesus a assumiu e ele quer que todas as pessoas que o seguem renunciem a si mesmas, assumam a cruz e o sigam de fato. Ela possibilita a unidade da pessoa com Jesus para passar da cruz \u00e0 gl\u00f3ria da ressurrei\u00e7\u00e3o. Jesus morreu na cruz para a vida de todas as pessoas e do mundo inteiro para assim chegar \u00e1 vida eterna com o Senhor Jesus.&#8221;<\/div>\n<div class=\"title__separator\" style=\"text-align: justify;\"><\/div>\n<div class=\"article__text\">\n<p style=\"text-align: justify;\"><b>Por Dom Vital Corbellini, Bispo de Marab\u00e1\u00a0 (PA)<\/b><\/p>\n<p style=\"text-align: justify;\">A cruz tem um grande valor para os crist\u00e3os porque ela \u00e9 a condi\u00e7\u00e3o essencial para seguir a Jesus e receber a dignidade de se unir com Ele. A sua palavra direciona a vida no sentido da liberdade humana: \u201cSe algu\u00e9m quer me seguir, renuncie a si mesmo, tome a sua cruz e me siga\u201d (Mt 16, 24). Numa outra ocasi\u00e3o, o Senhor tamb\u00e9m disse que quem n\u00e3o toma a sua cruz e o siga, n\u00e3o \u00e9 digno dele (Mt 10, 38). S\u00e3o Paulo tinha presentes que \u201cA palavra da cruz \u00e9 loucura para os que se perdem, mas para os que s\u00e3o salvos, para n\u00f3s, ela \u00e9 poder de Deus\u201d (1 Cor 1,18). O Ap\u00f3stolo tamb\u00e9m dizia que a prega\u00e7\u00e3o do Cristo crucificado era esc\u00e2ndalo para os judeus e era loucura para os gentios (1 Cor 1, 23). A cruz \u00e9 sinal de vida, de salva\u00e7\u00e3o, porque o Senhor deu a sua vida para toda a humanidade, passando pela cruz e assim ele chegou \u00e0 gl\u00f3ria da ressurrei\u00e7\u00e3o. O valor da cruz esteve presente na teologia dos padres da Igreja. \u00c9 importante ver as suas considera\u00e7\u00f5es em vista da vida verdadeira que vem da cruz do Salvador.<\/p>\n<h2 style=\"text-align: justify;\">A cruz como gl\u00f3ria e for\u00e7a humana e divina<\/h2>\n<p style=\"text-align: justify;\">S\u00e3o Jo\u00e3o Cris\u00f3stomo, bispo de Constantinopla, nos s\u00e9culos IV e V afirmou a import\u00e2ncia da cruz como gl\u00f3ria e for\u00e7a pela realidade humana e pela realidade divina. Ele dizia que nenhuma pessoa se envergonhe dos sinais sagrados e vener\u00e1veis da nossa salva\u00e7\u00e3o, da cruz que \u00e9 o v\u00e9rtice dos bens humanos, pelos quais as pessoas vivem e s\u00e3o aquilo que s\u00e3o. Ele convidava as pessoas para carregarem a cruz de Jesus como uma coroa, porque tudo se consome nela. Tanto o batismo, porque a pessoa \u00e9 regenerada por causa da presen\u00e7a da cruz como tamb\u00e9m os fieis se alimentam do m\u00edstico alimento que \u00e9 o corpo de Cristo, s\u00e3o impostas as m\u00e3os para serem consagrados pelos ministros do Senhor, sempre \u00e9 dado pelo s\u00edmbolo da vit\u00f3ria, que \u00e9 a cruz<a href=\"https:\/\/www.vaticannews.va\/pt\/igreja\/news\/2023-09\/valor-da-cruz-no-seguimento-a-jesus.html#_ftn1\" target=\"_blank\" rel=\"external nofollow noopener\" name=\"_ftnref1\">[1]<\/a>.<\/p>\n<h2 style=\"text-align: justify;\">Em tudo \u00e9 dado a cruz, sinal de salva\u00e7\u00e3o<\/h2>\n<p style=\"text-align: justify;\">S\u00e3o Jo\u00e3o Cris\u00f3stomo continuou o seu pensamento afirmando que a cruz \u00e9 conservada sobre as casas, \u00e9 desenhada sobre as paredes, \u00e9 gravada sobre as portas, \u00e9 impressa sobre a cabe\u00e7a, e na mente, \u00e9 carregada no cora\u00e7\u00e3o humano. A cruz \u00e9 de fato o sinal da salva\u00e7\u00e3o humana e da comum liberdade do g\u00eanero humano, sendo tamb\u00e9m o sinal da miseric\u00f3rdia do Senhor que por amor de todas as pessoas deixou-se conduzir como ovelha ao matadouro (At 8,32)<a href=\"https:\/\/www.vaticannews.va\/pt\/igreja\/news\/2023-09\/valor-da-cruz-no-seguimento-a-jesus.html#_ftn2\" target=\"_blank\" rel=\"external nofollow noopener\" name=\"_ftnref2\">[2]<\/a>. Quando a pessoa faz o sinal na fronte, lembra todo o mist\u00e9rio da cruz e apaga nela as limita\u00e7\u00f5es e os pecados. O Ap\u00f3stolo S\u00e3o Paulo afirmou que as pessoas foram compradas por alto pre\u00e7o por causa da cruz e do sangue do Senhor (1 Cor 7,23), chamando a cruz com pre\u00e7o do resgate<a href=\"https:\/\/www.vaticannews.va\/pt\/igreja\/news\/2023-09\/valor-da-cruz-no-seguimento-a-jesus.html#_ftn3\" target=\"_blank\" rel=\"external nofollow noopener\" name=\"_ftnref3\">[3]<\/a>. S\u00e3o Jo\u00e3o afirmou que \u00e9 preciso abra\u00e7ar a cruz, a qual deve a salva\u00e7\u00e3o das almas humanas. Era a cruz que salvou e ela converteu o mundo do erro, estabelecendo a verdade em Jesus<a href=\"https:\/\/www.vaticannews.va\/pt\/igreja\/news\/2023-09\/valor-da-cruz-no-seguimento-a-jesus.html#_ftn4\" target=\"_blank\" rel=\"external nofollow noopener\" name=\"_ftnref4\">[4]<\/a>.<\/p>\n<h2 style=\"text-align: justify;\">A cruz no seu mist\u00e9rio e dimens\u00e3o maior<\/h2>\n<p style=\"text-align: justify;\">S\u00e3o Greg\u00f3rio de Nissa, Bispo no s\u00e9culo IV afirmou que a cruz contem o mist\u00e9rio, pois na morte de Jesus existiu o lado humano, e na maneira de morrer, existiu o elemento divino. O Bispo disse que aquele que sobre a cruz se estendeu no momento oportuno, segundo o plano da salva\u00e7\u00e3o, atrav\u00e9s da morte \u00e9 o mesmo que estreitou a si mesmo o universo, reunindo mediante a sua Pessoa as diversas naturezas dos seres vivos numa s\u00f3 harmonia<a href=\"https:\/\/www.vaticannews.va\/pt\/igreja\/news\/2023-09\/valor-da-cruz-no-seguimento-a-jesus.html#_ftn5\" target=\"_blank\" rel=\"external nofollow noopener\" name=\"_ftnref5\">[5]<\/a>. A cruz englobou segundo S\u00e3o Greg\u00f3rio a dimens\u00e3o maior, de amor a Deus e a toda a humanidade na sua radicalidade<a href=\"https:\/\/www.vaticannews.va\/pt\/igreja\/news\/2023-09\/valor-da-cruz-no-seguimento-a-jesus.html#_ftn6\" target=\"_blank\" rel=\"external nofollow noopener\" name=\"_ftnref6\">[6]<\/a>.<\/p>\n<h2 style=\"text-align: justify;\">A cruz, como forma do seguimento a Jesus<\/h2>\n<p style=\"text-align: justify;\">S\u00e3o Jer\u00f4nimo, Padre da Igreja nos s\u00e9culos IV e V, afirmou a cruz como forma de seguimento a Jesus porque como o Evangelho diz que se a pessoa n\u00e3o carrega a sua cruz e n\u00e3o segue a Jesus n\u00e3o pode ser seu disc\u00edpulo (Lc 14,27). A pessoa deve se atrair pela cruz para ser disc\u00edpulo do Senhor, pela pr\u00e1tica das boas obras. Por isso S\u00e3o Jer\u00f4nimo disse que \u00e9 feliz o fiel que carrega no seu intimo a cruz, a Ressurrei\u00e7\u00e3o, a Ascens\u00e3o do Senhor, porque a cada dia Ele vem \u00e0 pessoa pela cruz<a href=\"https:\/\/www.vaticannews.va\/pt\/igreja\/news\/2023-09\/valor-da-cruz-no-seguimento-a-jesus.html#_ftn7\" target=\"_blank\" rel=\"external nofollow noopener\" name=\"_ftnref7\">[7]<\/a>.<\/p>\n<h2 style=\"text-align: justify;\">A cruz, a obra maravilhosa de Deus em Jesus<\/h2>\n<p style=\"text-align: justify;\">S\u00e3o Jo\u00e3o Damasceno, Padre da Igreja, nos s\u00e9culos VII e VIII afirmou que a cruz foi a obra maravilhosa de Deus em seu Filho, Jesus, a sua vener\u00e1vel cruz. Foi gra\u00e7as a ela que a morte foi eliminada, porque Jesus a venceu com a sua morte redentora, pois, o pecado das origens recebeu sua expia\u00e7\u00e3o, o inferno foi derrotado, a ressurrei\u00e7\u00e3o foi concedida, e atrav\u00e9s da cruz foi elevada a humanidade \u00e0 direita de Deus, atrav\u00e9s de Jesus<a href=\"https:\/\/www.vaticannews.va\/pt\/igreja\/news\/2023-09\/valor-da-cruz-no-seguimento-a-jesus.html#_ftn8\" target=\"_blank\" rel=\"external nofollow noopener\" name=\"_ftnref8\">[8]<\/a>. Segundo S\u00e3o Jo\u00e3o, a morte de Cristo, isto \u00e9, a cruz revestiu o ser humano do aut\u00eantico poder e sabedoria de Deus, porque a vit\u00f3ria sobre a morte foi mostrada pela cruz, unindo em si, no Cristo Jesus toda a dimens\u00e3o humana, material e invis\u00edvel<a href=\"https:\/\/www.vaticannews.va\/pt\/igreja\/news\/2023-09\/valor-da-cruz-no-seguimento-a-jesus.html#_ftn9\" target=\"_blank\" rel=\"external nofollow noopener\" name=\"_ftnref9\">[9]<\/a>.<\/p>\n<h2 style=\"text-align: justify;\">A cruz, instrumentos da gra\u00e7a<\/h2>\n<p style=\"text-align: justify;\">Segundo S\u00e3o Jo\u00e3o Damasceno a cruz trouxe muitas gra\u00e7as para todas as pessoas. Ela foi escudo, a coura\u00e7a e o trof\u00e9u contra o dem\u00f4nio, sendo tamb\u00e9m o bast\u00e3o dos enfermos, para conduzir o rebanho, o progresso dos fieis dos sacramentos da inicia\u00e7\u00e3o \u00e0 vida crist\u00e3, a sa\u00fade da alma e do corpo, o rem\u00e9dio de todos os males, a fonte de todo o bem, a morte do pecado, a planta da ressurrei\u00e7\u00e3o, a \u00e1rvore da vida eterna<a href=\"https:\/\/www.vaticannews.va\/pt\/igreja\/news\/2023-09\/valor-da-cruz-no-seguimento-a-jesus.html#_ftn10\" target=\"_blank\" rel=\"external nofollow noopener\" name=\"_ftnref10\">[10]<\/a>. Esta madeira preciosa e digna de venera\u00e7\u00e3o, sobre a qual Jesus se sacrificou para toda a humanidade, seja objeto da adora\u00e7\u00e3o de toda a pessoa, uma vez que foi santificada pelo contato com o sant\u00edssimo corpo e sangue do Senhor<a href=\"https:\/\/www.vaticannews.va\/pt\/igreja\/news\/2023-09\/valor-da-cruz-no-seguimento-a-jesus.html#_ftn11\" target=\"_blank\" rel=\"external nofollow noopener\" name=\"_ftnref11\">[11]<\/a>.<\/p>\n<h2 style=\"text-align: justify;\">A cruz, a grande gl\u00f3ria<\/h2>\n<p style=\"text-align: justify;\">S\u00e3o Cirilo de Jerusal\u00e9m Bispo do s\u00e9culo IV afirmou que a cruz foi grande gl\u00f3ria de vida para a humanidade. Ela iluminou quem era cego da ignor\u00e2ncia, libertando todas as pessoas prisioneiras do pecado e levando a reden\u00e7\u00e3o \u00e0 humanidade inteira<a href=\"https:\/\/www.vaticannews.va\/pt\/igreja\/news\/2023-09\/valor-da-cruz-no-seguimento-a-jesus.html#_ftn12\" target=\"_blank\" rel=\"external nofollow noopener\" name=\"_ftnref12\">[12]<\/a>. O universo inteiro foi redimido na sua totalidade porque aquele que morreu sobre a cruz era o Filho Unig\u00eanito de Deus. Se o pecado de um s\u00f3 reinou sobre a humanidade, tamb\u00e9m pela gra\u00e7a de Deus, em Jesus reinou a vida de uma forma abundante (Rm 5,17). Se o primeiro homem foi a causa da morte universal, o segundo homem, Jesus foi a causa da vida universal, atrav\u00e9s de sua doa\u00e7\u00e3o na cruz e ressurrei\u00e7\u00e3o (Jo 14,6). Assim a cruz do Salvador \u00e9 para todas as pessoas que o seguem, salva\u00e7\u00e3o<a href=\"https:\/\/www.vaticannews.va\/pt\/igreja\/news\/2023-09\/valor-da-cruz-no-seguimento-a-jesus.html#_ftn13\" target=\"_blank\" rel=\"external nofollow noopener\" name=\"_ftnref13\">[13]<\/a>.<\/p>\n<p style=\"text-align: justify;\">A cruz \u00e9 sinal de vida e de salva\u00e7\u00e3o, porque Jesus a assumiu e ele quer que todas as pessoas que o seguem renunciem a si mesmas, assumam a cruz e o sigam de fato. Ela possibilita a unidade da pessoa com Jesus para passar da cruz \u00e0 gl\u00f3ria da ressurrei\u00e7\u00e3o. Jesus morreu na cruz para a vida de todas as pessoas e do mundo inteiro para assim chegar \u00e1 vida eterna com o Senhor Jesus.<\/p>\n<p style=\"text-align: justify;\"><a href=\"https:\/\/www.vaticannews.va\/pt\/igreja\/news\/2023-09\/valor-da-cruz-no-seguimento-a-jesus.html#_ftnref1\" target=\"_blank\" rel=\"external nofollow noopener\" name=\"_ftn1\">[1]<\/a>\u00a0Cfr. Giovanni Crisostomo.\u00a0<i>Commento al Vangelo di San Matteo, 54, 4-5<\/i>. In:\u00a0<i>La teologia dei padri<\/i>, v. 2. Citt\u00e0 Nuova Editrice, Roma, 1982, pg. 140.<br \/>\n<a href=\"https:\/\/www.vaticannews.va\/pt\/igreja\/news\/2023-09\/valor-da-cruz-no-seguimento-a-jesus.html#_ftnref2\" target=\"_blank\" rel=\"external nofollow noopener\" name=\"_ftn2\">[2]<\/a>\u00a0Cfr.\u00a0<i>Ibidem<\/i>, pg. 140.<br \/>\n<a href=\"https:\/\/www.vaticannews.va\/pt\/igreja\/news\/2023-09\/valor-da-cruz-no-seguimento-a-jesus.html#_ftnref3\" target=\"_blank\" rel=\"external nofollow noopener\" name=\"_ftn3\">[3]<\/a>\u00a0Cfr.\u00a0<i>Ibidem<\/i>, pg. 140.<br \/>\n<a href=\"https:\/\/www.vaticannews.va\/pt\/igreja\/news\/2023-09\/valor-da-cruz-no-seguimento-a-jesus.html#_ftnref4\" target=\"_blank\" rel=\"external nofollow noopener\" name=\"_ftn4\">[4]<\/a>\u00a0Cfr.\u00a0<i>Ibidem<\/i>, pg. 141.<br \/>\n<a href=\"https:\/\/www.vaticannews.va\/pt\/igreja\/news\/2023-09\/valor-da-cruz-no-seguimento-a-jesus.html#_ftnref5\" target=\"_blank\" rel=\"external nofollow noopener\" name=\"_ftn5\">[5]<\/a>\u00a0Cfr. Greg\u00f3rio de Nissa.<i>\u00a0A grande Catequese, XXXII, 5-7.<\/i>\u00a0Paulus, SP, 2011, pgs. 359-360.<br \/>\n<a href=\"https:\/\/www.vaticannews.va\/pt\/igreja\/news\/2023-09\/valor-da-cruz-no-seguimento-a-jesus.html#_ftnref6\" target=\"_blank\" rel=\"external nofollow noopener\" name=\"_ftn6\">[6]<\/a>\u00a0Cfr.<i>\u00a0Ibidem<\/i>, 361.<br \/>\n<a href=\"https:\/\/www.vaticannews.va\/pt\/igreja\/news\/2023-09\/valor-da-cruz-no-seguimento-a-jesus.html#_ftnref7\" target=\"_blank\" rel=\"external nofollow noopener\" name=\"_ftn7\">[7]<\/a>\u00a0Cfr. Girolamo.<i>\u00a0Commento al Salmo 95<\/i>. In:\u00a0<i>La teologia dei padri<\/i>, v. 2, pg. 143.<br \/>\n<a href=\"https:\/\/www.vaticannews.va\/pt\/igreja\/news\/2023-09\/valor-da-cruz-no-seguimento-a-jesus.html#_ftnref8\" target=\"_blank\" rel=\"external nofollow noopener\" name=\"_ftn8\">[8]<\/a>\u00a0Cfr. Giovanni Damasceno.\u00a0<i>Esposizione della fede ortodossa, 4,11<\/i>. Idem, pg. 144.<br \/>\n<a href=\"https:\/\/www.vaticannews.va\/pt\/igreja\/news\/2023-09\/valor-da-cruz-no-seguimento-a-jesus.html#_ftnref9\" target=\"_blank\" rel=\"external nofollow noopener\" name=\"_ftn9\">[9]<\/a>\u00a0Cfr.\u00a0<i>Ibidem<\/i>, pg. 144.<br \/>\n<a href=\"https:\/\/www.vaticannews.va\/pt\/igreja\/news\/2023-09\/valor-da-cruz-no-seguimento-a-jesus.html#_ftnref10\" target=\"_blank\" rel=\"external nofollow noopener\" name=\"_ftn10\">[10]<\/a>\u00a0Cfr.\u00a0<i>Ibidem<\/i>, pg. 144.<br \/>\n<a href=\"https:\/\/www.vaticannews.va\/pt\/igreja\/news\/2023-09\/valor-da-cruz-no-seguimento-a-jesus.html#_ftnref11\" target=\"_blank\" rel=\"external nofollow noopener\" name=\"_ftn11\">[11]<\/a>\u00a0Cfr.\u00a0<i>Ibidem<\/i>, pg. 144.<br \/>\n<a href=\"https:\/\/www.vaticannews.va\/pt\/igreja\/news\/2023-09\/valor-da-cruz-no-seguimento-a-jesus.html#_ftnref12\" target=\"_blank\" rel=\"external nofollow noopener\" name=\"_ftn12\">[12]<\/a>\u00a0Cfr. Cirillo di Gerusalemme.<i>\u00a0Catechesi battesimali, 13, 1-13<\/i>. In:\u00a0<i>Idem<\/i>, pg. 146.<br \/>\n<a href=\"https:\/\/www.vaticannews.va\/pt\/igreja\/news\/2023-09\/valor-da-cruz-no-seguimento-a-jesus.html#_ftnref13\" target=\"_blank\" rel=\"external nofollow noopener\" name=\"_ftn13\">[13]<\/a>\u00a0Cfr.\u00a0<i>Ibidem<\/i>, pg. 146.<\/p>\n<\/div>\n<\/div>\n","protected":false},"excerpt":{"rendered":"<p>UKRAINE-RUSSIA-CONFLICT-WAR\u00a0 (AFP or licensors) &#8220;A cruz \u00e9 sinal de vida e de salva\u00e7\u00e3o, porque Jesus a assumiu e ele quer que todas as pessoas que o seguem renunciem a si mesmas, assumam a cruz e o sigam de fato. Ela possibilita a unidade da pessoa com Jesus para passar da cruz \u00e0 gl\u00f3ria da ressurrei\u00e7\u00e3o. [&hellip;]<\/p>\n","protected":false},"author":1,"featured_media":83789,"comment_status":"open","ping_status":"closed","sticky":false,"template":"","format":"standard","meta":{"footnotes":""},"categories":[3],"tags":[],"class_list":["post-83788","post","type-post","status-publish","format-standard","has-post-thumbnail","hentry","category-vaticano"],"_links":{"self":[{"href":"https:\/\/catolicanet.net\/wp-cnet\/wp-json\/wp\/v2\/posts\/83788","targetHints":{"allow":["GET"]}}],"collection":[{"href":"https:\/\/catolicanet.net\/wp-cnet\/wp-json\/wp\/v2\/posts"}],"about":[{"href":"https:\/\/catolicanet.net\/wp-cnet\/wp-json\/wp\/v2\/types\/post"}],"author":[{"embeddable":true,"href":"https:\/\/catolicanet.net\/wp-cnet\/wp-json\/wp\/v2\/users\/1"}],"replies":[{"embeddable":true,"href":"https:\/\/catolicanet.net\/wp-cnet\/wp-json\/wp\/v2\/comments?post=83788"}],"version-history":[{"count":1,"href":"https:\/\/catolicanet.net\/wp-cnet\/wp-json\/wp\/v2\/posts\/83788\/revisions"}],"predecessor-version":[{"id":83790,"href":"https:\/\/catolicanet.net\/wp-cnet\/wp-json\/wp\/v2\/posts\/83788\/revisions\/83790"}],"wp:featuredmedia":[{"embeddable":true,"href":"https:\/\/catolicanet.net\/wp-cnet\/wp-json\/wp\/v2\/media\/83789"}],"wp:attachment":[{"href":"https:\/\/catolicanet.net\/wp-cnet\/wp-json\/wp\/v2\/media?parent=83788"}],"wp:term":[{"taxonomy":"category","embeddable":true,"href":"https:\/\/catolicanet.net\/wp-cnet\/wp-json\/wp\/v2\/categories?post=83788"},{"taxonomy":"post_tag","embeddable":true,"href":"https:\/\/catolicanet.net\/wp-cnet\/wp-json\/wp\/v2\/tags?post=83788"}],"curies":[{"name":"wp","href":"https:\/\/api.w.org\/{rel}","templated":true}]}}