{"id":83746,"date":"2023-09-11T09:24:49","date_gmt":"2023-09-11T12:24:49","guid":{"rendered":"https:\/\/catolicanet.net\/wp-cnet\/?p=83746"},"modified":"2023-09-11T11:34:06","modified_gmt":"2023-09-11T14:34:06","slug":"o-papa-o-ecumenismo-pastoral-e-o-caminho-natural-para-a-plena-unidade","status":"publish","type":"post","link":"https:\/\/catolicanet.net\/wp-cnet\/o-papa-o-ecumenismo-pastoral-e-o-caminho-natural-para-a-plena-unidade\/","title":{"rendered":"O Papa: o ecumenismo pastoral \u00e9 o caminho natural para a plena unidade"},"content":{"rendered":"<figure class=\"article__image\"><span class=\"didascalia_img\">O Papa durante a audi\u00eancia com o Catholicos Baselios Marthoma Mathews III\u00a0 (VATICAN MEDIA Divisione Foto)<\/span><\/figure>\n<div class=\"article__meta audioInside\" data-mediatype=\"\">\n<div class=\"article__subTitle\">Francisco recebeu em audi\u00eancia Baselios Marthoma Mathews III, Catholicos da Igreja Ortodoxa Siro-Malankar, pela primeira vez no Vaticano desde a sua elei\u00e7\u00e3o em 2021. Em seu discurso, o Pont\u00edfice enalteceu o trabalho do \u201cecumenismo pastoral\u201d traduzido em acordos e decis\u00f5es comuns. Recordou que um delegado da Igreja Ortodoxa Siro-Malankar participar\u00e1 da pr\u00f3xima Assembleia do S\u00ednodo dos Bispos.<\/div>\n<div class=\"title__separator\"><\/div>\n<div class=\"article__text\">\n<p><b>Mariangela Jaguraba &#8211; Vatican News<\/b><\/p>\n<p>O Papa Francisco recebeu em audi\u00eancia, nesta segunda-feira (11\/09), no Vaticano, Sua Santidade Baselios Marthoma Mathews III, Catholicos do Oriente e Metropolita da Igreja Ortodoxa Siro-Malankar, e sua comitiva.<\/p>\n<div>\n<div class=\"article__embed article__embed--unwrap article__embed--dark\">\n<div class=\"article__innerTitle\">Ou\u00e7a e compartilhe<\/div>\n<div>\n<!--[if lt IE 9]><script>document.createElement('audio');<\/script><![endif]-->\n<audio class=\"wp-audio-shortcode\" id=\"audio-83746-1\" preload=\"none\" style=\"width: 100%;\" controls=\"controls\"><source type=\"audio\/mpeg\" src=\"https:\/\/media.vaticannews.va\/media\/audio\/s1\/2023\/09\/11\/12\/137303308_F137303308.mp3?_=1\" \/><a href=\"https:\/\/media.vaticannews.va\/media\/audio\/s1\/2023\/09\/11\/12\/137303308_F137303308.mp3\">https:\/\/media.vaticannews.va\/media\/audio\/s1\/2023\/09\/11\/12\/137303308_F137303308.mp3<\/a><\/audio>\n<\/div>\n<\/div>\n<\/div>\n<p>Francisco agradeceu a Deus &#8220;pelos la\u00e7os criados nas \u00faltimas d\u00e9cadas&#8221;. &#8220;<b>A aproxima\u00e7\u00e3o de nossas Igrejas, ap\u00f3s s\u00e9culos de separa\u00e7\u00e3o, come\u00e7ou com o Conc\u00edlio Vaticano II, ao qual a Igreja Ortodoxa Siro-Malankar enviou alguns observadores<\/b>. Naquele mesmo per\u00edodo, S\u00e3o Paulo VI se encontrou com o Catholicos Baselios Augen I, em Bombaim, em 1964. Agora, sua vinda aqui ocorre no quadrag\u00e9simo anivers\u00e1rio da primeira visita a Roma de um Catholicos de sua querida Igreja, realizada, em 1983, por Sua Santidade Baselios Marthoma Mathews I, a quem tr\u00eas anos depois S\u00e3o Jo\u00e3o Paulo II visitou na Catedral de Mar Elias, em Kottayam&#8221;, disse ainda o Papa. &#8220;Este ano tamb\u00e9m marca o 10\u00ba anivers\u00e1rio do abra\u00e7o fraterno com seu predecessor imediato, Sua Santidade Baselios Marthoma Paulose II, de aben\u00e7oada mem\u00f3ria, que tive a alegria de receber no in\u00edcio do meu pontificado, em setembro de 2013&#8221;, sublinhou Francisco.<\/p>\n<div>\n<div class=\"article__embed article__embed--unwrap article__embed--photo\">\n<figure><picture><img decoding=\"async\" class=\"loaded\" src=\"https:\/\/www.vaticannews.va\/content\/dam\/vaticannews\/agenzie\/images\/srv\/2023\/09\/11\/2023-09-11-sua-santita-baselios-marthoma-mathews-iii\/1694425135038.JPG\/_jcr_content\/renditions\/cq5dam.thumbnail.cropped.750.422.jpeg\" alt=\"Um momento de ora\u00e7\u00e3o comum na Capela Redemptoris Mater\" data-original=\"\/content\/dam\/vaticannews\/agenzie\/images\/srv\/2023\/09\/11\/2023-09-11-sua-santita-baselios-marthoma-mathews-iii\/1694425135038.JPG\/_jcr_content\/renditions\/cq5dam.thumbnail.cropped.750.422.jpeg\" data-was-processed=\"true\" \/><\/picture><\/figure>\n<div class=\"photo_embed--Title\">Um momento de ora\u00e7\u00e3o comum na Capela Redemptoris Mater<\/div>\n<\/div>\n<\/div>\n<h2>Caminhar juntos<\/h2>\n<p>A seguir, o Santo Padre saudou &#8220;fraternalmente os bispos, o clero e os fi\u00e9is da Igreja Ortodoxa Siro-Malankar, cujas origens remontam \u00e0 prega\u00e7\u00e3o do Ap\u00f3stolo Tom\u00e9&#8221;. Francisco deseja que as duas Igrejas celebrem juntas o anivers\u00e1rio de 1700 anos do primeiro Conc\u00edlio Ecum\u00eanico, o de Nic\u00e9ia.<\/p>\n<div>\n<div class=\"article__embed article__embed--border embed_style\">\n<blockquote><p>\u201cAgora, as divis\u00f5es que ocorreram ao longo da hist\u00f3ria entre n\u00f3s, crist\u00e3os, s\u00e3o lacera\u00e7\u00f5es dolorosas infligidas ao Corpo de Cristo, que \u00e9 a Igreja. Ainda sentimos as consequ\u00eancias. Mas, se juntos colocarmos a m\u00e3o nessas feridas, se juntos, como o Ap\u00f3stolo, proclamarmos que Jesus \u00e9 nosso Senhor e nosso Deus, se com um cora\u00e7\u00e3o humilde nos confiarmos \u00e0 sua gra\u00e7a, poderemos apressar o t\u00e3o esperado dia em que, com sua ajuda, celebraremos o mist\u00e9rio pascal no mesmo altar. E que chegue logo!\u201d<\/p><\/blockquote>\n<\/div>\n<\/div>\n<p>&#8220;<b>Enquanto isso, querido irm\u00e3o, caminhemos juntos na ora\u00e7\u00e3o que nos purifica, na caridade que nos une, no di\u00e1logo que nos aproxima<\/b>&#8220;, disse ainda o Papa. &#8220;Penso de modo especial na cria\u00e7\u00e3o da Comiss\u00e3o Mista Internacional para o di\u00e1logo entre nossas Igrejas, que levou a um acordo cristol\u00f3gico hist\u00f3rico, publicado no Pentecostes de 1990&#8221;, sublinhou o Papa. Segundo Francisco, &#8220;trata-se de uma Declara\u00e7\u00e3o Conjunta, que afirma que o conte\u00fado de nossa f\u00e9 no mist\u00e9rio do Verbo Encarnado \u00e9 o mesmo, embora tenham surgido diferen\u00e7as de terminologia e \u00eanfase na formula\u00e7\u00e3o ao longo da hist\u00f3ria. De forma admir\u00e1vel, o documento declara que \u00abessas diferen\u00e7as s\u00e3o tais que podem coexistir na mesma comunh\u00e3o e, portanto, n\u00e3o nos dividem nem devem nos dividir, especialmente quando anunciamos Cristo aos nossos irm\u00e3os e irm\u00e3s em todo o mundo em termos que podem ser facilmente compreendidos\u00bb. Anunciar Cristo une, n\u00e3o divide; o an\u00fancio comum de nosso Senhor evangeliza o pr\u00f3prio caminho ecum\u00eanico&#8221;.<\/p>\n<div>\n<div class=\"article__embed article__embed--unwrap article__embed--photo\">\n<figure><picture><img decoding=\"async\" class=\"loaded\" src=\"https:\/\/www.vaticannews.va\/content\/dam\/vaticannews\/agenzie\/images\/srv\/2023\/09\/11\/2023-09-11-sua-santita-baselios-marthoma-mathews-iii\/1694425130960.JPG\/_jcr_content\/renditions\/cq5dam.thumbnail.cropped.750.422.jpeg\" alt=\"O Papa e o Catholicos\" data-original=\"\/content\/dam\/vaticannews\/agenzie\/images\/srv\/2023\/09\/11\/2023-09-11-sua-santita-baselios-marthoma-mathews-iii\/1694425130960.JPG\/_jcr_content\/renditions\/cq5dam.thumbnail.cropped.750.422.jpeg\" data-was-processed=\"true\" \/><\/picture><\/figure>\n<div class=\"photo_embed--Title\">O Papa e o Catholicos<\/div>\n<\/div>\n<\/div>\n<h2>Ecumenismo pastoral<\/h2>\n<p>Segundo o Papa, &#8220;a partir da Declara\u00e7\u00e3o Conjunta, a Comiss\u00e3o reuniu-se quase todos os anos em Kerala e deu frutos, promovendo a colabora\u00e7\u00e3o pastoral para o bem espiritual do Povo de Deus&#8221;. Francisco recordou &#8220;com gratid\u00e3o os acordos de 2010 sobre o uso comum de locais de culto e cemit\u00e9rios, bem como sobre a possibilidade de os fi\u00e9is receberem a un\u00e7\u00e3o dos enfermos, em determinadas circunst\u00e2ncias, numa ou noutra Igreja. Este \u00e9 um bom acordo&#8221;.<\/p>\n<div>\n<div class=\"article__embed article__embed--border embed_style\">\n<blockquote><p>\u201cLouvo a Deus pelo trabalho desta Comiss\u00e3o, focado sobretudo na vida pastoral, porque o ecumenismo pastoral \u00e9 o caminho natural para a plena unidade. Como tive oportunidade de dizer \u00e0 Comiss\u00e3o Mista Internacional para o Di\u00e1logo Teol\u00f3gico entre a Igreja Cat\u00f3lica e as Igrejas Ortodoxas Orientais, da qual a sua Igreja tamb\u00e9m \u00e9 membro desde o in\u00edcio, desde 2003, \u00abo ecumenismo tem sempre um car\u00e1ter pastoral\u00bb.\u201d<\/p><\/blockquote>\n<\/div>\n<\/div>\n<p><i>De fato, \u00e9 avan\u00e7ando fraternalmente no an\u00fancio do Evangelho e no cuidado concreto dos fi\u00e9is que nos reconhecemos como um \u00fanico rebanho de Cristo a caminho. Nesse sentido, espero que os acordos pastorais entre nossas Igrejas, que compartilham a mesma heran\u00e7a apost\u00f3lica, possam se estender e aumentar, especialmente em contextos em que os fi\u00e9is se encontram em situa\u00e7\u00e3o de minoria ou di\u00e1spora. Alegro-me tamb\u00e9m pela sua participa\u00e7\u00e3o ativa nas visitas de estudo para jovens sacerdotes e monges, organizadas anualmente pelo Dicast\u00e9rio para a Promo\u00e7\u00e3o da Unidade dos Crist\u00e3os, visitas que contribuem para uma melhor compreens\u00e3o entre os pastores. E isso \u00e9 muito importante.<\/i><\/p>\n<div>\n<div class=\"article__embed article__embed--unwrap article__embed--photo\">\n<figure><picture><img decoding=\"async\" class=\"loaded\" src=\"https:\/\/www.vaticannews.va\/content\/dam\/vaticannews\/agenzie\/images\/srv\/2023\/09\/11\/2023-09-11-sua-santita-baselios-marthoma-mathews-iii\/1694425106739.JPG\/_jcr_content\/renditions\/cq5dam.thumbnail.cropped.750.422.jpeg\" alt=\"Uma imagem da audi\u00eancia\" data-original=\"\/content\/dam\/vaticannews\/agenzie\/images\/srv\/2023\/09\/11\/2023-09-11-sua-santita-baselios-marthoma-mathews-iii\/1694425106739.JPG\/_jcr_content\/renditions\/cq5dam.thumbnail.cropped.750.422.jpeg\" data-was-processed=\"true\" \/><\/picture><\/figure>\n<div class=\"photo_embed--Title\">Uma imagem da audi\u00eancia<\/div>\n<\/div>\n<\/div>\n<h2>Sinodalidade e ecumenismo<\/h2>\n<p>&#8220;Em nosso caminho para a unidade plena, outro caminho importante \u00e9 o da sinodalidade&#8221;, disse o Papa, manifestando satisfa\u00e7\u00e3o com o fato de que um delegado fraterno da Igreja Ortodoxa Siro-Malankar participar\u00e1 da pr\u00f3xima sess\u00e3o da Assembleia do S\u00ednodo dos Bispos. &#8220;Estou convencido de que podemos aprender muito com a experi\u00eancia sinodal secular de sua Igreja. De certa forma, o movimento ecum\u00eanico est\u00e1 contribuindo para o processo sinodal em andamento da Igreja Cat\u00f3lica, e espero que o processo sinodal possa, por sua vez, contribuir ao movimento ecum\u00eanico.\u00a0<b>Sinodalidade e ecumenismo s\u00e3o, de fato, dois caminhos que seguem juntos, partilhando o mesmo objetivo, o da comunh\u00e3o, que significa um melhor testemunho dos crist\u00e3os \u00abpara que o mundo creia\u00bb<\/b>. E n\u00e3o nos esque\u00e7amos &#8211; e digo isso aos cat\u00f3licos &#8211; que o protagonista do S\u00ednodo \u00e9 o Esp\u00edrito Santo, n\u00e3o n\u00f3s&#8221;, sublinhou o Papa.<\/p>\n<p>&#8220;Que a contempla\u00e7\u00e3o comum do Senhor crucificado e ressuscitado favore\u00e7a a cura completa das nossas feridas passadas, para que diante dos nossos olhos, al\u00e9m de toda dist\u00e2ncia e incompreens\u00e3o, Ele se destaque, \u201cnosso Senhor e nosso Deus\u201d, Senhor e Deus, que nos chama a reconhec\u00ea-lo e ador\u00e1-lo em torno de um \u00fanico altar eucar\u00edstico. Que isso aconte\u00e7a logo&#8221;, concluiu Francisco.<\/p>\n<div>\n<div class=\"article__embed article__embed--unwrap article__embed--photo\">\n<figure><picture><img decoding=\"async\" class=\"loaded\" src=\"https:\/\/www.vaticannews.va\/content\/dam\/vaticannews\/agenzie\/images\/srv\/2023\/09\/11\/2023-09-11-sua-santita-baselios-marthoma-mathews-iii\/1694425112175.JPG\/_jcr_content\/renditions\/cq5dam.thumbnail.cropped.750.422.jpeg\" alt=\"Baselios Marthoma Mathews III e Papa Francisco\" data-original=\"\/content\/dam\/vaticannews\/agenzie\/images\/srv\/2023\/09\/11\/2023-09-11-sua-santita-baselios-marthoma-mathews-iii\/1694425112175.JPG\/_jcr_content\/renditions\/cq5dam.thumbnail.cropped.750.422.jpeg\" data-was-processed=\"true\" \/><\/picture><\/figure>\n<div class=\"photo_embed--Title\">Baselios Marthoma Mathews III e Papa Francisco<\/div>\n<\/div>\n<\/div>\n<\/div>\n<\/div>\n","protected":false},"excerpt":{"rendered":"<p>O Papa durante a audi\u00eancia com o Catholicos Baselios Marthoma Mathews III\u00a0 (VATICAN MEDIA Divisione Foto) Francisco recebeu em audi\u00eancia Baselios Marthoma Mathews III, Catholicos da Igreja Ortodoxa Siro-Malankar, pela primeira vez no Vaticano desde a sua elei\u00e7\u00e3o em 2021. Em seu discurso, o Pont\u00edfice enalteceu o trabalho do \u201cecumenismo pastoral\u201d traduzido em acordos e [&hellip;]<\/p>\n","protected":false},"author":1,"featured_media":83747,"comment_status":"open","ping_status":"closed","sticky":false,"template":"","format":"standard","meta":{"footnotes":""},"categories":[13,3],"tags":[],"class_list":["post-83746","post","type-post","status-publish","format-standard","has-post-thumbnail","hentry","category-featured","category-vaticano"],"_links":{"self":[{"href":"https:\/\/catolicanet.net\/wp-cnet\/wp-json\/wp\/v2\/posts\/83746","targetHints":{"allow":["GET"]}}],"collection":[{"href":"https:\/\/catolicanet.net\/wp-cnet\/wp-json\/wp\/v2\/posts"}],"about":[{"href":"https:\/\/catolicanet.net\/wp-cnet\/wp-json\/wp\/v2\/types\/post"}],"author":[{"embeddable":true,"href":"https:\/\/catolicanet.net\/wp-cnet\/wp-json\/wp\/v2\/users\/1"}],"replies":[{"embeddable":true,"href":"https:\/\/catolicanet.net\/wp-cnet\/wp-json\/wp\/v2\/comments?post=83746"}],"version-history":[{"count":1,"href":"https:\/\/catolicanet.net\/wp-cnet\/wp-json\/wp\/v2\/posts\/83746\/revisions"}],"predecessor-version":[{"id":83748,"href":"https:\/\/catolicanet.net\/wp-cnet\/wp-json\/wp\/v2\/posts\/83746\/revisions\/83748"}],"wp:featuredmedia":[{"embeddable":true,"href":"https:\/\/catolicanet.net\/wp-cnet\/wp-json\/wp\/v2\/media\/83747"}],"wp:attachment":[{"href":"https:\/\/catolicanet.net\/wp-cnet\/wp-json\/wp\/v2\/media?parent=83746"}],"wp:term":[{"taxonomy":"category","embeddable":true,"href":"https:\/\/catolicanet.net\/wp-cnet\/wp-json\/wp\/v2\/categories?post=83746"},{"taxonomy":"post_tag","embeddable":true,"href":"https:\/\/catolicanet.net\/wp-cnet\/wp-json\/wp\/v2\/tags?post=83746"}],"curies":[{"name":"wp","href":"https:\/\/api.w.org\/{rel}","templated":true}]}}