{"id":83586,"date":"2023-09-04T11:16:38","date_gmt":"2023-09-04T14:16:38","guid":{"rendered":"https:\/\/catolicanet.net\/wp-cnet\/?p=83586"},"modified":"2023-09-04T11:16:38","modified_gmt":"2023-09-04T14:16:38","slug":"papa-francisco-conclui-visita-a-mongolia","status":"publish","type":"post","link":"https:\/\/catolicanet.net\/wp-cnet\/papa-francisco-conclui-visita-a-mongolia\/","title":{"rendered":"Papa Francisco conclui visita \u00e0 Mong\u00f3lia"},"content":{"rendered":"<p style=\"text-align: justify;\">\u00a0 \u00a0 \u00a0 \u00a0 \u00a0Papa se despede das autoridades locais antes de embarcar de volta a Roma<\/p>\n<div class=\"article__subTitle\" style=\"text-align: justify;\">Francisco realizou uma viagem hist\u00f3rica ao pa\u00eds da \u00c1sia Central, que pela primeira vez recebeu um Papa. Tratou-se da 43a peregrina\u00e7\u00e3o apost\u00f3lica do Pont\u00edfice.<\/div>\n<div class=\"title__separator\" style=\"text-align: justify;\"><\/div>\n<div class=\"article__text\">\n<p style=\"text-align: justify;\"><b>Vatican News<\/b><\/p>\n<div style=\"text-align: justify;\">\n<div class=\"article__embed article__embed--unwrap article__embed--dark\">\n<div class=\"article__innerTitle\">Ou\u00e7a e compartilhe<\/div>\n<div>\n<!--[if lt IE 9]><script>document.createElement('audio');<\/script><![endif]-->\n<audio class=\"wp-audio-shortcode\" id=\"audio-83586-1\" preload=\"none\" style=\"width: 100%;\" controls=\"controls\"><source type=\"audio\/mpeg\" src=\"https:\/\/media.vaticannews.va\/media\/audio\/s1\/2023\/09\/04\/10\/137289267_F137289267.mp3?_=1\" \/><a href=\"https:\/\/media.vaticannews.va\/media\/audio\/s1\/2023\/09\/04\/10\/137289267_F137289267.mp3\">https:\/\/media.vaticannews.va\/media\/audio\/s1\/2023\/09\/04\/10\/137289267_F137289267.mp3<\/a><\/audio>\n<\/div>\n<\/div>\n<\/div>\n<p style=\"text-align: justify;\">O encontro com os agentes da caridade foi o \u00faltimo compromisso oficial do Papa na Mong\u00f3lia. Da &#8220;Casa da Miseric\u00f3rdia&#8221;, Francisco se transferiu diretamente para o Aeroporto Internacional de Ulan Bator.<\/p>\n<p style=\"text-align: justify;\">A cerim\u00f4nia de despedida foi realizada numa Sala interna do Aeroporto na presen\u00e7a da mesma representante governamental que acolheu o Pont\u00edfice em sua chegada, a ministra do Exterior Batmunkh Battsetseg.<\/p>\n<p style=\"text-align: justify;\">Depois de um breve col\u00f3quio, o Papa se despediu do s\u00e9quito local e da delega\u00e7\u00e3o mongol e foi o \u00faltimo a entrar no avi\u00e3o A330 da ITA Airways.<\/p>\n<p style=\"text-align: justify;\">A viagem at\u00e9 Roma tem dura\u00e7\u00e3o prevista de 11h20, ap\u00f3s percorrer 8.230 quil\u00f4metros. Ao chegar ao Aeroporto Internacional de Fiumicino, Francisco ir\u00e1 diretamente para o Vaticano.<\/p>\n<div style=\"text-align: justify;\">\n<div class=\"article__embed article__embed--unwrap article__embed--photo\">\n<figure><picture><img decoding=\"async\" class=\"loaded\" src=\"https:\/\/www.vaticannews.va\/content\/dam\/vaticannews\/agenzie\/images\/srv\/2023\/08\/31\/2023-08-31-viaggio-apostolico-in-mongolia\/1693799241510.JPG\/_jcr_content\/renditions\/cq5dam.thumbnail.cropped.750.422.jpeg\" alt=\"Papa com a ministra do Exterior da Mong\u00f3lia\" data-original=\"\/content\/dam\/vaticannews\/agenzie\/images\/srv\/2023\/08\/31\/2023-08-31-viaggio-apostolico-in-mongolia\/1693799241510.JPG\/_jcr_content\/renditions\/cq5dam.thumbnail.cropped.750.422.jpeg\" data-was-processed=\"true\" \/><\/picture><\/figure>\n<div class=\"photo_embed--Title\">Papa com a ministra do Exterior da Mong\u00f3lia<\/div>\n<\/div>\n<\/div>\n<h2 style=\"text-align: justify;\">Paz, di\u00e1logo e f\u00e9<\/h2>\n<p style=\"text-align: justify;\">No total, foram cinco pronunciamentos feitos pelo Pont\u00edfice ao longo de tr\u00eas dias em Ulan Bator. O Papa encontrou autoridades civis, eclesi\u00e1sticas e religiosas, e presidiu \u00e0 celebra\u00e7\u00e3o de uma missa.<\/p>\n<p style=\"text-align: justify;\">Nessas ocasi\u00f5es, reafirmou seu apelo pela paz e falou da responsabilidade das religi\u00f5es para a pacifica\u00e7\u00e3o dos conflitos e a import\u00e2ncia da coer\u00eancia no testemunho.<\/p>\n<p style=\"text-align: justify;\">\u00c0 pequena comunidade cat\u00f3lica, Francisco a encorajou a n\u00e3o temer a pequenez e indicou o melhor caminho de todos: a cruz de Cristo; afinal, somos todos &#8220;n\u00f4mades de Deus&#8221;,\u00a0peregrinos \u00e0 procura da felicidade, viandantes sedentos de amor. E s\u00f3 a f\u00e9 crist\u00e3 \u00e9 a resposta.<\/p>\n<p style=\"text-align: justify;\">Destaque na viagem para dois momentos especiais: o encontro dentro de um &#8220;ger&#8221;, a tradicional morada dos povos n\u00f4mades, com a senhora\u00a0Tsetsege, m\u00e3e de onze filhos, que achou no lixo uma imagem de Nossa Senhora.\u00a0Em 8 de dezembro de 2022, a est\u00e1tua da Virgem Maria &#8220;M\u00e3e do C\u00e9u&#8221; foi entronizada na Catedral de Ulan Bator e foi aben\u00e7oada pelo Papa no encontro com os bispos e consagrados.<\/p>\n<p style=\"text-align: justify;\">Outro momento significativo foi ao final da missa no gin\u00e1sio da capital, em que Francisco\u00a0pegou pela m\u00e3o os bispos em\u00e9rito e o atual bispo de Hong Kong para enviar uma calorosa sauda\u00e7\u00e3o ao &#8220;nobre povo chin\u00eas&#8221;.<\/p>\n<p style=\"text-align: justify;\">Agora o Pont\u00edfice volta para casa com &#8220;miss\u00e3o cumprida&#8221;, fazendo hist\u00f3ria ao se tornar o primeiro Papa a visitar a Mong\u00f3lia.<\/p>\n<div>\n<div class=\"article__embed article__embed--unwrap article__embed--photo\">\n<figure><picture><img decoding=\"async\" class=\"loaded\" src=\"https:\/\/www.vaticannews.va\/content\/dam\/vaticannews\/agenzie\/images\/srv\/2023\/08\/31\/2023-08-31-viaggio-apostolico-in-mongolia\/1693799251987.JPG\/_jcr_content\/renditions\/cq5dam.thumbnail.cropped.750.422.jpeg\" alt=\"O carinho do povo mongol na despedida de Francisco\" data-original=\"\/content\/dam\/vaticannews\/agenzie\/images\/srv\/2023\/08\/31\/2023-08-31-viaggio-apostolico-in-mongolia\/1693799251987.JPG\/_jcr_content\/renditions\/cq5dam.thumbnail.cropped.750.422.jpeg\" data-was-processed=\"true\" \/><\/picture><\/figure>\n<div class=\"photo_embed--Title\">O carinho do povo mongol na despedida de Francisco<\/div>\n<\/div>\n<\/div>\n<\/div>\n","protected":false},"excerpt":{"rendered":"<p>\u00a0 \u00a0 \u00a0 \u00a0 \u00a0Papa se despede das autoridades locais antes de embarcar de volta a Roma Francisco realizou uma viagem hist\u00f3rica ao pa\u00eds da \u00c1sia Central, que pela primeira vez recebeu um Papa. Tratou-se da 43a peregrina\u00e7\u00e3o apost\u00f3lica do Pont\u00edfice. Vatican News Ou\u00e7a e compartilhe O encontro com os agentes da caridade foi o [&hellip;]<\/p>\n","protected":false},"author":1,"featured_media":83587,"comment_status":"open","ping_status":"closed","sticky":false,"template":"","format":"standard","meta":{"footnotes":""},"categories":[13,3],"tags":[],"class_list":["post-83586","post","type-post","status-publish","format-standard","has-post-thumbnail","hentry","category-featured","category-vaticano"],"_links":{"self":[{"href":"https:\/\/catolicanet.net\/wp-cnet\/wp-json\/wp\/v2\/posts\/83586","targetHints":{"allow":["GET"]}}],"collection":[{"href":"https:\/\/catolicanet.net\/wp-cnet\/wp-json\/wp\/v2\/posts"}],"about":[{"href":"https:\/\/catolicanet.net\/wp-cnet\/wp-json\/wp\/v2\/types\/post"}],"author":[{"embeddable":true,"href":"https:\/\/catolicanet.net\/wp-cnet\/wp-json\/wp\/v2\/users\/1"}],"replies":[{"embeddable":true,"href":"https:\/\/catolicanet.net\/wp-cnet\/wp-json\/wp\/v2\/comments?post=83586"}],"version-history":[{"count":1,"href":"https:\/\/catolicanet.net\/wp-cnet\/wp-json\/wp\/v2\/posts\/83586\/revisions"}],"predecessor-version":[{"id":83588,"href":"https:\/\/catolicanet.net\/wp-cnet\/wp-json\/wp\/v2\/posts\/83586\/revisions\/83588"}],"wp:featuredmedia":[{"embeddable":true,"href":"https:\/\/catolicanet.net\/wp-cnet\/wp-json\/wp\/v2\/media\/83587"}],"wp:attachment":[{"href":"https:\/\/catolicanet.net\/wp-cnet\/wp-json\/wp\/v2\/media?parent=83586"}],"wp:term":[{"taxonomy":"category","embeddable":true,"href":"https:\/\/catolicanet.net\/wp-cnet\/wp-json\/wp\/v2\/categories?post=83586"},{"taxonomy":"post_tag","embeddable":true,"href":"https:\/\/catolicanet.net\/wp-cnet\/wp-json\/wp\/v2\/tags?post=83586"}],"curies":[{"name":"wp","href":"https:\/\/api.w.org\/{rel}","templated":true}]}}