{"id":83577,"date":"2023-08-30T11:27:16","date_gmt":"2023-08-30T14:27:16","guid":{"rendered":"https:\/\/catolicanet.net\/wp-cnet\/?p=83577"},"modified":"2023-08-30T11:27:16","modified_gmt":"2023-08-30T14:27:16","slug":"direto-do-confessionario-por-que-a-compaixao-e-desgastante","status":"publish","type":"post","link":"https:\/\/catolicanet.net\/wp-cnet\/direto-do-confessionario-por-que-a-compaixao-e-desgastante\/","title":{"rendered":"Direto do confession\u00e1rio: por que a compaix\u00e3o \u00e9 desgastante?"},"content":{"rendered":"<h2 class=\"subtitle\" style=\"text-align: justify;\">Ouvir confiss\u00f5es, com todas as suas particularidades teol\u00f3gicas e pastorais, \u00e9 tamb\u00e9m um exerc\u00edcio de ampla experi\u00eancia humana de compaix\u00e3o<\/h2>\n<p style=\"text-align: justify;\">Uma mudan\u00e7a importante na vida de um padre rec\u00e9m-ordenado \u00e9 come\u00e7ar a ouvir confiss\u00f5es.\u00a0Embora o tempo gasto no confession\u00e1rio possa variar de uma a v\u00e1rias horas por semana, mesmo apenas uma hora dedicada ao of\u00edcio pode ser bastante desgastante, especialmente no in\u00edcio. Mesmo assim, \u00e9 um grande exerc\u00edcio de compaix\u00e3o.<\/p>\n<p style=\"text-align: justify;\">\u00c9 um privil\u00e9gio e uma gra\u00e7a singular oferecer o sacramento.\u00a0J\u00e1 testemunhei muitas confiss\u00f5es comoventes e profundamente edificantes no meu curto per\u00edodo como sacerdote.\u00a0Ao mesmo tempo, \u00e9 realmente desgastante.\u00a0Muitas vezes saio com uma leve dor de cabe\u00e7a e uma sensa\u00e7\u00e3o de tens\u00e3o f\u00edsica geral.<\/p>\n<p style=\"text-align: justify;\">Mas por que ouvir confiss\u00f5es pode deixar um padre t\u00e3o exausto? Um fator \u00e9, certamente, o foco necess\u00e1rio para ouvir com precis\u00e3o as informa\u00e7\u00f5es sens\u00edveis e importantes transmitidas por outra pessoa sobre sua vida mais \u00edntima. Outro ponto \u00e9 a expectativa de que o sacerdote dirija algumas palavras de conselho \u00fateis ao penitente, embora estas devam ser breves e modestas.<\/p>\n<p style=\"text-align: justify;\">A verdadeira raz\u00e3o, a meu ver, \u00e9 o esfor\u00e7o do cora\u00e7\u00e3o, da mente e da alma que ocorre quando compartilhamos dos fardos de outra pessoa.\u00a0Sempre que nos permitimos participar das lutas dos outros, ouvindo atentamente e expressando a nossa compaix\u00e3o, isso tem um certo pre\u00e7o.\u00a0Tal compaix\u00e3o significa abrir-nos para receber o fardo do outro como se fosse nosso.<\/p>\n<p style=\"text-align: justify;\">Isso acontece muitas vezes nas rela\u00e7\u00f5es com familiares e amigos pr\u00f3ximos, aqueles que recorrem a n\u00f3s quando est\u00e3o em dificuldades.\u00a0Tamb\u00e9m pode acontecer que conhecidos ou mesmo estranhos nos procurem num momento de vulnerabilidade, quando a sua luta se torna evidente.\u00a0Sempre que isso ocorre h\u00e1 um pre\u00e7o a ser pago, porque permitir que outra pessoa transfira o fardo para os nossos ombros faz com que esse fardo seja nosso tamb\u00e9m.\u00a0N\u00e3o \u00e9 mais apenas um problema \u201cdeles\u201d.<\/p>\n<p style=\"text-align: justify;\">Embora o papel do confessor seja principalmente teol\u00f3gico e sacramental, tamb\u00e9m \u00e9 humano.\u00a0O sacerdote atua como representante de Jesus, recebendo os pecados do penitente e concedendo o perd\u00e3o do Senhor \u2014 mas s\u00f3 pode faz\u00ea-lo como homem.\u00a0Em cada confiss\u00e3o, h\u00e1 um homem sentado do outro lado da tela, que se abriu a todos e concordou em assumir seus fardos, mesmo que apenas por alguns momentos.<\/p>\n<p style=\"text-align: justify;\">Ouvir confiss\u00f5es, com todas as suas particularidades teol\u00f3gicas e pastorais, \u00e9 tamb\u00e9m um exerc\u00edcio de ampla experi\u00eancia humana de compaix\u00e3o.<\/p>\n<p style=\"text-align: justify;\">N\u00e3o tenha medo de continuar se abrindo \u00e0 compaix\u00e3o.\u00a0Embora possa ser desgastante, \u00e9 uma parte essencial de uma vida plenamente humana e crist\u00e3.<\/p>\n","protected":false},"excerpt":{"rendered":"<p>Ouvir confiss\u00f5es, com todas as suas particularidades teol\u00f3gicas e pastorais, \u00e9 tamb\u00e9m um exerc\u00edcio de ampla experi\u00eancia humana de compaix\u00e3o Uma mudan\u00e7a importante na vida de um padre rec\u00e9m-ordenado \u00e9 come\u00e7ar a ouvir confiss\u00f5es.\u00a0Embora o tempo gasto no confession\u00e1rio possa variar de uma a v\u00e1rias horas por semana, mesmo apenas uma hora dedicada ao of\u00edcio [&hellip;]<\/p>\n","protected":false},"author":1,"featured_media":83578,"comment_status":"open","ping_status":"closed","sticky":false,"template":"","format":"standard","meta":{"footnotes":""},"categories":[4],"tags":[],"class_list":["post-83577","post","type-post","status-publish","format-standard","has-post-thumbnail","hentry","category-cotidiano"],"_links":{"self":[{"href":"https:\/\/catolicanet.net\/wp-cnet\/wp-json\/wp\/v2\/posts\/83577","targetHints":{"allow":["GET"]}}],"collection":[{"href":"https:\/\/catolicanet.net\/wp-cnet\/wp-json\/wp\/v2\/posts"}],"about":[{"href":"https:\/\/catolicanet.net\/wp-cnet\/wp-json\/wp\/v2\/types\/post"}],"author":[{"embeddable":true,"href":"https:\/\/catolicanet.net\/wp-cnet\/wp-json\/wp\/v2\/users\/1"}],"replies":[{"embeddable":true,"href":"https:\/\/catolicanet.net\/wp-cnet\/wp-json\/wp\/v2\/comments?post=83577"}],"version-history":[{"count":1,"href":"https:\/\/catolicanet.net\/wp-cnet\/wp-json\/wp\/v2\/posts\/83577\/revisions"}],"predecessor-version":[{"id":83579,"href":"https:\/\/catolicanet.net\/wp-cnet\/wp-json\/wp\/v2\/posts\/83577\/revisions\/83579"}],"wp:featuredmedia":[{"embeddable":true,"href":"https:\/\/catolicanet.net\/wp-cnet\/wp-json\/wp\/v2\/media\/83578"}],"wp:attachment":[{"href":"https:\/\/catolicanet.net\/wp-cnet\/wp-json\/wp\/v2\/media?parent=83577"}],"wp:term":[{"taxonomy":"category","embeddable":true,"href":"https:\/\/catolicanet.net\/wp-cnet\/wp-json\/wp\/v2\/categories?post=83577"},{"taxonomy":"post_tag","embeddable":true,"href":"https:\/\/catolicanet.net\/wp-cnet\/wp-json\/wp\/v2\/tags?post=83577"}],"curies":[{"name":"wp","href":"https:\/\/api.w.org\/{rel}","templated":true}]}}