{"id":83468,"date":"2023-08-25T11:13:12","date_gmt":"2023-08-25T14:13:12","guid":{"rendered":"https:\/\/catolicanet.net\/wp-cnet\/?p=83468"},"modified":"2023-08-25T11:13:12","modified_gmt":"2023-08-25T14:13:12","slug":"divulgada-a-programacao-do-14o-encontro-nacional-de-arquitetura-e-arte-sacra-de-2-a-6-de-outubro-em-brasilia","status":"publish","type":"post","link":"https:\/\/catolicanet.net\/wp-cnet\/divulgada-a-programacao-do-14o-encontro-nacional-de-arquitetura-e-arte-sacra-de-2-a-6-de-outubro-em-brasilia\/","title":{"rendered":"DIVULGADA A PROGRAMA\u00c7\u00c3O DO 14\u00ba ENCONTRO NACIONAL DE ARQUITETURA E ARTE SACRA, DE 2 A 6 DE OUTUBRO, EM BRAS\u00cdLIA"},"content":{"rendered":"<p style=\"text-align: justify;\">O Setor Espa\u00e7o Lit\u00fargico da Comiss\u00e3o Episcopal para a Liturgia da Confer\u00eancia Nacional dos Bispos do Brasil (CNBB) divulgou a programa\u00e7\u00e3o do 14\u00ba Encontro Nacional de Arquitetura e Arte Sacra. O evento ser\u00e1 realizado de 2 a 6 de outubro, na Casa Dom Luciano, em Bras\u00edlia (DF).<\/p>\n<p style=\"text-align: justify;\">Durante os dias de encontro, ser\u00e3o sete confer\u00eancias para favorecer o debate acad\u00eamico e interdisciplinar sobre a dignidade dos espa\u00e7os de celebra\u00e7\u00e3o, bem como a import\u00e2ncia da preserva\u00e7\u00e3o do patrim\u00f4nio art\u00edstico e cultural da Igreja.<\/p>\n<p style=\"text-align: justify;\">O evento tamb\u00e9m ter\u00e1 semin\u00e1rios e momentos de comunica\u00e7\u00f5es sobre trabalhos cient\u00edficos. No quarto dia de encontro, ser\u00e1 dedicado um per\u00edodo para tratar do Acordo de Coopera\u00e7\u00e3o T\u00e9cnica entre a CNBB e o Instituto do Patrim\u00f4nio Hist\u00f3rico e Art\u00edstico Nacional (IPHAN). Esse acordo tem como objetivo a realiza\u00e7\u00e3o de a\u00e7\u00f5es conjuntas em vista da identifica\u00e7\u00e3o, preserva\u00e7\u00e3o, difus\u00e3o e promo\u00e7\u00e3o dos bens culturais da Igreja com o tombamento nacional.<\/p>\n<p style=\"text-align: justify;\">Outra atividade prevista na programa\u00e7\u00e3o \u00e9 uma visita guiada para estudo de projeto de adequa\u00e7\u00e3o lit\u00fargica.<\/p>\n<h3 style=\"text-align: justify;\">Tema<\/h3>\n<p style=\"text-align: justify;\">O 14\u00ba ENAAS ter\u00e1 como tema: \u201c60 anos da\u00a0<em>Sacrosanctum Concilium<\/em>\u00a0\u00e0 luz da\u00a0<em>Desiderio Desideravi<\/em>\u201d e ser\u00e1 realizado em parceria com a Associa\u00e7\u00e3o dos Liturgistas do Brasil (ASLI). As inscri\u00e7\u00f5es seguem abertas at\u00e9 o dia 20 de setembro.\u00a0<a href=\"https:\/\/app.ciaticket.com.br\/evento\/14o-encontro-nacional-de-arquitetura-e-arte-sacra-02-10-2023-112\" target=\"_blank\" rel=\"noopener\">Inscreva-se aqui<\/a>.<\/p>\n<p style=\"text-align: justify;\">S\u00e3o convidados a participar estudantes, docentes, profissionais de arquitetura, engenharia e artes, padres, di\u00e1conos, seminaristas, religiosos, membros dos conselhos de economia e administra\u00e7\u00e3o de par\u00f3quias e santu\u00e1rios, equipes de liturgia e leigos.<\/p>\n<p style=\"text-align: justify;\">Tamb\u00e9m fazem parte do p\u00fablico-alvo do encontro os envolvidos tanto direta quanto indiretamente em constru\u00e7\u00f5es, reformas e decora\u00e7\u00f5es das igrejas e que desejam aprofundar a rela\u00e7\u00e3o entre liturgia, arquitetura e arte, como decoradores, organizadores do espa\u00e7o celebrativo para casamentos e formaturas e t\u00e9cnicos de som e ilumina\u00e7\u00e3o.<\/p>\n<p style=\"text-align: justify;\">Estudantes podem obter 50% de desconto na inscri\u00e7\u00e3o. Para isso, dever\u00e3o solicitar a ficha de inscri\u00e7\u00e3o atrav\u00e9s do endere\u00e7o espacoliturgico@cnbb.org.br, informando no corpo da mensagem seu nome, institui\u00e7\u00e3o de ensino e o curso.<\/p>\n<p style=\"text-align: justify;\"><a href=\"https:\/\/espacoliturgicocnbb.com.br\/14enaas\/\" target=\"_blank\" rel=\"noopener\">Acesse o site do encontro.<\/a><\/p>\n<p style=\"text-align: justify;\"><a href=\"https:\/\/www.cnbb.org.br\/wp-content\/uploads\/2023\/08\/PROGRAMACAO-2023-14o-Encontro-Nacional-Arquitetura-e-Arte-Sacra-CNBB.pdf\">Confira a programa\u00e7\u00e3o completa.<\/a><\/p>\n","protected":false},"excerpt":{"rendered":"<p>O Setor Espa\u00e7o Lit\u00fargico da Comiss\u00e3o Episcopal para a Liturgia da Confer\u00eancia Nacional dos Bispos do Brasil (CNBB) divulgou a programa\u00e7\u00e3o do 14\u00ba Encontro Nacional de Arquitetura e Arte Sacra. O evento ser\u00e1 realizado de 2 a 6 de outubro, na Casa Dom Luciano, em Bras\u00edlia (DF). Durante os dias de encontro, ser\u00e3o sete confer\u00eancias [&hellip;]<\/p>\n","protected":false},"author":1,"featured_media":83469,"comment_status":"open","ping_status":"closed","sticky":false,"template":"","format":"standard","meta":{"footnotes":""},"categories":[7,13],"tags":[],"class_list":["post-83468","post","type-post","status-publish","format-standard","has-post-thumbnail","hentry","category-cnbb","category-featured"],"_links":{"self":[{"href":"https:\/\/catolicanet.net\/wp-cnet\/wp-json\/wp\/v2\/posts\/83468","targetHints":{"allow":["GET"]}}],"collection":[{"href":"https:\/\/catolicanet.net\/wp-cnet\/wp-json\/wp\/v2\/posts"}],"about":[{"href":"https:\/\/catolicanet.net\/wp-cnet\/wp-json\/wp\/v2\/types\/post"}],"author":[{"embeddable":true,"href":"https:\/\/catolicanet.net\/wp-cnet\/wp-json\/wp\/v2\/users\/1"}],"replies":[{"embeddable":true,"href":"https:\/\/catolicanet.net\/wp-cnet\/wp-json\/wp\/v2\/comments?post=83468"}],"version-history":[{"count":2,"href":"https:\/\/catolicanet.net\/wp-cnet\/wp-json\/wp\/v2\/posts\/83468\/revisions"}],"predecessor-version":[{"id":83472,"href":"https:\/\/catolicanet.net\/wp-cnet\/wp-json\/wp\/v2\/posts\/83468\/revisions\/83472"}],"wp:featuredmedia":[{"embeddable":true,"href":"https:\/\/catolicanet.net\/wp-cnet\/wp-json\/wp\/v2\/media\/83469"}],"wp:attachment":[{"href":"https:\/\/catolicanet.net\/wp-cnet\/wp-json\/wp\/v2\/media?parent=83468"}],"wp:term":[{"taxonomy":"category","embeddable":true,"href":"https:\/\/catolicanet.net\/wp-cnet\/wp-json\/wp\/v2\/categories?post=83468"},{"taxonomy":"post_tag","embeddable":true,"href":"https:\/\/catolicanet.net\/wp-cnet\/wp-json\/wp\/v2\/tags?post=83468"}],"curies":[{"name":"wp","href":"https:\/\/api.w.org\/{rel}","templated":true}]}}