{"id":83450,"date":"2023-08-24T11:39:35","date_gmt":"2023-08-24T14:39:35","guid":{"rendered":"https:\/\/catolicanet.net\/wp-cnet\/?p=83450"},"modified":"2023-08-24T11:39:35","modified_gmt":"2023-08-24T14:39:35","slug":"video-voce-conhece-a-devocao-dos-12-sabados-a-nossa-senhora-rainha","status":"publish","type":"post","link":"https:\/\/catolicanet.net\/wp-cnet\/video-voce-conhece-a-devocao-dos-12-sabados-a-nossa-senhora-rainha\/","title":{"rendered":"[V\u00cdDEO] Voc\u00ea conhece a devo\u00e7\u00e3o dos 12 s\u00e1bados a Nossa Senhora Rainha?"},"content":{"rendered":"<h2 class=\"subtitle\" style=\"text-align: justify;\">Inspirada na serva de Deus Maria Costanza Zauli, fundadora da Servas Adoradoras do Sant\u00edssimo Sacramento, ela \u00e9 recitada como um ros\u00e1rio m que se medita os &#8220;12 privil\u00e9gios&#8221; de Maria e, ap\u00f3s cada um, reza-se uma Ave Maria e esta ora\u00e7\u00e3o. Veja no v\u00eddeo<\/h2>\n<p><iframe loading=\"lazy\" title=\"Voc\u00ea conhece a devo\u00e7\u00e3o dos &quot;12 s\u00e1bados&quot; a Nossa Senhora Rainha?\" frameborder=\"0\" width=\"696\" height=\"696\" src=\"https:\/\/geo.dailymotion.com\/player.html?video=x8nc2jx&#038;\" allowfullscreen allow=\"autoplay; fullscreen; picture-in-picture\"><\/iframe><\/p>\n","protected":false},"excerpt":{"rendered":"<p>Inspirada na serva de Deus Maria Costanza Zauli, fundadora da Servas Adoradoras do Sant\u00edssimo Sacramento, ela \u00e9 recitada como um ros\u00e1rio m que se medita os &#8220;12 privil\u00e9gios&#8221; de Maria e, ap\u00f3s cada um, reza-se uma Ave Maria e esta ora\u00e7\u00e3o. Veja no v\u00eddeo<\/p>\n","protected":false},"author":1,"featured_media":83451,"comment_status":"open","ping_status":"closed","sticky":false,"template":"","format":"standard","meta":{"footnotes":""},"categories":[13],"tags":[],"class_list":["post-83450","post","type-post","status-publish","format-standard","has-post-thumbnail","hentry","category-featured"],"_links":{"self":[{"href":"https:\/\/catolicanet.net\/wp-cnet\/wp-json\/wp\/v2\/posts\/83450","targetHints":{"allow":["GET"]}}],"collection":[{"href":"https:\/\/catolicanet.net\/wp-cnet\/wp-json\/wp\/v2\/posts"}],"about":[{"href":"https:\/\/catolicanet.net\/wp-cnet\/wp-json\/wp\/v2\/types\/post"}],"author":[{"embeddable":true,"href":"https:\/\/catolicanet.net\/wp-cnet\/wp-json\/wp\/v2\/users\/1"}],"replies":[{"embeddable":true,"href":"https:\/\/catolicanet.net\/wp-cnet\/wp-json\/wp\/v2\/comments?post=83450"}],"version-history":[{"count":1,"href":"https:\/\/catolicanet.net\/wp-cnet\/wp-json\/wp\/v2\/posts\/83450\/revisions"}],"predecessor-version":[{"id":83452,"href":"https:\/\/catolicanet.net\/wp-cnet\/wp-json\/wp\/v2\/posts\/83450\/revisions\/83452"}],"wp:featuredmedia":[{"embeddable":true,"href":"https:\/\/catolicanet.net\/wp-cnet\/wp-json\/wp\/v2\/media\/83451"}],"wp:attachment":[{"href":"https:\/\/catolicanet.net\/wp-cnet\/wp-json\/wp\/v2\/media?parent=83450"}],"wp:term":[{"taxonomy":"category","embeddable":true,"href":"https:\/\/catolicanet.net\/wp-cnet\/wp-json\/wp\/v2\/categories?post=83450"},{"taxonomy":"post_tag","embeddable":true,"href":"https:\/\/catolicanet.net\/wp-cnet\/wp-json\/wp\/v2\/tags?post=83450"}],"curies":[{"name":"wp","href":"https:\/\/api.w.org\/{rel}","templated":true}]}}