{"id":83437,"date":"2023-08-24T11:29:05","date_gmt":"2023-08-24T14:29:05","guid":{"rendered":"https:\/\/catolicanet.net\/wp-cnet\/?p=83437"},"modified":"2023-08-24T11:29:05","modified_gmt":"2023-08-24T14:29:05","slug":"dia-do-catequista-comissao-para-a-animacao-biblico-catequetica-divulga-carta-e-propostas-de-roteiros-para-celebracao","status":"publish","type":"post","link":"https:\/\/catolicanet.net\/wp-cnet\/dia-do-catequista-comissao-para-a-animacao-biblico-catequetica-divulga-carta-e-propostas-de-roteiros-para-celebracao\/","title":{"rendered":"DIA DO CATEQUISTA: COMISS\u00c3O PARA A ANIMA\u00c7\u00c3O B\u00cdBLICO-CATEQU\u00c9TICA DIVULGA CARTA E PROPOSTAS DE ROTEIROS PARA CELEBRA\u00c7\u00c3O"},"content":{"rendered":"<p style=\"text-align: justify;\">A Comiss\u00e3o para a Anima\u00e7\u00e3o B\u00edblico-Catequ\u00e9tica da Confer\u00eancia Nacional dos Bispos do Brasil (CNBB) divulgou\u00a0<a href=\"https:\/\/www.cnbb.org.br\/wp-content\/uploads\/2023\/07\/2-ANIMACAO-BIBLICO-CATEQUETICA.pdf\">uma carta aos catequistas<\/a>, com o t\u00edtulo \u201cA alegria do encontro\u201d, por ocasi\u00e3o do dia dedicado a eles, 27 de agosto. A carta \u00e9 assinada por dom Leomar Ant\u00f4nio Brustolin, presidente da Comiss\u00e3o. Al\u00e9m disso, foram divulgadas tamb\u00e9m, nesta segunda-feira, 31 de julho, uma\u00a0<a href=\"https:\/\/www.cnbb.org.br\/wp-content\/uploads\/2023\/07\/2.Proposta-DIA-DO-CATEQUISTA-2023.-Celebracao-Eucaristica.pdf\">proposta de roteiro para a celebra\u00e7\u00e3o eucar\u00edstica com b\u00ean\u00e7\u00e3o dos catequistas<\/a>\u00a0e uma outra\u00a0<a href=\"https:\/\/www.cnbb.org.br\/wp-content\/uploads\/2023\/07\/1.Prposta-Dia-do-Catequista-2023-EM-GRUPOS.pdf\">proposta de roteiro para ser realizada no grupo de catequistas.<\/a><\/p>\n<p style=\"text-align: justify;\">Na carta, a Comiss\u00e3o cumprimenta os catequistas pela data festiva na qual comemora-se sua voca\u00e7\u00e3o. \u201cUma primeira palavra que lhe dedicamos \u00e9 gratid\u00e3o por tanto comprometimento a servi\u00e7o da transmiss\u00e3o da f\u00e9 a todos que lhe s\u00e3o entregues para essa inicia\u00e7\u00e3o. Sabemos muito bem dos desafios e preocupa\u00e7\u00f5es do caminho, por outro lado, conhecemos o incans\u00e1vel esfor\u00e7o que voc\u00ea realiza para responder generosamente \u00e0 miss\u00e3o que o Senhor lhe confiou de ser catequista em nosso Brasil\u201d.<\/p>\n<p style=\"text-align: justify;\">Igualmente, no texto da carta, a Comiss\u00e3o faz mem\u00f3ria agradecendo pelos 40 anos do caminho percorrido no pa\u00eds com a publica\u00e7\u00e3o do Documento Catequese Renovada. \u201cDesde ent\u00e3o, muito se tem crescido num processo catequ\u00e9tico de integra\u00e7\u00e3o entre f\u00e9 e vida, culto e miseric\u00f3rdia, verdade sobre Deus e verdade sobre a pessoa. Avancemos ainda mais nesse itiner\u00e1rio\u201d.<\/p>\n<p style=\"text-align: justify;\">No texto, a Comiss\u00e3o afirma que uma express\u00e3o deve ser refor\u00e7ada na catequese \u2013\u00a0 trata-se de \u201cencontro\u201d:<\/p>\n<blockquote><p>O n\u00facleo de toda evangeliza\u00e7\u00e3o consiste em favorecer um encontro vivo com o Senhor Jesus, de forma pessoal comunit\u00e1ria\u201d, diz um trecho.<\/p><\/blockquote>\n<p style=\"text-align: justify;\">Al\u00e9m disso, refor\u00e7a que para que a catequese fomente encontro com Jesus \u00e9 preciso convers\u00e3o do catequista e de toda a comunidade crist\u00e3, para passar de um estilo escolar para uma catequese de inspira\u00e7\u00e3o catecumenal.<\/p>\n<blockquote><p>\u201c(\u2026) o encontro n\u00e3o se realiza apenas por meio de conhecimentos cerebrais, mas numa rela\u00e7\u00e3o pessoal com Jesus Cristo, vivido em din\u00e2mica vocacional segundo a qual Deus chama, e o ser humano responde. Enfim, caro irm\u00e3o e irm\u00e3, permane\u00e7a firme na tarefa de colaborar para que a sua comunidade persevere no ensinamento dos ap\u00f3stolos (At 2,42)\u201d.<\/p><\/blockquote>\n<p>Clique (<a href=\"https:\/\/www.cnbb.org.br\/wp-content\/uploads\/2023\/07\/2-ANIMACAO-BIBLICO-CATEQUETICA.pdf\">aqui<\/a>) e acesse a carta na \u00edntegra.<\/p>\n<p>Clique (<a href=\"https:\/\/www.cnbb.org.br\/wp-content\/uploads\/2023\/07\/2.Proposta-DIA-DO-CATEQUISTA-2023.-Celebracao-Eucaristica.pdf\">aqui<\/a>) e acesse a proposta de roteiro para a celebra\u00e7\u00e3o eucar\u00edstica com b\u00ean\u00e7\u00e3o dos catequistas.<\/p>\n<p>Clique (<a href=\"https:\/\/www.cnbb.org.br\/wp-content\/uploads\/2023\/07\/1.Prposta-Dia-do-Catequista-2023-EM-GRUPOS.pdf\">aqui<\/a>) e acesse a proposta de roteiro para celebra\u00e7\u00e3o em grupos.<\/p>\n<p>&nbsp;<\/p>\n<pre>Foto de capa: Escola Maria Rainha<\/pre>\n","protected":false},"excerpt":{"rendered":"<p>A Comiss\u00e3o para a Anima\u00e7\u00e3o B\u00edblico-Catequ\u00e9tica da Confer\u00eancia Nacional dos Bispos do Brasil (CNBB) divulgou\u00a0uma carta aos catequistas, com o t\u00edtulo \u201cA alegria do encontro\u201d, por ocasi\u00e3o do dia dedicado a eles, 27 de agosto. A carta \u00e9 assinada por dom Leomar Ant\u00f4nio Brustolin, presidente da Comiss\u00e3o. Al\u00e9m disso, foram divulgadas tamb\u00e9m, nesta segunda-feira, 31 [&hellip;]<\/p>\n","protected":false},"author":1,"featured_media":83439,"comment_status":"open","ping_status":"closed","sticky":false,"template":"","format":"standard","meta":{"footnotes":""},"categories":[7],"tags":[],"class_list":["post-83437","post","type-post","status-publish","format-standard","has-post-thumbnail","hentry","category-cnbb"],"_links":{"self":[{"href":"https:\/\/catolicanet.net\/wp-cnet\/wp-json\/wp\/v2\/posts\/83437","targetHints":{"allow":["GET"]}}],"collection":[{"href":"https:\/\/catolicanet.net\/wp-cnet\/wp-json\/wp\/v2\/posts"}],"about":[{"href":"https:\/\/catolicanet.net\/wp-cnet\/wp-json\/wp\/v2\/types\/post"}],"author":[{"embeddable":true,"href":"https:\/\/catolicanet.net\/wp-cnet\/wp-json\/wp\/v2\/users\/1"}],"replies":[{"embeddable":true,"href":"https:\/\/catolicanet.net\/wp-cnet\/wp-json\/wp\/v2\/comments?post=83437"}],"version-history":[{"count":1,"href":"https:\/\/catolicanet.net\/wp-cnet\/wp-json\/wp\/v2\/posts\/83437\/revisions"}],"predecessor-version":[{"id":83440,"href":"https:\/\/catolicanet.net\/wp-cnet\/wp-json\/wp\/v2\/posts\/83437\/revisions\/83440"}],"wp:featuredmedia":[{"embeddable":true,"href":"https:\/\/catolicanet.net\/wp-cnet\/wp-json\/wp\/v2\/media\/83439"}],"wp:attachment":[{"href":"https:\/\/catolicanet.net\/wp-cnet\/wp-json\/wp\/v2\/media?parent=83437"}],"wp:term":[{"taxonomy":"category","embeddable":true,"href":"https:\/\/catolicanet.net\/wp-cnet\/wp-json\/wp\/v2\/categories?post=83437"},{"taxonomy":"post_tag","embeddable":true,"href":"https:\/\/catolicanet.net\/wp-cnet\/wp-json\/wp\/v2\/tags?post=83437"}],"curies":[{"name":"wp","href":"https:\/\/api.w.org\/{rel}","templated":true}]}}