{"id":83433,"date":"2023-08-24T11:26:40","date_gmt":"2023-08-24T14:26:40","guid":{"rendered":"https:\/\/catolicanet.net\/wp-cnet\/?p=83433"},"modified":"2023-08-24T11:26:40","modified_gmt":"2023-08-24T14:26:40","slug":"catequizar-e-fazer-ecoar-a-palavra-de-deus-afirma-dom-leomar-antonio-brustolin-em-homenagem-ao-dia-do-catequista","status":"publish","type":"post","link":"https:\/\/catolicanet.net\/wp-cnet\/catequizar-e-fazer-ecoar-a-palavra-de-deus-afirma-dom-leomar-antonio-brustolin-em-homenagem-ao-dia-do-catequista\/","title":{"rendered":"\u201cCATEQUIZAR \u00c9 FAZER ECOAR A PALAVRA DE DEUS\u201d, AFIRMA DOM LEOMAR ANT\u00d4NIO BRUSTOLIN, EM HOMENAGEM AO DIA DO CATEQUISTA"},"content":{"rendered":"<p style=\"text-align: justify;\">Por ocasi\u00e3o do Dia do Catequista, celebrado no dia 27 de agosto, \u00faltimo domingo do m\u00eas vocacional, o arcebispo de Santa Maria e presidente da Comiss\u00e3o para a Anima\u00e7\u00e3o B\u00edblico-Catequ\u00e9tica da Confer\u00eancia Nacional dos Bispos do Brasil (CNBB), dom Leomar Ant\u00f4nio Brustolin, dirigiu uma palavra de gratid\u00e3o e reconhecimento, por meio de um v\u00eddeo, a todos aqueles que se dedicam ao servi\u00e7o de transmiss\u00e3o da f\u00e9, sobretudo \u00e0s novas gera\u00e7\u00f5es.<\/p>\n<blockquote><p>\u201cCatequizar \u00e9 fazer ecoar a Palavra de Deus, por isso disc\u00edpulos s\u00e3o os catequistas. Primeiro, n\u00f3s acolhemos a Palavra para depois poder comunic\u00e1-la, explic\u00e1-la. Ser catequista \u00e9 explicar a Palavra, mas a forma mais eloquente para explicar essa Palavra \u00e9 o testemunho de vida. Se a Palavra convence, o testemunho arrasta\u201d.<\/p><\/blockquote>\n<p style=\"text-align: justify;\">Dom Leomar reconhece que a miss\u00e3o do catequista n\u00e3o \u00e9 f\u00e1cil,\u00a0mas \u00e9 uma miss\u00e3o muito feliz. \u201c\u00c9 uma miss\u00e3o feliz porque \u00e9 a miss\u00e3o de plantar, n\u00e3o \u00e9 de colher. \u00c9 colocar sementes que, talvez, n\u00e3o vejamos os frutos, mas eles v\u00e3o aparecer na hora certa\u201d, destaca.<\/p>\n<blockquote><p>\u201cQue voc\u00ea se sinta totalmente renovado. Espante qualquer cansa\u00e7o, qualquer preocupa\u00e7\u00e3o porque se Deus est\u00e1 conosco, se \u00e9 ele o dono da Messe, se ele \u00e9 o divino semeador, certamente, n\u00f3s podemos trabalhar com serenidade e paz\u201d.<\/p><\/blockquote>\n<p style=\"text-align: justify;\">O arcebispo convoca os catequistas a celebrar o dia com uma grande a\u00e7\u00e3o de gra\u00e7as, relembrando o chamado do Ano Vocacional, para que se sintam renovados e digam mais uma vez \u201csim\u201d ao Senhor. \u201cFoi Ele quem lhe chamou por v\u00e1rias media\u00e7\u00f5es e oportunidades para entrar nesse caminho\u201d.<\/p>\n<blockquote><p>\u201cQue Deus lhe aben\u00e7oe e afaste todos os males e perigos de sua vida. E lhe confirme sua miss\u00e3o e te conceda muita sa\u00fade e muita paz. Feliz do catequista!\u201d, exorta dom Leomar.<\/p><\/blockquote>\n<div class=\"ast-oembed-container\"><iframe loading=\"lazy\" title=\"Dom Leomar Brustolin envia mensagem por ocasi\u00e3o do Dia do Catequista\" src=\"https:\/\/www.youtube.com\/embed\/tGCKdc89o3U?feature=oembed\" width=\"1200\" height=\"675\" frameborder=\"0\" allowfullscreen=\"allowfullscreen\" data-mce-fragment=\"1\"><\/iframe><\/div>\n<h3><strong>Saiba mais<\/strong><\/h3>\n<p><strong><a href=\"https:\/\/www.cnbb.org.br\/dia-do-catequista-comissao-para-a-animacao-biblico-catequetica-divulga-carta-e-propostas-de-roteiros-para-celebracao\/\">Comiss\u00e3o divulga carta e propostas de roteiros para o Dia do Catequista\u00a0<\/a><\/strong><\/p>\n","protected":false},"excerpt":{"rendered":"<p>Por ocasi\u00e3o do Dia do Catequista, celebrado no dia 27 de agosto, \u00faltimo domingo do m\u00eas vocacional, o arcebispo de Santa Maria e presidente da Comiss\u00e3o para a Anima\u00e7\u00e3o B\u00edblico-Catequ\u00e9tica da Confer\u00eancia Nacional dos Bispos do Brasil (CNBB), dom Leomar Ant\u00f4nio Brustolin, dirigiu uma palavra de gratid\u00e3o e reconhecimento, por meio de um v\u00eddeo, a [&hellip;]<\/p>\n","protected":false},"author":1,"featured_media":83434,"comment_status":"open","ping_status":"closed","sticky":false,"template":"","format":"standard","meta":{"footnotes":""},"categories":[7,13],"tags":[],"class_list":["post-83433","post","type-post","status-publish","format-standard","has-post-thumbnail","hentry","category-cnbb","category-featured"],"_links":{"self":[{"href":"https:\/\/catolicanet.net\/wp-cnet\/wp-json\/wp\/v2\/posts\/83433","targetHints":{"allow":["GET"]}}],"collection":[{"href":"https:\/\/catolicanet.net\/wp-cnet\/wp-json\/wp\/v2\/posts"}],"about":[{"href":"https:\/\/catolicanet.net\/wp-cnet\/wp-json\/wp\/v2\/types\/post"}],"author":[{"embeddable":true,"href":"https:\/\/catolicanet.net\/wp-cnet\/wp-json\/wp\/v2\/users\/1"}],"replies":[{"embeddable":true,"href":"https:\/\/catolicanet.net\/wp-cnet\/wp-json\/wp\/v2\/comments?post=83433"}],"version-history":[{"count":1,"href":"https:\/\/catolicanet.net\/wp-cnet\/wp-json\/wp\/v2\/posts\/83433\/revisions"}],"predecessor-version":[{"id":83435,"href":"https:\/\/catolicanet.net\/wp-cnet\/wp-json\/wp\/v2\/posts\/83433\/revisions\/83435"}],"wp:featuredmedia":[{"embeddable":true,"href":"https:\/\/catolicanet.net\/wp-cnet\/wp-json\/wp\/v2\/media\/83434"}],"wp:attachment":[{"href":"https:\/\/catolicanet.net\/wp-cnet\/wp-json\/wp\/v2\/media?parent=83433"}],"wp:term":[{"taxonomy":"category","embeddable":true,"href":"https:\/\/catolicanet.net\/wp-cnet\/wp-json\/wp\/v2\/categories?post=83433"},{"taxonomy":"post_tag","embeddable":true,"href":"https:\/\/catolicanet.net\/wp-cnet\/wp-json\/wp\/v2\/tags?post=83433"}],"curies":[{"name":"wp","href":"https:\/\/api.w.org\/{rel}","templated":true}]}}