{"id":83429,"date":"2023-08-24T11:23:13","date_gmt":"2023-08-24T14:23:13","guid":{"rendered":"https:\/\/catolicanet.net\/wp-cnet\/?p=83429"},"modified":"2023-08-24T11:23:13","modified_gmt":"2023-08-24T14:23:13","slug":"governo-da-nicaragua-declara-a-ordem-dos-jesuitas-ilegal-no-pais-e-confisca-bens","status":"publish","type":"post","link":"https:\/\/catolicanet.net\/wp-cnet\/governo-da-nicaragua-declara-a-ordem-dos-jesuitas-ilegal-no-pais-e-confisca-bens\/","title":{"rendered":"Governo da Nicar\u00e1gua declara a ordem dos jesu\u00edtas ilegal no pa\u00eds e confisca bens"},"content":{"rendered":"<figure class=\"article__image\"><span class=\"didascalia_img\">Nicar\u00e1gua\u00a0 (AFP or licensors)<\/span><\/figure>\n<div class=\"article__meta audioInside\" data-mediatype=\"\">\n<div class=\"article__subTitle\" style=\"text-align: justify;\">O governo da Nicar\u00e1gua declarou nesta quarta-feira, 23 de agosto que a ordem religiosa dos jesu\u00edtas \u00e9 ilegal e ordenou o confisco de todas as suas propriedades.. Comunicado da Prov\u00edncia Centro-Americana da Companhia de Jesus.<\/div>\n<div class=\"title__separator\" style=\"text-align: justify;\"><\/div>\n<div class=\"article__text\">\n<p style=\"text-align: justify;\"><b>Vatican News<\/b><\/p>\n<p style=\"text-align: justify;\">A medida foi tomada uma semana depois que o governo do presidente Daniel Ortega confiscou a Universidade da Am\u00e9rica Central, administrada pelos jesu\u00edtas na Nicar\u00e1gua, argumentando que ela era um &#8220;centro de terrorismo&#8221;.<\/p>\n<p style=\"text-align: justify;\">A ordem de confisco publicada nesta quarta-feira alega que a ordem dos jesu\u00edtas n\u00e3o havia cumprido com a declara\u00e7\u00e3o de impostos.<\/p>\n<div style=\"text-align: justify;\">\n<div class=\"article__embed article__embed--unwrap article__embed--dark\">\n<div class=\"article__innerTitle\">Ou\u00e7a e compartilhe<\/div>\n<div><\/div>\n<\/div>\n<\/div>\n<p style=\"text-align: justify;\">Foi a \u00faltima de uma s\u00e9rie de a\u00e7\u00f5es cada vez mais autorit\u00e1rias do governo nicaraguense contra a Igreja Cat\u00f3lica e figuras da oposi\u00e7\u00e3o. A ordem dos jesu\u00edtas condenou essas \u00faltimas medidas.<\/p>\n<p style=\"text-align: justify;\">Em um comunicado a Prov\u00edncia Centro-Americana da Companhia de Jesus, fala de agress\u00e3o injustificada e cont\u00ednua, em um contexto de total indefensabilidade e aterroriza\u00e7\u00e3o da popula\u00e7\u00e3o nicaraguense.<\/p>\n<p style=\"text-align: justify;\">O Estado da Nicar\u00e1gua, &#8211; l\u00ea-se no comunicado &#8211; atrav\u00e9s do Minist\u00e9rio do Interior, por meio do Acordo Ministerial N.105-2023, publicado nesta quarta-feira, cancelou o status legal da Associa\u00e7\u00e3o da Companhia de Jesus na Nicar\u00e1gua e estabeleceu que a Procuradoria Geral da Rep\u00fablica transferia ao Estado os bens im\u00f3veis e m\u00f3veis da mesma.<\/p>\n<p style=\"text-align: justify;\">Segundo o comunicado a decis\u00e3o foi tomada sem qualquer registro dos procedimentos administrativos estabelecidos por lei. Como aconteceu na maioria dos mais de tr\u00eas mil casos semelhantes de cancelamento de personalidade jur\u00eddica realizados pelo regime desde 2018, esse acordo foi realizado sem dar aos jesu\u00edtas uma oportunidade de leg\u00edtima defesa e sem uma inst\u00e2ncia judicial imparcial para julgar e interromper esses abusos de autoridade totalmente injustificados e arbitr\u00e1rios.<\/p>\n<p style=\"text-align: justify;\">Antes da publica\u00e7\u00e3o do Acordo Ministerial N.105-2023, o governo j\u00e1 havia retirado um dos bens da Associa\u00e7\u00e3o Companhia de Jesus da Nicar\u00e1gua: a resid\u00eancia onde alguns de seus membros moravam em Man\u00e1gua. Nessa ocasi\u00e3o, al\u00e9m da ocupa\u00e7\u00e3o da propriedade, os habitantes foram despejados sem lhes dar tempo razo\u00e1vel para recolher e retirar seus pertences pessoais.<\/p>\n<p style=\"text-align: justify;\">A Prov\u00edncia Centro-Americana da Companhia de Jesus, condena essa nova agress\u00e3o contra os jesu\u00edtas da Nicar\u00e1gua. Considera que ela faz parte de um contexto nacional de repress\u00e3o sistem\u00e1tica qualificada como &#8220;crimes contra a humanidade&#8221; pelo grupo de especialistas em direitos humanos sobre a Nicar\u00e1gua formado pelas Na\u00e7\u00f5es Unidas.<\/p>\n<p style=\"text-align: justify;\">Confirma que tudo isso tem como objetivo o pleno estabelecimento de um regime totalit\u00e1rio.<\/p>\n<p style=\"text-align: justify;\">O presidente e a vice-presidente da Nicar\u00e1gua s\u00e3o respons\u00e1veis por, no m\u00ednimo, impedir a exist\u00eancia de condi\u00e7\u00f5es de independ\u00eancia e neutralidade do poder judici\u00e1rio que lhe permita tomar medidas para impedi-los, revert\u00ea-los e sancion\u00e1-los.<\/p>\n<p style=\"text-align: justify;\">A Prov\u00edncia Centro-Americana da Companhia de Jesus pede ao casal presidencial:<\/p>\n<p style=\"text-align: justify;\">cesse a repress\u00e3o;<\/p>\n<p style=\"text-align: justify;\">aceitem a busca de uma solu\u00e7\u00e3o racional na qual prevale\u00e7am a verdade, a justi\u00e7a, o di\u00e1logo, o respeito aos direitos humanos e o Estado de Direito;<\/p>\n<p style=\"text-align: justify;\">respeitem a liberdade e a total integridade dos jesu\u00edtas e das pessoas que colaboram com eles ou com quem eles colaboram;<\/p>\n<p style=\"text-align: justify;\">une-se \u00e0s milhares de v\u00edtimas nicaraguenses que aguardam e esperam justi\u00e7a e repara\u00e7\u00e3o pelos danos que o atual governo da Nicar\u00e1gua est\u00e1 causando;<\/p>\n<p style=\"text-align: justify;\">e enfim, agradece os in\u00fameros sinais de reconhecimento, apoio e solidariedade que t\u00eam recebido diante desses crescentes ultrajes.<\/p>\n<\/div>\n<\/div>\n","protected":false},"excerpt":{"rendered":"<p>Nicar\u00e1gua\u00a0 (AFP or licensors) O governo da Nicar\u00e1gua declarou nesta quarta-feira, 23 de agosto que a ordem religiosa dos jesu\u00edtas \u00e9 ilegal e ordenou o confisco de todas as suas propriedades.. Comunicado da Prov\u00edncia Centro-Americana da Companhia de Jesus. Vatican News A medida foi tomada uma semana depois que o governo do presidente Daniel Ortega [&hellip;]<\/p>\n","protected":false},"author":1,"featured_media":83430,"comment_status":"open","ping_status":"closed","sticky":false,"template":"","format":"standard","meta":{"footnotes":""},"categories":[3],"tags":[],"class_list":["post-83429","post","type-post","status-publish","format-standard","has-post-thumbnail","hentry","category-vaticano"],"_links":{"self":[{"href":"https:\/\/catolicanet.net\/wp-cnet\/wp-json\/wp\/v2\/posts\/83429","targetHints":{"allow":["GET"]}}],"collection":[{"href":"https:\/\/catolicanet.net\/wp-cnet\/wp-json\/wp\/v2\/posts"}],"about":[{"href":"https:\/\/catolicanet.net\/wp-cnet\/wp-json\/wp\/v2\/types\/post"}],"author":[{"embeddable":true,"href":"https:\/\/catolicanet.net\/wp-cnet\/wp-json\/wp\/v2\/users\/1"}],"replies":[{"embeddable":true,"href":"https:\/\/catolicanet.net\/wp-cnet\/wp-json\/wp\/v2\/comments?post=83429"}],"version-history":[{"count":1,"href":"https:\/\/catolicanet.net\/wp-cnet\/wp-json\/wp\/v2\/posts\/83429\/revisions"}],"predecessor-version":[{"id":83431,"href":"https:\/\/catolicanet.net\/wp-cnet\/wp-json\/wp\/v2\/posts\/83429\/revisions\/83431"}],"wp:featuredmedia":[{"embeddable":true,"href":"https:\/\/catolicanet.net\/wp-cnet\/wp-json\/wp\/v2\/media\/83430"}],"wp:attachment":[{"href":"https:\/\/catolicanet.net\/wp-cnet\/wp-json\/wp\/v2\/media?parent=83429"}],"wp:term":[{"taxonomy":"category","embeddable":true,"href":"https:\/\/catolicanet.net\/wp-cnet\/wp-json\/wp\/v2\/categories?post=83429"},{"taxonomy":"post_tag","embeddable":true,"href":"https:\/\/catolicanet.net\/wp-cnet\/wp-json\/wp\/v2\/tags?post=83429"}],"curies":[{"name":"wp","href":"https:\/\/api.w.org\/{rel}","templated":true}]}}