{"id":83411,"date":"2023-08-27T09:48:17","date_gmt":"2023-08-27T12:48:17","guid":{"rendered":"https:\/\/catolicanet.net\/wp-cnet\/?p=83411"},"modified":"2023-08-24T10:50:08","modified_gmt":"2023-08-24T13:50:08","slug":"catequistas-e-ministerios-e-servicos-nas-comunidades","status":"publish","type":"post","link":"https:\/\/catolicanet.net\/wp-cnet\/catequistas-e-ministerios-e-servicos-nas-comunidades\/","title":{"rendered":"Catequistas e Minist\u00e9rios e servi\u00e7os nas Comunidades"},"content":{"rendered":"<p style=\"text-align: justify;\">Dentro da perspectiva do m\u00eas vocacional, no \u00faltimo domingo de agosto, a Igreja apresenta a voca\u00e7\u00e3o dos catequistas e no quarto domingo \u00a0a voca\u00e7\u00e3o dos diversos minist\u00e9rios e servi\u00e7o na igreja que geralmente os leigos assumem na comunidade. Queremos nesse domingo elevar a Deus uma prece de gratid\u00e3o a todos os catequistas, pois anunciam de forma volunt\u00e1ria a Palavra de Deus na comunidade. Os catequistas s\u00e3o o bra\u00e7o direito do padre nas comunidades, pois est\u00e3o onde o sacerdote n\u00e3o pode estar.<\/p>\n<p style=\"text-align: justify;\">O primeiro catequista da comunidade \u00e9 o p\u00e1roco, mas devido \u00e0s diversas fun\u00e7\u00f5es, o presb\u00edtero n\u00e3o pode estar nas turmas de catequese, por isso, o sacerdote delega aos catequistas para anunciar Jesus Cristo \u00e0s crian\u00e7as, adolescentes e jovens. Por isso, para ser catequista, tem que ter ci\u00eancia daquilo que est\u00e1 assumindo, ser catequista \u00e9 coisa s\u00e9ria e de muita responsabilidade, pois o catequista n\u00e3o fala em nome dele pr\u00f3prio, mas fala em nome da Igreja.<\/p>\n<p style=\"text-align: justify;\">O catequista assume o minist\u00e9rio como uma voca\u00e7\u00e3o, ou seja, n\u00e3o \u00e9 remunerado para isso. Al\u00e9m disso, o catequista n\u00e3o deve se sentir melhor do que os outros por ter o minist\u00e9rio de catequista, mas deve exercer o seu minist\u00e9rio com muita humildade, at\u00e9 porque tudo nessa vida \u00e9 passageiro, ningu\u00e9m \u00e9 catequista para sempre, aquele que \u00e9 hoje, pode n\u00e3o ser mais amanh\u00e3, e aquele que n\u00e3o \u00e9 hoje, pode ser amanh\u00e3.<\/p>\n<p style=\"text-align: justify;\">Todo batizado \u00e9 chamado por Deus a uma voca\u00e7\u00e3o, a assumir algum minist\u00e9rio ou servi\u00e7o dentro da comunidade. Cabe ao batizado ouvir esse chamado de Deus e responder com o sim. Por meio da vida de ora\u00e7\u00e3o, o batizado descobre a qual voca\u00e7\u00e3o ou servi\u00e7o que Deus lhe chama. Fazemos parte da Igreja de Cristo, somos os membros dessa Igreja que tem Cristo como cabe\u00e7a, todo o nosso servi\u00e7o \u00e9 para Ele a favor dos outros.<\/p>\n<p style=\"text-align: justify;\">O dia do leigo \u00e9 celebrado no dia da festa de Cristo Rei, em novembro, mas durante o m\u00eas vocacional, recordamos em especial a voca\u00e7\u00e3o que cada leigo \u00e9 chamado a abra\u00e7ar a partir de seu batismo, em especial a voca\u00e7\u00e3o de catequista. O catequista \u00e9 muito importante na comunidade, conforme j\u00e1 dissemos, pois acompanha a vida de f\u00e9 das pessoas desde a inf\u00e2ncia, com a catequese de batismo, depois com a pr\u00e9-catequese, catequese infantil, crisma e, ainda, a catequese de adultos. O catequista \u00e9 aquela pessoa que deve ser sempre lembrada, pois tem um papel muito importante, anuncia a pessoa de Jesus Cristo para aquele vai ser introduzido na f\u00e9.<\/p>\n<p style=\"text-align: justify;\">O Diret\u00f3rio para a Catequese afirma que a voca\u00e7\u00e3o do catequista de anunciar o Evangelho n\u00e3o pertence somente a ele em si, mas a toda comunidade, em virtude do batismo recebido, que os associa ao sacerd\u00f3cio ministerial de Cristo. Mas Deus chama alguns de uma maneira especial a cooperar com o an\u00fancio do Evangelho, de uma maneira espec\u00edfica, com um maior comprometimento dentro de nossas comunidades. Os catequistas, al\u00e9m colaborarem com o padre e com a comunidade local, cooperam tamb\u00e9m com os bispos, sucessores dos ap\u00f3stolos, inclusive, recebem do bispo o minist\u00e9rio para exercer a catequese.<\/p>\n<p style=\"text-align: justify;\">O Diret\u00f3rio afirma ainda que os catequistas podem tamb\u00e9m ser pessoas ordenadas, religiosos ou leigos. Ser catequista como j\u00e1 dissemos \u00e9 fruto de um chamado divino, que acolhido com f\u00e9, o habilita para transmitir a f\u00e9. O catequista que \u00e9 fiel ao chamado que Deus lhe faz, se torna instrumento de Cristo para a comunidade, levando-os a plena comunh\u00e3o com Deus e com a comunidade.<\/p>\n<p style=\"text-align: justify;\">Dessa forma, afirma o diret\u00f3rio, o catequista deve estar sempre em uni\u00e3o com os sacerdotes e bispos, que s\u00e3o os primeiros respons\u00e1veis pela catequese e pelo minist\u00e9rio da Palavra. O catequista \u00e9 um colaborador na comunidade crist\u00e3, e apesar de ser um minist\u00e9rio t\u00e3o essencial, muitas vezes, faltam pessoas para assumirem tal miss\u00e3o. Por isso, rezemos ao Senhor da messe para que envie oper\u00e1rios para a messe e muitos leigos possam dizer o sim a Deus.<\/p>\n<p style=\"text-align: justify;\">Devemos dar oportunidade \u00e0s pessoas que queiram assumir o minist\u00e9rio de catequista. A comunidade deve acolher aqueles que chegam para somar. A comunidade deve viver a plena comunh\u00e3o. Nunca podemos dizer que o \u201cgrupo\u201d daquela pastoral est\u00e1 fechado, mas sempre deve estar aberto para acolher novos membros. Qualquer pessoa, pode ser catequista mediante a prepara\u00e7\u00e3o que existe em cada par\u00f3quia, e agora, com o minist\u00e9rio institu\u00eddo com as v\u00e1rias possibilidades de forma\u00e7\u00e3o. Ao passar do tempo, essa pessoa deve buscar se formar mais, mas, no in\u00edcio vai acompanhando outros catequistas e se formando pouco a pouco.<\/p>\n<p style=\"text-align: justify;\">No domingo dedicado aos catequistas, seria importante, al\u00e9m da homenagem que possa ser feita ao final das missas, renovar o compromisso assumido no in\u00edcio do minist\u00e9rio e o padre os enviar novamente para a miss\u00e3o. O agradecimento deve ser feito em forma de ora\u00e7\u00e3o, pedindo a Deus para que eles continuem ensinando com amor e entusiasmo as verdades da f\u00e9.<\/p>\n<p style=\"text-align: justify;\">\u00a0Meus irm\u00e3os e irm\u00e3s, nesse domingo, lembre-se de seu catequista, daquele que o introduziu na f\u00e9. Se o seu catequista ainda \u00e9 vivo e ainda tem o contato dele, envie uma mensagem ou fa\u00e7a um telefonema, caso j\u00e1 tenha falecido ou n\u00e3o tenha mais o contato dele, eleve a Deus uma prece por ele.<\/p>\n<p style=\"text-align: justify;\">Fa\u00e7amos de nossas comunidades, igrejas vivas e que possam ter pessoas dispostas, alegres e felizes para transmitir os sacramentos a quem precisa.<\/p>\n<p style=\"text-align: justify;\">Rezemos nesse domingo por todos os minist\u00e9rios e servi\u00e7os de nossas comunidades e, em especial, por todos os catequistas. Que por meio do belo trabalho dos catequistas, a Igreja possa sempre se renovar e receber novos fi\u00e9is. Que o Esp\u00edrito Santo ilumine a todos e derrame o seu amor em toda a Igreja. Am\u00e9m.<\/p>\n","protected":false},"excerpt":{"rendered":"<p>Dentro da perspectiva do m\u00eas vocacional, no \u00faltimo domingo de agosto, a Igreja apresenta a voca\u00e7\u00e3o dos catequistas e no quarto domingo \u00a0a voca\u00e7\u00e3o dos diversos minist\u00e9rios e servi\u00e7o na igreja que geralmente os leigos assumem na comunidade. Queremos nesse domingo elevar a Deus uma prece de gratid\u00e3o a todos os catequistas, pois anunciam de [&hellip;]<\/p>\n","protected":false},"author":5,"featured_media":55819,"comment_status":"open","ping_status":"closed","sticky":false,"template":"","format":"standard","meta":{"footnotes":""},"categories":[9],"tags":[],"class_list":["post-83411","post","type-post","status-publish","format-standard","has-post-thumbnail","hentry","category-artigos"],"_links":{"self":[{"href":"https:\/\/catolicanet.net\/wp-cnet\/wp-json\/wp\/v2\/posts\/83411","targetHints":{"allow":["GET"]}}],"collection":[{"href":"https:\/\/catolicanet.net\/wp-cnet\/wp-json\/wp\/v2\/posts"}],"about":[{"href":"https:\/\/catolicanet.net\/wp-cnet\/wp-json\/wp\/v2\/types\/post"}],"author":[{"embeddable":true,"href":"https:\/\/catolicanet.net\/wp-cnet\/wp-json\/wp\/v2\/users\/5"}],"replies":[{"embeddable":true,"href":"https:\/\/catolicanet.net\/wp-cnet\/wp-json\/wp\/v2\/comments?post=83411"}],"version-history":[{"count":1,"href":"https:\/\/catolicanet.net\/wp-cnet\/wp-json\/wp\/v2\/posts\/83411\/revisions"}],"predecessor-version":[{"id":83412,"href":"https:\/\/catolicanet.net\/wp-cnet\/wp-json\/wp\/v2\/posts\/83411\/revisions\/83412"}],"wp:featuredmedia":[{"embeddable":true,"href":"https:\/\/catolicanet.net\/wp-cnet\/wp-json\/wp\/v2\/media\/55819"}],"wp:attachment":[{"href":"https:\/\/catolicanet.net\/wp-cnet\/wp-json\/wp\/v2\/media?parent=83411"}],"wp:term":[{"taxonomy":"category","embeddable":true,"href":"https:\/\/catolicanet.net\/wp-cnet\/wp-json\/wp\/v2\/categories?post=83411"},{"taxonomy":"post_tag","embeddable":true,"href":"https:\/\/catolicanet.net\/wp-cnet\/wp-json\/wp\/v2\/tags?post=83411"}],"curies":[{"name":"wp","href":"https:\/\/api.w.org\/{rel}","templated":true}]}}